{"id":149127,"date":"2024-03-04T09:10:48","date_gmt":"2024-03-04T08:10:48","guid":{"rendered":"https:\/\/lavozdehellin.com\/noticias\/?p=149127"},"modified":"2024-03-11T09:48:44","modified_gmt":"2024-03-11T08:48:44","slug":"v08-387-alberto-gonzalez-e-isabel-rodriguez-campeones-del-x-duatlon-de-almansa","status":"publish","type":"post","link":"https:\/\/lavozdehellin.com\/noticias\/v08-387-alberto-gonzalez-e-isabel-rodriguez-campeones-del-x-duatlon-de-almansa\/","title":{"rendered":"LVH NOTICIAS | ALBERTO GONZ\u00c1LEZ E ISABEL RODR\u00cdGUEZ, CAMPEONES DEL X DUATL\u00d3N DE ALMANSA"},"content":{"rendered":"<p style=\"text-align: justify;\">II Circuito Du-Tri Diputaci\u00f3n<\/p>\n<p><!--more--><br \/>\n<!--publicidad-voz01--><a href=\"https:\/\/www.facebook.com\/SoloRadioHellin\/?locale=es_ES\"><img decoding=\"async\" class=\"alignnone size-medium\" src=\"https:\/\/blogger.googleusercontent.com\/img\/b\/R29vZ2xl\/AVvXsEiNncirNnyGedv00mhjZjh5Wl4_YPdJGanoAl8tL8zH-HwqE8uHqjEfSt340RHdx-9tuCSIkZ8rFamZiGyYlgDGxCsmXjCH_1xk5eYM3ntFZRvJP_jndOKR7w1UAo9Tu0vrZyOLfqRpHIxYI5SymJJ-pfGCQw6QVpggBH-UgfjiFQ2JOxqxG0Jx94kW83c\/s1600\/logo-principal.jpg\" width=\"100%\" height=\"100\" \/><\/a><!--bestpublic-voz01--><!--desk-in-out-voz01--><br \/>\n<!--publicidad-voz02--><a href=\"https:\/\/www.hellincf.com\/\"><img decoding=\"async\" class=\"alignnone size-medium\" src=\"https:\/\/blogger.googleusercontent.com\/img\/b\/R29vZ2xl\/AVvXsEhuZ4-XfBVj3UtdP8-RZugy3WVrg-Zv28c53m4oV47qYCxL1rX_dqWX_YddsGSnpH5SRDqZ7bZeKPIfDVCDncpjVlhy3aQs2vojcJBn7Gdv9hC2_Nzct_pRFrnFE1a7KTCdY1bT_kAgnY3-iadRZrGeJf1fR2P5fu11bokx0pWjaypoy-ctwCjklldpEbA\/s1600\/logo-principal7.jpg\" width=\"100%\" height=\"100\" \/><\/a><!--bestpublic-voz02--><!--desk-in-out-voz02--><\/p>\n<p style=\"text-align: justify;\">Alberto Gonz\u00e1lez e Isabel Rodr\u00edguez, campeones del X Duatl\u00f3n de Almansa<\/p>\n<p style=\"text-align: justify;\">El fr\u00edo y el fuerte viento toman protagonismo en la tercera cita del II Circuito Du-Tri organizado por la Diputaci\u00f3n de Albacete<\/p>\n<p style=\"text-align: justify;\">Almansa acogi\u00f3 la tercera prueba del II Circuito Du-Tri Diputaci\u00f3n de Albacete, organizado gracias a la colaboraci\u00f3n de la Federaci\u00f3n de Triatl\u00f3n de Castilla-La Mancha y a la Asociaci\u00f3n de Clubes de Triatl\u00f3n de la Provincia de Albacete. Alberto Gonz\u00e1lez Gil (Bicis Pina-Aetronics-Monteverde-Tritoledo) e Isabel Rodr\u00edguez Pretel (Club Triatl\u00f3n Albacete Res) fueron los ganadores de la tercera de las ocho pruebas que componen este Circuito Du-Tri.<\/p>\n<p style=\"text-align: justify;\">Un total de 106 duatletas completaron el X Duatl\u00f3n de Almansa, desafiando al fr\u00edo y al fort\u00edsimo viento que sopl\u00f3 durante toda la ma\u00f1ana. Una climatolog\u00eda adversa a la que supieron sobreponerse los participantes, que afrontaron un segmento de 5 kil\u00f3metros de carrera a pie, otro segmento de 20 kil\u00f3metros en bicicleta y un \u00faltimo segmento de 2\u20195 kil\u00f3metros de carrera a pie.<\/p>\n<p style=\"text-align: justify;\">El primer segmento de carrera a pie estuvo marcado por la igualdad entre Alberto Gonz\u00e1lez y Adri\u00e1n Pedro Abell\u00e1n, quienes llegaron a la primera transici\u00f3n a la par y con casi veinte segundos de ventaja sobre el tercero. En el tramo de bicicleta se apret\u00f3 la lucha por la victoria, ya que nuevos corredores su sumaron a la cabeza de carrera. As\u00ed las cosas, los dos kil\u00f3metros y medio de carrera a pie decidieron el triunfo en Almansa.<\/p>\n<p style=\"text-align: justify;\">Alberto Gonz\u00e1lez Gil sum\u00f3 su primera victoria en este Circuito Du-Tri al aventajar en tan solo seis segundos a Adri\u00e1n Pedro Abell\u00e1n, mientras que el tercer puesto fue para Jes\u00fas Narro Mi\u00f1ano, que la semana pasada venci\u00f3 en Albacete. Rafael Madrid y Juan Ram\u00f3n S\u00e1nchez fueron cuarto y quinto, respectivamente, cerrando as\u00ed el Top 5 en Almansa.<\/p>\n<p style=\"text-align: justify;\">En la categor\u00eda femenina mand\u00f3 Isabel Rodr\u00edguez Petrel, que lleg\u00f3 a meta con una amplia ventaja de tres minutos sobre la segunda clasificada. Esta es la segunda victoria de Isabel Rodr\u00edguez este a\u00f1o, ya que venci\u00f3 en la prueba inaugural en San Pedro. La segunda posici\u00f3n fue para Eva Mira Valiente, mientras que la tercera clasificada fue Laura Villar Palacios, completando as\u00ed el triplete en el p\u00f3dium de las representantes del Club Triatl\u00f3n Albacete Res. Roc\u00edo Garc\u00eda y Ester Mart\u00ednez cerraron las cinco primeras posiciones.<\/p>\n<p style=\"text-align: justify;\">En la prueba de Relevos por pareja, David Mira Valiente y Ventsislavov Ivan Galin fueron los campeones en la categor\u00eda masculina; Mar\u00eda Bautista Rubio y Marta Asensio Vinade ganaron en la categor\u00eda femenina; y Sandra Giner Hern\u00e1ndez y Rafael Sancho Mora vencieron en la categor\u00eda mixta.<\/p>\n<p style=\"text-align: justify;\">Clasificaci\u00f3n por equipos<\/p>\n<p style=\"text-align: justify;\">En la clasificaci\u00f3n general por equipos, con los tres mejores tiempos de cada duatleta, el Club Triatl\u00f3n Albacete Res se hizo con la primera posici\u00f3n, gracias a los resultados de Adri\u00e1n Pedro Abell\u00e1n, Jes\u00fas Narro y Rafael Madrid. La segunda posici\u00f3n fue para el EQTR \u2013 Rodacal Beyem con los puntos de Javier Cerrillo, Pedro Jes\u00fas Marqu\u00e9s y Rafael Bautista. El tercer equipo clasificado, con los tiempos de Manuel Cuartero, \u00d3scar S\u00e1nchez y Juan Carlos Bleda, fue el C.D. Triatl\u00f3n Hell\u00edn.<\/p>\n<p style=\"text-align: justify;\">La clasificaci\u00f3n femenina tambi\u00e9n fue para el Club Triatl\u00f3n Albacete Res, con los tiempos de Isabel Rodr\u00edguez, Eva Mira y Laura Villar. El C.D. Triatl\u00f3n Hell\u00edn ocup\u00f3 la segunda posici\u00f3n gracias a los tiempos de Ver\u00f3nica L\u00f3pez, Alejandra Roc\u00edo Mart\u00ednez y \u00c1gueda Rold\u00e1n. El tercer equipo clasificado fue el Club Triatl\u00f3n Almansa, con Ester Mart\u00ednez, Marta Soriano y Ana Bel\u00e9n Romero.<\/p>\n<p style=\"text-align: justify;\">Pr\u00f3xima cita en Hell\u00edn<\/p>\n<p style=\"text-align: justify;\">La cuarta cita del II Circuito Du-Tri Diputaci\u00f3n de Albacete se celebrar\u00e1 el 16 de marzo en Hell\u00edn, con el IV Duatl\u00f3n Sprint Ciudad de Hell\u00edn. Las inscripciones est\u00e1n abiertas a trav\u00e9s de la p\u00e1gina web de la Federaci\u00f3n de Triatl\u00f3n de Castilla-La Mancha.<\/p>\n<p style=\"text-align: justify;\">CLASIFICACIONES DUATL\u00d3N DE ALMANSA<\/p>\n<p style=\"text-align: justify;\">&#8211; HOMBRES &#8211;<\/p>\n<p style=\"text-align: justify;\">Nombre Club Tiempo<\/p>\n<p style=\"text-align: justify;\">1\u00ba.- Alberto Gonz\u00e1lez Gil Bicis Pina-Aetronics 1:01:29<\/p>\n<p style=\"text-align: justify;\">2\u00ba.- Adri\u00e1n Pedro Abell\u00e1n Picazo Club Triatl\u00f3n Albacete Res 1:01:35<\/p>\n<p style=\"text-align: justify;\">3\u00ba.- Jes\u00fas Narro Mi\u00f1ano Club Triatl\u00f3n Albacete Res 1:01:57<\/p>\n<p style=\"text-align: justify;\">4\u00ba.- Rafael Madrid Almena Club Triatl\u00f3n Albacete Res 1:02:08<\/p>\n<p style=\"text-align: justify;\">5\u00ba.- Juan Ram\u00f3n S\u00e1nchez Mora Club Triatl\u00f3n Albacete Res 1:02:31<\/p>\n<p style=\"text-align: justify;\">&#8211; MUJERES &#8211;<\/p>\n<p style=\"text-align: justify;\">Nombre Club Tiempo<\/p>\n<p style=\"text-align: justify;\">1\u00aa.- Isabel Rodr\u00edguez Pretel Club Triatl\u00f3n Albacete Res 1:13:06<\/p>\n<p style=\"text-align: justify;\">2\u00aa.- Eva Mira Valiente Club Triatl\u00f3n Albacete Res 1:16:07<\/p>\n<p style=\"text-align: justify;\">3\u00aa.- Laura Villar Palacios Club Triatl\u00f3n Albacete Res 1:16:21<\/p>\n<p style=\"text-align: justify;\">4\u00aa.- Roc\u00edo Garc\u00eda Mart\u00ednez Club Triatl\u00f3n Las Rozas 1:17:42<\/p>\n<p style=\"text-align: justify;\">5\u00aa.- Ester Mart\u00ednez Garc\u00eda Club Triatl\u00f3n Almansa 1:17:48<\/p>\n<p><!--publicidad-voz03--><a href=\"https:\/\/www.facebook.com\/profile.php?id=100063593791305&amp;locale=es_ES\"><img decoding=\"async\" class=\"alignnone size-medium\" src=\"https:\/\/blogger.googleusercontent.com\/img\/b\/R29vZ2xl\/AVvXsEi8_n_ll8UOcGxCqzFvb_9Io4ICczlGC990BPtPj2w9Px-u7B3oqWUW5vtjZUqPNJ-nyjiUIorE0ATsib_l5tV8BVN-UJ03RTnU__IHJF_4DgDBtY4LIqXNG-FomrO-7ywes20CBCRM2Hcm7EJSh3UUw1dO-c_uTflUrtgY1i7uBRezj_DpympmEFkfbQY\/s1600\/logo-principal2.jpg\" width=\"100%\" height=\"100\" \/><\/a><!--bestpublic-voz03--><!--desk-in-out-voz03--><br \/>\n<!--publicidad-voz04--><a href=\"https:\/\/www.facebook.com\/profile.php?id=61557370768692&amp;locale=es_ES\"><img decoding=\"async\" class=\"alignnone size-medium\" src=\"https:\/\/blogger.googleusercontent.com\/img\/b\/R29vZ2xl\/AVvXsEgy5RdcfffrnrItnYTcV9bCJjgJwldsQLWssfVfrLbyfXeBNTFKgBf0rMIvhrUaGUhiXzVr9_eQgCbi-j63ZDpfTvLIty9w7s140y-m1yHe7eKmEK7v2NAHUJDVYGdfeiQFeRCqUjdwWmN1MX_AUxxz4IVdJ4WIM0APxit8bjWkXzrnEFGqBvW_1F13H1g\/s1600\/logo-principal5.jpg\" width=\"100%\" height=\"100\" \/><\/a><!--bestpublic-voz04--><!--desk-in-out-voz04--><br \/>\n<!--publicidad-voz05--><a href=\"https:\/\/www.facebook.com\/asociaciontamborileroshellin?locale=es_ES\"><img decoding=\"async\" class=\"alignnone size-medium\" src=\"https:\/\/blogger.googleusercontent.com\/img\/b\/R29vZ2xl\/AVvXsEhHEEpZsKK1VpwiYMrS7aE2ujtqIDZoLd4B5wtbiseSU9s2HdTdQfhF84So2XwEB1fv0BLw95GADm6hUl1bkKtzh-eIgVigXONuu_5RxeIMPhjk8q6uNX4EaEHbooKkbu7pCADWPpVJjhKIH5NQSJpWqedC-YBez4QAQeJYokkLot9bhrIaUAeztsGis6M\/s1600\/logo-principal3.jpg\" width=\"100%\" height=\"100\" \/><\/a><!--bestpublic-voz05--><!--desk-in-out-voz05--><br \/>\n<!--publicidad-voz06--><!--bestpublic-voz06--><!--desk-in-out-voz06--><br \/>\n<!--publicidad-voz07--><!--bestpublic-voz07--><!--desk-in-out-voz07--><br \/>\n<!--publicidad-voz08--><!--bestpublic-voz08--><!--desk-in-out-voz08--><br \/>\n<!--publicidad-voz09--><!--bestpublic-voz09--><!--desk-in-out-voz09--><br \/>\n<!--publicidad-voz10--><!--bestpublic-voz10--><!--desk-in-out-voz10--><br \/>\n<!--publicidad-voz11--><!--bestpublic-voz11--><!--desk-in-out-voz11--><br \/>\n<!--publicidad-voz12--><!--bestpublic-voz12--><!--desk-in-out-voz12--><br \/>\n<!--publicidad-voz13--><!--bestpublic-voz13--><!--desk-in-out-voz13--><br \/>\n<!--publicidad-voz14--><!--bestpublic-voz14--><!--desk-in-out-voz14--><br \/>\n<!--publicidad-voz15--><!--bestpublic-voz15--><!--desk-in-out-voz15--><br \/>\n<!--publicidad-voz16--><!--bestpublic-voz16--><!--desk-in-out-voz16--><\/p>\n","protected":false},"excerpt":{"rendered":"<p>II Circuito Du-Tri Diputaci\u00f3n<\/p>\n","protected":false},"author":2,"featured_media":149128,"comment_status":"closed","ping_status":"closed","sticky":false,"template":"","format":"standard","meta":{"footnotes":""},"categories":[753,718,715,716,717],"tags":[],"class_list":["post-149127","post","type-post","status-publish","format-standard","has-post-thumbnail","hentry","category-blog-lv034","category-blogger","category-la-voz-de-hellin","category-la-voz-de-hellin-la-voz-de-hellin","category-noticias"],"_links":{"self":[{"href":"https:\/\/lavozdehellin.com\/noticias\/wp-json\/wp\/v2\/posts\/149127","targetHints":{"allow":["GET"]}}],"collection":[{"href":"https:\/\/lavozdehellin.com\/noticias\/wp-json\/wp\/v2\/posts"}],"about":[{"href":"https:\/\/lavozdehellin.com\/noticias\/wp-json\/wp\/v2\/types\/post"}],"author":[{"embeddable":true,"href":"https:\/\/lavozdehellin.com\/noticias\/wp-json\/wp\/v2\/users\/2"}],"replies":[{"embeddable":true,"href":"https:\/\/lavozdehellin.com\/noticias\/wp-json\/wp\/v2\/comments?post=149127"}],"version-history":[{"count":0,"href":"https:\/\/lavozdehellin.com\/noticias\/wp-json\/wp\/v2\/posts\/149127\/revisions"}],"wp:featuredmedia":[{"embeddable":true,"href":"https:\/\/lavozdehellin.com\/noticias\/wp-json\/wp\/v2\/media\/149128"}],"wp:attachment":[{"href":"https:\/\/lavozdehellin.com\/noticias\/wp-json\/wp\/v2\/media?parent=149127"}],"wp:term":[{"taxonomy":"category","embeddable":true,"href":"https:\/\/lavozdehellin.com\/noticias\/wp-json\/wp\/v2\/categories?post=149127"},{"taxonomy":"post_tag","embeddable":true,"href":"https:\/\/lavozdehellin.com\/noticias\/wp-json\/wp\/v2\/tags?post=149127"}],"curies":[{"name":"wp","href":"https:\/\/api.w.org\/{rel}","templated":true}]}}