{"id":149130,"date":"2024-03-04T09:12:52","date_gmt":"2024-03-04T08:12:52","guid":{"rendered":"https:\/\/lavozdehellin.com\/noticias\/?p=149130"},"modified":"2024-03-11T09:48:44","modified_gmt":"2024-03-11T08:48:44","slug":"v08-388-lucia-navarro-cuesta-amplia-su-racha-de-victorias-en-lietor","status":"publish","type":"post","link":"https:\/\/lavozdehellin.com\/noticias\/v08-388-lucia-navarro-cuesta-amplia-su-racha-de-victorias-en-lietor\/","title":{"rendered":"LVH NOTICIAS | LUC\u00cdA NAVARRO CUESTA AMPL\u00cdA SU RACHA DE VICTORIAS EN LI\u00c9TOR"},"content":{"rendered":"<p style=\"text-align: justify;\">Circuito de Diputaci\u00f3n<\/p>\n<p><!--more--><br \/>\n<!--publicidad-voz01--><a href=\"https:\/\/www.facebook.com\/SoloRadioHellin\/?locale=es_ES\"><img decoding=\"async\" class=\"alignnone size-medium\" src=\"https:\/\/blogger.googleusercontent.com\/img\/b\/R29vZ2xl\/AVvXsEiNncirNnyGedv00mhjZjh5Wl4_YPdJGanoAl8tL8zH-HwqE8uHqjEfSt340RHdx-9tuCSIkZ8rFamZiGyYlgDGxCsmXjCH_1xk5eYM3ntFZRvJP_jndOKR7w1UAo9Tu0vrZyOLfqRpHIxYI5SymJJ-pfGCQw6QVpggBH-UgfjiFQ2JOxqxG0Jx94kW83c\/s1600\/logo-principal.jpg\" width=\"100%\" height=\"100\" \/><\/a><!--bestpublic-voz01--><!--desk-in-out-voz01--><br \/>\n<!--publicidad-voz02--><a href=\"https:\/\/www.hellincf.com\/\"><img decoding=\"async\" class=\"alignnone size-medium\" src=\"https:\/\/blogger.googleusercontent.com\/img\/b\/R29vZ2xl\/AVvXsEhuZ4-XfBVj3UtdP8-RZugy3WVrg-Zv28c53m4oV47qYCxL1rX_dqWX_YddsGSnpH5SRDqZ7bZeKPIfDVCDncpjVlhy3aQs2vojcJBn7Gdv9hC2_Nzct_pRFrnFE1a7KTCdY1bT_kAgnY3-iadRZrGeJf1fR2P5fu11bokx0pWjaypoy-ctwCjklldpEbA\/s1600\/logo-principal7.jpg\" width=\"100%\" height=\"100\" \/><\/a><!--bestpublic-voz02--><!--desk-in-out-voz02--><\/p>\n<p style=\"text-align: justify;\">Luc\u00eda Navarro Cuesta ampl\u00eda su racha de victorias en Li\u00e9tor<\/p>\n<p style=\"text-align: justify;\">Juan Gonz\u00e1lez Sanz, campe\u00f3n masculino. Pedro Jes\u00fas Rodr\u00edguez y Luc\u00eda Navarro siguen al frente de la clasificaci\u00f3n general<\/p>\n<p style=\"text-align: justify;\">Juan Gonz\u00e1lez Sanz (Ekuon El Conchel\/Diputaci\u00f3n) y Luc\u00eda Navarro Cuesta (Bicicletas El Hellinero Acecho) lograron el triunfo en la Carrera BTT Villa de Li\u00e9tor, quinta prueba de la temporada en el XVII Circuito Provincial de BTT organizado por la Diputaci\u00f3n de Albacete y primera catalogada como \u2018monta\u00f1a\u2019.<\/p>\n<p style=\"text-align: justify;\">M\u00e1s de 320 corredores tomaron la salida para afrontar los 34 kil\u00f3metros de recorrido por las inmediaciones de Li\u00e9tor, en un bello recorrido con una exigencia f\u00edsica y t\u00e9cnica alta.<\/p>\n<p style=\"text-align: justify;\">Tras el pistoletazo de salida desde la Avenida de la Paz, y una vez dejadas atr\u00e1s las calles del municipio, el grupo comenz\u00f3 a estirarse con los corredores buscando sus posiciones en la parte delantera. Con la llegada de las primeras sendas se iniciaron las hostilidades, hasta que Juan Gonz\u00e1lez Sanz logr\u00f3 marcharse en solitario. El joven corredor del Ekuon El Conchel\/Diputaci\u00f3n de Albacete obtuvo unos metros de ventaja que ser\u00edan definitivos. Ya en cabeza, poco a poco fue incrementando su renta sobre su m\u00e1s inmediato perseguidor, Alberto L\u00f3pez Bernab\u00e9, una diferencia insalvable para el corredor del Bicicletas El Hellinero Acecho.<\/p>\n<p style=\"text-align: justify;\">De esta forma, Juan Gonz\u00e1lez lleg\u00f3 en solitario a la l\u00ednea de meta, con una ventaja de 1\u201915\u2019\u2019 sobre el corredor hellinero. La tercera plaza del p\u00f3dium fue para Carlos Amores Ortega. Algo m\u00e1s atr\u00e1s llegaron Sergio Dom\u00ednguez Mu\u00f1oz y Rub\u00e9n Gonz\u00e1lez M\u00e1rquez para cerrar el Top 5 de la prueba. Pedro Jes\u00fas Rodr\u00edguez Segura (Manzanares Team Factory) entr\u00f3 en la sexta plaza, resultado con el que mantiene el maillot rojo de l\u00edder una semana m\u00e1s.<\/p>\n<p style=\"text-align: justify;\">Esta es la segunda victoria de la temporada para Juan Gonz\u00e1lez Sanz, que ya gan\u00f3 la primera carrera del a\u00f1o en Ontur. De esta forma se convierte, hasta el momento, en el \u00fanico corredor que ha sido capaz de repetir victoria en la categor\u00eda masculina en esta edici\u00f3n del Circuito Provincial.<\/p>\n<p style=\"text-align: justify;\">En la categor\u00eda femenina se repiti\u00f3 la historia de las anteriores carreras. Luc\u00eda Navarro Cuesta sigue demostrando su superioridad semana tras semana y sum\u00f3 su quinta victoria consecutiva. La actual l\u00edder del Circuito Provincial fue en cabeza durante toda la prueba, con una solvente ventaja con la que en ning\u00fan momento peligr\u00f3 su triunfo. Por detr\u00e1s, Almudena Jim\u00e9nez se hizo con la segunda posici\u00f3n, con Alfonsi Villar completando el p\u00f3dium en Li\u00e9tor. Ana Carolina Gonz\u00e1lez y Marta Ju\u00e1rez terminaron en la cuarta y quinta plaza, respectivamente.<\/p>\n<p style=\"text-align: justify;\">En el recorrido corto, los ganadores fueron Jeyfri Almanzar Fabi\u00e1n (Pe\u00f1a BTT Los Tortugas) y Alicia Gonz\u00e1lez Lillo (La Pur\u00edsima Team Yecla). Javier Gonz\u00e1lez Sanz (Ekuon El Conchel\/Diputaci\u00f3n) fue el campe\u00f3n junior. En parejas mixtas, los vencedores fueron Luc\u00eda Navarro Cuesta (Bicicletas El Hellinero Acecho) y Miguel Herr\u00e1iz Garc\u00eda (Manzanares Team Factory). La Pur\u00edsima Team Yecla, con 17 corredores en meta, fue el club m\u00e1s numeroso. El premio a la posici\u00f3n 71 en meta, cedido por la Hermandad de Donantes de Sangre de Albacete, fue para Miguel L\u00f3pez Palaz\u00f3n (Bicicletas Rumbo Team).<\/p>\n<p style=\"text-align: justify;\">Pr\u00f3xima cita en Villamalea<\/p>\n<p style=\"text-align: justify;\">El pr\u00f3ximo domingo 10 de marzo ser\u00e1 el turno para la prueba BTT \u2018Sendas y Aldeas del Cabriel\u2019 de Villamalea, sexta cita del XVII Circuito Provincial de BTT. Se trata de una prueba que ofrece 52\u201963 kil\u00f3metros de distancia para el recorrido largo y 25\u201908 kil\u00f3metros para el trazado corto. Las inscripciones para esta carrera est\u00e1n abiertas hasta el pr\u00f3ximo mi\u00e9rcoles d\u00eda 6 de marzo, a las 14:00 horas.<\/p>\n<p style=\"text-align: justify;\">CLASIFICACIONES LI\u00c9TOR 2024<\/p>\n<p style=\"text-align: justify;\">Clasificaci\u00f3n masculina<\/p>\n<p style=\"text-align: justify;\">NOMBRE EQUIPO TIEMPO<\/p>\n<p style=\"text-align: justify;\">1-. Juan Gonz\u00e1lez Sanz (Ekuon El Conchel\/Diputaci\u00f3n) 1h33\u201949\u2019\u2019<\/p>\n<p style=\"text-align: justify;\">2-. Alberto L\u00f3pez Bernab\u00e9 (Bicicletas El Hellinero Acecho) 1h35\u201903\u2019\u2019<\/p>\n<p style=\"text-align: justify;\">3-. Carlos Amores Ortega (Team Ulevel Promosport) 1h36\u201935\u2019\u2019<\/p>\n<p style=\"text-align: justify;\">4-. Sergio Dom\u00ednguez Mu\u00f1oz (Gobik Race Club) 1h37\u201913\u2019\u2019<\/p>\n<p style=\"text-align: justify;\">5-. Rub\u00e9n Gonz\u00e1lez M\u00e1rquez (Ciclos Bleda C.C.) 1h37\u201918\u2019\u2019<\/p>\n<p style=\"text-align: justify;\">Clasificaci\u00f3n femenina<\/p>\n<p style=\"text-align: justify;\">NOMBRE EQUIPO TIEMPO<\/p>\n<p style=\"text-align: justify;\">1-. Luc\u00eda Navarro Cuesta (Bicicletas El Hellinero Acecho) 1h54\u201949\u2019\u2019<\/p>\n<p style=\"text-align: justify;\">2-. Almudena Jim\u00e9nez Mart\u00ednez (Bicialmuerzo) 2h12\u201942\u2019\u2019<\/p>\n<p style=\"text-align: justify;\">3-. Alfonsi Villar Garrig\u00f3s (Ferroice Contrallano BTT) 2h21\u201931\u2019\u2019<\/p>\n<p style=\"text-align: justify;\">4-. Ana Carolina Gzlez. L\u00f3pez (Pafgio Cycling Team) 2h22\u201951\u2019\u2019<\/p>\n<p style=\"text-align: justify;\">5-. Marta Ju\u00e1rez Garc\u00eda (Adventure Bike Racing) 2h34\u201905\u2019\u2019<\/p>\n<p><!--publicidad-voz03--><a href=\"https:\/\/www.facebook.com\/profile.php?id=100063593791305&amp;locale=es_ES\"><img decoding=\"async\" class=\"alignnone size-medium\" src=\"https:\/\/blogger.googleusercontent.com\/img\/b\/R29vZ2xl\/AVvXsEi8_n_ll8UOcGxCqzFvb_9Io4ICczlGC990BPtPj2w9Px-u7B3oqWUW5vtjZUqPNJ-nyjiUIorE0ATsib_l5tV8BVN-UJ03RTnU__IHJF_4DgDBtY4LIqXNG-FomrO-7ywes20CBCRM2Hcm7EJSh3UUw1dO-c_uTflUrtgY1i7uBRezj_DpympmEFkfbQY\/s1600\/logo-principal2.jpg\" width=\"100%\" height=\"100\" \/><\/a><!--bestpublic-voz03--><!--desk-in-out-voz03--><br \/>\n<!--publicidad-voz04--><a href=\"https:\/\/www.facebook.com\/profile.php?id=61557370768692&amp;locale=es_ES\"><img decoding=\"async\" class=\"alignnone size-medium\" src=\"https:\/\/blogger.googleusercontent.com\/img\/b\/R29vZ2xl\/AVvXsEgy5RdcfffrnrItnYTcV9bCJjgJwldsQLWssfVfrLbyfXeBNTFKgBf0rMIvhrUaGUhiXzVr9_eQgCbi-j63ZDpfTvLIty9w7s140y-m1yHe7eKmEK7v2NAHUJDVYGdfeiQFeRCqUjdwWmN1MX_AUxxz4IVdJ4WIM0APxit8bjWkXzrnEFGqBvW_1F13H1g\/s1600\/logo-principal5.jpg\" width=\"100%\" height=\"100\" \/><\/a><!--bestpublic-voz04--><!--desk-in-out-voz04--><br \/>\n<!--publicidad-voz05--><a href=\"https:\/\/www.facebook.com\/asociaciontamborileroshellin?locale=es_ES\"><img decoding=\"async\" class=\"alignnone size-medium\" src=\"https:\/\/blogger.googleusercontent.com\/img\/b\/R29vZ2xl\/AVvXsEhHEEpZsKK1VpwiYMrS7aE2ujtqIDZoLd4B5wtbiseSU9s2HdTdQfhF84So2XwEB1fv0BLw95GADm6hUl1bkKtzh-eIgVigXONuu_5RxeIMPhjk8q6uNX4EaEHbooKkbu7pCADWPpVJjhKIH5NQSJpWqedC-YBez4QAQeJYokkLot9bhrIaUAeztsGis6M\/s1600\/logo-principal3.jpg\" width=\"100%\" height=\"100\" \/><\/a><!--bestpublic-voz05--><!--desk-in-out-voz05--><br \/>\n<!--publicidad-voz06--><!--bestpublic-voz06--><!--desk-in-out-voz06--><br \/>\n<!--publicidad-voz07--><!--bestpublic-voz07--><!--desk-in-out-voz07--><br \/>\n<!--publicidad-voz08--><!--bestpublic-voz08--><!--desk-in-out-voz08--><br \/>\n<!--publicidad-voz09--><!--bestpublic-voz09--><!--desk-in-out-voz09--><br \/>\n<!--publicidad-voz10--><!--bestpublic-voz10--><!--desk-in-out-voz10--><br \/>\n<!--publicidad-voz11--><!--bestpublic-voz11--><!--desk-in-out-voz11--><br \/>\n<!--publicidad-voz12--><!--bestpublic-voz12--><!--desk-in-out-voz12--><br \/>\n<!--publicidad-voz13--><!--bestpublic-voz13--><!--desk-in-out-voz13--><br \/>\n<!--publicidad-voz14--><!--bestpublic-voz14--><!--desk-in-out-voz14--><br \/>\n<!--publicidad-voz15--><!--bestpublic-voz15--><!--desk-in-out-voz15--><br \/>\n<!--publicidad-voz16--><!--bestpublic-voz16--><!--desk-in-out-voz16--><\/p>\n","protected":false},"excerpt":{"rendered":"<p>Circuito de Diputaci\u00f3n<\/p>\n","protected":false},"author":2,"featured_media":149131,"comment_status":"closed","ping_status":"closed","sticky":false,"template":"","format":"standard","meta":{"footnotes":""},"categories":[753,718,715,716,717],"tags":[],"class_list":["post-149130","post","type-post","status-publish","format-standard","has-post-thumbnail","hentry","category-blog-lv034","category-blogger","category-la-voz-de-hellin","category-la-voz-de-hellin-la-voz-de-hellin","category-noticias"],"_links":{"self":[{"href":"https:\/\/lavozdehellin.com\/noticias\/wp-json\/wp\/v2\/posts\/149130","targetHints":{"allow":["GET"]}}],"collection":[{"href":"https:\/\/lavozdehellin.com\/noticias\/wp-json\/wp\/v2\/posts"}],"about":[{"href":"https:\/\/lavozdehellin.com\/noticias\/wp-json\/wp\/v2\/types\/post"}],"author":[{"embeddable":true,"href":"https:\/\/lavozdehellin.com\/noticias\/wp-json\/wp\/v2\/users\/2"}],"replies":[{"embeddable":true,"href":"https:\/\/lavozdehellin.com\/noticias\/wp-json\/wp\/v2\/comments?post=149130"}],"version-history":[{"count":0,"href":"https:\/\/lavozdehellin.com\/noticias\/wp-json\/wp\/v2\/posts\/149130\/revisions"}],"wp:featuredmedia":[{"embeddable":true,"href":"https:\/\/lavozdehellin.com\/noticias\/wp-json\/wp\/v2\/media\/149131"}],"wp:attachment":[{"href":"https:\/\/lavozdehellin.com\/noticias\/wp-json\/wp\/v2\/media?parent=149130"}],"wp:term":[{"taxonomy":"category","embeddable":true,"href":"https:\/\/lavozdehellin.com\/noticias\/wp-json\/wp\/v2\/categories?post=149130"},{"taxonomy":"post_tag","embeddable":true,"href":"https:\/\/lavozdehellin.com\/noticias\/wp-json\/wp\/v2\/tags?post=149130"}],"curies":[{"name":"wp","href":"https:\/\/api.w.org\/{rel}","templated":true}]}}