{"id":149133,"date":"2024-03-04T09:16:16","date_gmt":"2024-03-04T08:16:16","guid":{"rendered":"https:\/\/lavozdehellin.com\/noticias\/?p=149133"},"modified":"2024-03-11T09:48:43","modified_gmt":"2024-03-11T08:48:43","slug":"v08-389-jose-antonio-hernandez-y-eva-valera-ganan-en-higueruela","status":"publish","type":"post","link":"https:\/\/lavozdehellin.com\/noticias\/v08-389-jose-antonio-hernandez-y-eva-valera-ganan-en-higueruela\/","title":{"rendered":"LVH NOTICIAS | JOS\u00c9 ANTONIO HERN\u00c1NDEZ Y EVA VALERA GANAN EN HIGUERUELA"},"content":{"rendered":"<p style=\"text-align: justify;\">Circuito de Diputaci\u00f3n \u2018Ferroice\u2019<\/p>\n<p><!--more--><br \/>\n<!--publicidad-voz01--><a href=\"https:\/\/www.facebook.com\/SoloRadioHellin\/?locale=es_ES\"><img decoding=\"async\" class=\"alignnone size-medium\" src=\"https:\/\/blogger.googleusercontent.com\/img\/b\/R29vZ2xl\/AVvXsEiNncirNnyGedv00mhjZjh5Wl4_YPdJGanoAl8tL8zH-HwqE8uHqjEfSt340RHdx-9tuCSIkZ8rFamZiGyYlgDGxCsmXjCH_1xk5eYM3ntFZRvJP_jndOKR7w1UAo9Tu0vrZyOLfqRpHIxYI5SymJJ-pfGCQw6QVpggBH-UgfjiFQ2JOxqxG0Jx94kW83c\/s1600\/logo-principal.jpg\" width=\"100%\" height=\"100\" \/><\/a><!--bestpublic-voz01--><!--desk-in-out-voz01--><br \/>\n<!--publicidad-voz02--><a href=\"https:\/\/www.hellincf.com\/\"><img decoding=\"async\" class=\"alignnone size-medium\" src=\"https:\/\/blogger.googleusercontent.com\/img\/b\/R29vZ2xl\/AVvXsEhuZ4-XfBVj3UtdP8-RZugy3WVrg-Zv28c53m4oV47qYCxL1rX_dqWX_YddsGSnpH5SRDqZ7bZeKPIfDVCDncpjVlhy3aQs2vojcJBn7Gdv9hC2_Nzct_pRFrnFE1a7KTCdY1bT_kAgnY3-iadRZrGeJf1fR2P5fu11bokx0pWjaypoy-ctwCjklldpEbA\/s1600\/logo-principal7.jpg\" width=\"100%\" height=\"100\" \/><\/a><!--bestpublic-voz02--><!--desk-in-out-voz02--><\/p>\n<p style=\"text-align: justify;\">Jos\u00e9 Antonio Hern\u00e1ndez y Eva Valera ganan en Higueruela<\/p>\n<p style=\"text-align: justify;\">Cuarto triunfo de la temporada para los actuales campeones del Circuito Provincial de Carreras Populares<\/p>\n<p style=\"text-align: justify;\">Jos\u00e9 Antonio Hern\u00e1ndez Navajas (Club de Atletismo Tres Leguas de Villamalea) y Eva Valera Garc\u00eda (C.A. 27 de Agosto de Madrigueras), actuales campeones del Circuito Provincial de Carreras Populares en 2023, lograron en Higueruela su cuarta victoria de la temporada en las ocho carreras disputadas hasta la fecha.<\/p>\n<p style=\"text-align: justify;\">La XI Carrera Popular de Higueruela \u2018Subida al Mojinete\u2019 fue m\u00e1s dura de lo esperado. Si ya de por s\u00ed presentaba dificultad con sus 12.100 metros y el ascenso al pico de El Mojinete, esa dureza se vio incrementada por las condiciones del terreno debido a las lluvias y nieve de las \u00faltimas horas. Pero esa circunstancia no ech\u00f3 para atr\u00e1s a los m\u00e1s de 400 atletas que se dieron cita en el arco de salida. Un total de 396 corredores finalizaron la octava prueba de la temporada, 94 de ellos mujeres, casi un 25%, una cifra que no est\u00e1 nada mal.<\/p>\n<p style=\"text-align: justify;\">A nivel deportivo, Jos\u00e9 Antonio Hern\u00e1ndez Navajas volvi\u00f3 a demostrar su gran estado f\u00edsico en esta prueba. El corredor de Fuentealbilla marc\u00f3 el ritmo en todo momento, se qued\u00f3 solo en la cabeza de la carrera y lleg\u00f3 a la l\u00ednea de meta con m\u00e1s de dos minutos de ventaja sobre \u00d3scar V\u00edllora Mart\u00ednez. Esta es la cuarta victoria de la temporada para el atleta del Club de Atletismo Tres Leguas de Villamalea, la mitad de las carreras disputadas.<\/p>\n<p style=\"text-align: justify;\">\u00d3scar V\u00edllora pele\u00f3 la segunda posici\u00f3n con Grego Aguilera Pino, con una separaci\u00f3n de quince segundos en la l\u00ednea de meta. Es la quinta vez que \u00d3scar termina en la segunda plaza, las tres \u00faltimas de forma consecutiva.<\/p>\n<p style=\"text-align: justify;\">En la categor\u00eda femenina, Eva Valera Garc\u00eda tambi\u00e9n sum\u00f3 su cuarta victoria en este XXIII Circuito Provincial de Carreras Populares organizado por la Diputaci\u00f3n de Albacete. Al igual que Jos\u00e9 Antonio Hern\u00e1ndez, Eva puso un ritmo que nadie pudo seguir. Aventaj\u00f3 en 2:20 a la segunda clasificada, Sandra Ruiz Picazo, y en m\u00e1s de tres minutos y medio a la tercera corredora en la l\u00ednea de meta, su compa\u00f1era de equipo Adela Caba\u00f1ero Valera.<\/p>\n<p style=\"text-align: justify;\">Con esta victoria, tanto Jos\u00e9 Antonio Hern\u00e1ndez como Eva Valera entran en el palmar\u00e9s de Higueruela, pues ninguno de los dos hab\u00eda vencido anteriormente en esta prueba.<\/p>\n<p style=\"text-align: justify;\">La alcaldesa de Higueruela, Isabel Mart\u00ednez, fue la encargada de dar la salida de la carrera. Antes del pistoletazo inicial, Sebasti\u00e1n G\u00f3mez, atleta del C.A. Dosquince, le entreg\u00f3 como obsequio el libro \u2018Cr\u00f3nicas Atl\u00e9ticas\u2019 que \u00e9l mismo ha escrito. El aperitivo final sirvi\u00f3 para reponer fuerzas tras el esfuerzo realizado por los atletas, en una jornada que tuvo como broche de oro la entrega de los diferentes premios y obsequios a los ganadores de la clasificaci\u00f3n general y de cada una de las categor\u00edas. El premio de la Hermandad de Donantes de Sangre de Albacete a la posici\u00f3n 71 en meta fue para Jos\u00e9 Mar\u00eda Rodenas Pastor (Club Deportivo Amiab).<\/p>\n<p style=\"text-align: justify;\">Doble cita el pr\u00f3ximo fin de semana<\/p>\n<p style=\"text-align: justify;\">El XXIII Circuito Provincial de Carreras Populares llegar\u00e1 el pr\u00f3ximo s\u00e1bado d\u00eda 9 de marzo a Madrigueras para celebrar la XXIII edici\u00f3n de Las 10 Millas de Madrigueras, una carrera que arrancar\u00e1 a las 17:00 horas. Un d\u00eda m\u00e1s tarde, el domingo 10, ser\u00e1 el turno para la Carrera de Trail de Ayna, tercera prueba puntuable para el VIII Circuito Provincial de Trail que organiza la Diputaci\u00f3n de Albacete. Esta carrera comenzar\u00e1 a las 09:30 horas y contar\u00e1 con un nuevo recorrido para esta edici\u00f3n. Las inscripciones para ambas pruebas est\u00e1n abiertas hasta el pr\u00f3ximo jueves 7 de marzo, a las 14:00 horas.<\/p>\n<p style=\"text-align: justify;\">CLASIFICACIONES XI CARRERA POPULAR DE HIGUERUELA<\/p>\n<p style=\"text-align: justify;\">&#8211; HOMBRES &#8211;<\/p>\n<p style=\"text-align: justify;\">Nombre Club Tiempo Ritmo<\/p>\n<p style=\"text-align: justify;\">1\u00ba.- J. Antonio Hern\u00e1ndez Navajas Tres Leguas Villamalea 44:27 3:40<\/p>\n<p style=\"text-align: justify;\">2\u00ba.- \u00d3scar V\u00edllora Mart\u00ednez 27 Agosto Madrigueras 46:29 3:50<\/p>\n<p style=\"text-align: justify;\">3\u00ba.- Grego Aguilera Pino Ossa Runners Team 46:45 3:52<\/p>\n<p style=\"text-align: justify;\">4\u00ba.- Bernardo Maestre S\u00e1nchez C.D. Atletas de Alpera 47:11 3:54<\/p>\n<p style=\"text-align: justify;\">5\u00ba.- David Morcillo Garc\u00eda C.A. Chinchilla 47:43 3:57<\/p>\n<p style=\"text-align: justify;\">6\u00ba.- Pablo Villena Ferrer C.A. Albacete Diputaci\u00f3n 47:47 3:57<\/p>\n<p style=\"text-align: justify;\">7\u00ba.- Isidro M\u00e1rquez Canales Ossa Runners Team 48:30 4:00<\/p>\n<p style=\"text-align: justify;\">8\u00ba.- Blas Delf\u00edn Garc\u00eda Almarcha C.D.E. Higueruela 48:58 4:03<\/p>\n<p style=\"text-align: justify;\">9\u00ba.- Adri\u00e1n Mart\u00ednez Cava Independiente 49:00 4:03<\/p>\n<p style=\"text-align: justify;\">10\u00ba.- Juan Fco Belmonte Valdelvira C.D. Running Albacete 49:13 4:04<\/p>\n<p style=\"text-align: justify;\">&#8211; MUJERES &#8211;<\/p>\n<p style=\"text-align: justify;\">Nombre Club Tiempo Ritmo<\/p>\n<p style=\"text-align: justify;\">1\u00aa.- Eva Valera Garc\u00eda 27 Agosto Madrigueras 55:50 4:37<\/p>\n<p style=\"text-align: justify;\">2\u00aa.- Sandra Ruiz Picazo San Blas Elche de la Sierra 58:10 4:48<\/p>\n<p style=\"text-align: justify;\">3\u00aa.- Adela Caba\u00f1ero Valera 27 Agosto Madrigueras 59:21 4:54<\/p>\n<p style=\"text-align: justify;\">4\u00aa.- Sara Palomares P\u00e9rez C.A. Kronos 59:36 4:56<\/p>\n<p style=\"text-align: justify;\">5\u00aa.- M\u00aa Otilia Mart\u00ednez G\u00f3mez C.A. Chinchilla 1:02:26 5:10<\/p>\n<p style=\"text-align: justify;\">6\u00aa.- Mar\u00eda Chicano Mart\u00ednez C.A. La Ca\u00f1ada La Roda 1:02:34 5:10<\/p>\n<p style=\"text-align: justify;\">7\u00aa.- Conchi S\u00e1nchez Izquierdo GECI Running 1:03:06 5:13<\/p>\n<p style=\"text-align: justify;\">8\u00aa.- Irene Requena Navarro CAYT Valdeganga 1:03:50 5:17<\/p>\n<p style=\"text-align: justify;\">9\u00aa.- Ana Utiel Atienzar CAYT Valdeganga 1:04:20 5:19<\/p>\n<p style=\"text-align: justify;\">10\u00aa.- Clemen Fern\u00e1ndez Moreno C.A. Kronos 1:04:40 5:21<\/p>\n<p><!--publicidad-voz03--><a href=\"https:\/\/www.facebook.com\/profile.php?id=100063593791305&amp;locale=es_ES\"><img decoding=\"async\" class=\"alignnone size-medium\" src=\"https:\/\/blogger.googleusercontent.com\/img\/b\/R29vZ2xl\/AVvXsEi8_n_ll8UOcGxCqzFvb_9Io4ICczlGC990BPtPj2w9Px-u7B3oqWUW5vtjZUqPNJ-nyjiUIorE0ATsib_l5tV8BVN-UJ03RTnU__IHJF_4DgDBtY4LIqXNG-FomrO-7ywes20CBCRM2Hcm7EJSh3UUw1dO-c_uTflUrtgY1i7uBRezj_DpympmEFkfbQY\/s1600\/logo-principal2.jpg\" width=\"100%\" height=\"100\" \/><\/a><!--bestpublic-voz03--><!--desk-in-out-voz03--><br \/>\n<!--publicidad-voz04--><a href=\"https:\/\/www.facebook.com\/profile.php?id=61557370768692&amp;locale=es_ES\"><img decoding=\"async\" class=\"alignnone size-medium\" src=\"https:\/\/blogger.googleusercontent.com\/img\/b\/R29vZ2xl\/AVvXsEgy5RdcfffrnrItnYTcV9bCJjgJwldsQLWssfVfrLbyfXeBNTFKgBf0rMIvhrUaGUhiXzVr9_eQgCbi-j63ZDpfTvLIty9w7s140y-m1yHe7eKmEK7v2NAHUJDVYGdfeiQFeRCqUjdwWmN1MX_AUxxz4IVdJ4WIM0APxit8bjWkXzrnEFGqBvW_1F13H1g\/s1600\/logo-principal5.jpg\" width=\"100%\" height=\"100\" \/><\/a><!--bestpublic-voz04--><!--desk-in-out-voz04--><br \/>\n<!--publicidad-voz05--><a href=\"https:\/\/www.facebook.com\/asociaciontamborileroshellin?locale=es_ES\"><img decoding=\"async\" class=\"alignnone size-medium\" src=\"https:\/\/blogger.googleusercontent.com\/img\/b\/R29vZ2xl\/AVvXsEhHEEpZsKK1VpwiYMrS7aE2ujtqIDZoLd4B5wtbiseSU9s2HdTdQfhF84So2XwEB1fv0BLw95GADm6hUl1bkKtzh-eIgVigXONuu_5RxeIMPhjk8q6uNX4EaEHbooKkbu7pCADWPpVJjhKIH5NQSJpWqedC-YBez4QAQeJYokkLot9bhrIaUAeztsGis6M\/s1600\/logo-principal3.jpg\" width=\"100%\" height=\"100\" \/><\/a><!--bestpublic-voz05--><!--desk-in-out-voz05--><br \/>\n<!--publicidad-voz06--><!--bestpublic-voz06--><!--desk-in-out-voz06--><br \/>\n<!--publicidad-voz07--><!--bestpublic-voz07--><!--desk-in-out-voz07--><br \/>\n<!--publicidad-voz08--><!--bestpublic-voz08--><!--desk-in-out-voz08--><br \/>\n<!--publicidad-voz09--><!--bestpublic-voz09--><!--desk-in-out-voz09--><br \/>\n<!--publicidad-voz10--><!--bestpublic-voz10--><!--desk-in-out-voz10--><br \/>\n<!--publicidad-voz11--><!--bestpublic-voz11--><!--desk-in-out-voz11--><br \/>\n<!--publicidad-voz12--><!--bestpublic-voz12--><!--desk-in-out-voz12--><br \/>\n<!--publicidad-voz13--><!--bestpublic-voz13--><!--desk-in-out-voz13--><br \/>\n<!--publicidad-voz14--><!--bestpublic-voz14--><!--desk-in-out-voz14--><br \/>\n<!--publicidad-voz15--><!--bestpublic-voz15--><!--desk-in-out-voz15--><br \/>\n<!--publicidad-voz16--><!--bestpublic-voz16--><!--desk-in-out-voz16--><\/p>\n","protected":false},"excerpt":{"rendered":"<p>Circuito de Diputaci\u00f3n \u2018Ferroice\u2019<\/p>\n","protected":false},"author":2,"featured_media":149134,"comment_status":"closed","ping_status":"closed","sticky":false,"template":"","format":"standard","meta":{"footnotes":""},"categories":[753,718,715,716,717],"tags":[],"class_list":["post-149133","post","type-post","status-publish","format-standard","has-post-thumbnail","hentry","category-blog-lv034","category-blogger","category-la-voz-de-hellin","category-la-voz-de-hellin-la-voz-de-hellin","category-noticias"],"_links":{"self":[{"href":"https:\/\/lavozdehellin.com\/noticias\/wp-json\/wp\/v2\/posts\/149133","targetHints":{"allow":["GET"]}}],"collection":[{"href":"https:\/\/lavozdehellin.com\/noticias\/wp-json\/wp\/v2\/posts"}],"about":[{"href":"https:\/\/lavozdehellin.com\/noticias\/wp-json\/wp\/v2\/types\/post"}],"author":[{"embeddable":true,"href":"https:\/\/lavozdehellin.com\/noticias\/wp-json\/wp\/v2\/users\/2"}],"replies":[{"embeddable":true,"href":"https:\/\/lavozdehellin.com\/noticias\/wp-json\/wp\/v2\/comments?post=149133"}],"version-history":[{"count":0,"href":"https:\/\/lavozdehellin.com\/noticias\/wp-json\/wp\/v2\/posts\/149133\/revisions"}],"wp:featuredmedia":[{"embeddable":true,"href":"https:\/\/lavozdehellin.com\/noticias\/wp-json\/wp\/v2\/media\/149134"}],"wp:attachment":[{"href":"https:\/\/lavozdehellin.com\/noticias\/wp-json\/wp\/v2\/media?parent=149133"}],"wp:term":[{"taxonomy":"category","embeddable":true,"href":"https:\/\/lavozdehellin.com\/noticias\/wp-json\/wp\/v2\/categories?post=149133"},{"taxonomy":"post_tag","embeddable":true,"href":"https:\/\/lavozdehellin.com\/noticias\/wp-json\/wp\/v2\/tags?post=149133"}],"curies":[{"name":"wp","href":"https:\/\/api.w.org\/{rel}","templated":true}]}}