{"id":149136,"date":"2024-03-04T09:19:46","date_gmt":"2024-03-04T08:19:46","guid":{"rendered":"https:\/\/lavozdehellin.com\/noticias\/?p=149136"},"modified":"2024-03-11T09:48:43","modified_gmt":"2024-03-11T08:48:43","slug":"v08-390-la-montana-llega-al-circuito-provincial-de-btt-de-la-mano-de-lietor","status":"publish","type":"post","link":"https:\/\/lavozdehellin.com\/noticias\/v08-390-la-montana-llega-al-circuito-provincial-de-btt-de-la-mano-de-lietor\/","title":{"rendered":"LVH NOTICIAS | LA \u2018MONTA\u00d1A\u2019 LLEGA AL CIRCUITO PROVINCIAL DE BTT DE LA MANO DE LI\u00c9TOR"},"content":{"rendered":"<p style=\"text-align: justify;\">Circuito de Diputaci\u00f3n<\/p>\n<p><!--more--><br \/>\n<!--publicidad-voz01--><a href=\"https:\/\/www.facebook.com\/SoloRadioHellin\/?locale=es_ES\"><img decoding=\"async\" class=\"alignnone size-medium\" src=\"https:\/\/blogger.googleusercontent.com\/img\/b\/R29vZ2xl\/AVvXsEiNncirNnyGedv00mhjZjh5Wl4_YPdJGanoAl8tL8zH-HwqE8uHqjEfSt340RHdx-9tuCSIkZ8rFamZiGyYlgDGxCsmXjCH_1xk5eYM3ntFZRvJP_jndOKR7w1UAo9Tu0vrZyOLfqRpHIxYI5SymJJ-pfGCQw6QVpggBH-UgfjiFQ2JOxqxG0Jx94kW83c\/s1600\/logo-principal.jpg\" width=\"100%\" height=\"100\" \/><\/a><!--bestpublic-voz01--><!--desk-in-out-voz01--><br \/>\n<!--publicidad-voz02--><a href=\"https:\/\/www.hellincf.com\/\"><img decoding=\"async\" class=\"alignnone size-medium\" src=\"https:\/\/blogger.googleusercontent.com\/img\/b\/R29vZ2xl\/AVvXsEhuZ4-XfBVj3UtdP8-RZugy3WVrg-Zv28c53m4oV47qYCxL1rX_dqWX_YddsGSnpH5SRDqZ7bZeKPIfDVCDncpjVlhy3aQs2vojcJBn7Gdv9hC2_Nzct_pRFrnFE1a7KTCdY1bT_kAgnY3-iadRZrGeJf1fR2P5fu11bokx0pWjaypoy-ctwCjklldpEbA\/s1600\/logo-principal7.jpg\" width=\"100%\" height=\"100\" \/><\/a><!--bestpublic-voz02--><!--desk-in-out-voz02--><\/p>\n<p style=\"text-align: justify;\">La \u2018monta\u00f1a\u2019 llega al Circuito Provincial de BTT de la mano de Li\u00e9tor<\/p>\n<p style=\"text-align: justify;\">La Avenida de la Paz ser\u00e1 el epicentro de la quinta prueba de la temporada, que se celebrar\u00e1 este domingo a partir de las 10:00 horas<\/p>\n<p style=\"text-align: justify;\">Li\u00e9tor acoger\u00e1 la pr\u00f3xima prueba del XVII Circuito Provincial de BTT organizado por la Diputaci\u00f3n de Albacete. La Carrera BTT Villa de Li\u00e9tor se celebrar\u00e1 este domingo d\u00eda 3 de marzo, a partir de las 10:00 horas, con un trazado de 34 kil\u00f3metros para el recorrido largo y de 12\u20195 para el trazado corto. Ser\u00e1n 327 los corredores que tomen la salida en esta cita. De ellos, 295 lo har\u00e1n en el recorrido principal, mientras que los otros 32 participantes han optado por el recorrido m\u00e1s asequible.<\/p>\n<p style=\"text-align: justify;\">Despu\u00e9s de un cambio de \u00faltima hora, la Organizaci\u00f3n ha ubicado el epicentro de la prueba en la Avenida de la Paz, lugar donde se realizar\u00e1 la recogida de dorsales, salida, meta y entrega de premios.<\/p>\n<p style=\"text-align: justify;\">La Carrera BTT Villa de Li\u00e9tor, quinta prueba de la temporada, es la primera que est\u00e1 catalogada como \u2018Monta\u00f1a\u2019, por lo que la dificultad t\u00e9cnica y f\u00edsica es m\u00e1s alta que en anteriores citas.<\/p>\n<p style=\"text-align: justify;\">Desde la Avenida de la Paz, los ciclistas ir\u00e1n en direcci\u00f3n al \u2018Prao\u2019 para acceder a un tramo de caminos y sendas por parajes como el Castillarejo y la pedan\u00eda de H\u00edjar. M\u00e1s tarde subir\u00e1n por un camino a la Cumbre y comenzar\u00e1n unas sendas de descenso que les dar\u00e1n acceso a un tramo urbano para ir buscando el camino del r\u00edo Mundo. Todo esto pasando por localizaciones de gran belleza paisaj\u00edstica en la zona, como la Presa Bermeja.<\/p>\n<p style=\"text-align: justify;\">Con el paso de los kil\u00f3metros, y una vez finalizado el tramo del r\u00edo, la prueba subir\u00e1 una de las m\u00e1s famosas cuestas de los circuitos provinciales, conocida como \u2018Cuesta La Calavera\u2019, que guiar\u00e1 a los participantes hasta la entrada de la localidad por la calle Convento para desviarse por la calle del Cura y buscar la Avenida de la Paz. All\u00ed encontrar\u00e1n la tan esperada l\u00ednea de meta, despu\u00e9s de 34 kil\u00f3metros en los que tendr\u00e1n un desnivel positivo acumulado de 931 metros.<\/p>\n<p style=\"text-align: justify;\">Aunque es dif\u00edcil hacer un pron\u00f3stico, en la l\u00ednea de salida de la categor\u00eda masculina hay corredores que a buen seguro pelear\u00e1n por el triunfo, como Juan Gonz\u00e1lez Sanz, Alberto L\u00f3pez Bernab\u00e9, Javier G\u00f3mez Carpena o el actual l\u00edder del Circuito Provincial, Pedro Jes\u00fas Rodr\u00edguez.<\/p>\n<p style=\"text-align: justify;\">Por su parte, en la categor\u00eda femenina s\u00ed que aparece Luc\u00eda Navarro como principal favorita de la prueba, ya que, hasta el momento, ha ganado todas las carreras celebradas en esta presente edici\u00f3n del Circuito. Junto a ella encontramos otras corredoras con opciones, como Almudena Jim\u00e9nez, Alfonsi Villar, Ana Carolina Gonz\u00e1lez, Marta Ju\u00e1rez o Mar\u00eda del Carmen Mart\u00ednez.<\/p>\n<p style=\"text-align: justify;\">En cuanto a los premios, los tres primeros de la clasificaci\u00f3n general recibir\u00e1n medalla y obsequio, al igual que las parejas mixtas y la clasificaci\u00f3n local. Habr\u00e1 medallas para los tres primeros clasificados cada una de las categor\u00edas, as\u00ed como para el recorrido corto. El club m\u00e1s numeroso en meta recibir\u00e1 un jam\u00f3n. Como siempre, el corredor\/a que finalice la carrera en la posici\u00f3n 71 recibir\u00e1 el Premio de la Hermandad de Donantes de Sangre de Albacete.<\/p>\n<p><!--publicidad-voz03--><a href=\"https:\/\/www.facebook.com\/profile.php?id=100063593791305&amp;locale=es_ES\"><img decoding=\"async\" class=\"alignnone size-medium\" src=\"https:\/\/blogger.googleusercontent.com\/img\/b\/R29vZ2xl\/AVvXsEi8_n_ll8UOcGxCqzFvb_9Io4ICczlGC990BPtPj2w9Px-u7B3oqWUW5vtjZUqPNJ-nyjiUIorE0ATsib_l5tV8BVN-UJ03RTnU__IHJF_4DgDBtY4LIqXNG-FomrO-7ywes20CBCRM2Hcm7EJSh3UUw1dO-c_uTflUrtgY1i7uBRezj_DpympmEFkfbQY\/s1600\/logo-principal2.jpg\" width=\"100%\" height=\"100\" \/><\/a><!--bestpublic-voz03--><!--desk-in-out-voz03--><br \/>\n<!--publicidad-voz04--><a href=\"https:\/\/www.facebook.com\/profile.php?id=61557370768692&amp;locale=es_ES\"><img decoding=\"async\" class=\"alignnone size-medium\" src=\"https:\/\/blogger.googleusercontent.com\/img\/b\/R29vZ2xl\/AVvXsEgy5RdcfffrnrItnYTcV9bCJjgJwldsQLWssfVfrLbyfXeBNTFKgBf0rMIvhrUaGUhiXzVr9_eQgCbi-j63ZDpfTvLIty9w7s140y-m1yHe7eKmEK7v2NAHUJDVYGdfeiQFeRCqUjdwWmN1MX_AUxxz4IVdJ4WIM0APxit8bjWkXzrnEFGqBvW_1F13H1g\/s1600\/logo-principal5.jpg\" width=\"100%\" height=\"100\" \/><\/a><!--bestpublic-voz04--><!--desk-in-out-voz04--><br \/>\n<!--publicidad-voz05--><a href=\"https:\/\/www.facebook.com\/asociaciontamborileroshellin?locale=es_ES\"><img decoding=\"async\" class=\"alignnone size-medium\" src=\"https:\/\/blogger.googleusercontent.com\/img\/b\/R29vZ2xl\/AVvXsEhHEEpZsKK1VpwiYMrS7aE2ujtqIDZoLd4B5wtbiseSU9s2HdTdQfhF84So2XwEB1fv0BLw95GADm6hUl1bkKtzh-eIgVigXONuu_5RxeIMPhjk8q6uNX4EaEHbooKkbu7pCADWPpVJjhKIH5NQSJpWqedC-YBez4QAQeJYokkLot9bhrIaUAeztsGis6M\/s1600\/logo-principal3.jpg\" width=\"100%\" height=\"100\" \/><\/a><!--bestpublic-voz05--><!--desk-in-out-voz05--><br \/>\n<!--publicidad-voz06--><!--bestpublic-voz06--><!--desk-in-out-voz06--><br \/>\n<!--publicidad-voz07--><!--bestpublic-voz07--><!--desk-in-out-voz07--><br \/>\n<!--publicidad-voz08--><!--bestpublic-voz08--><!--desk-in-out-voz08--><br \/>\n<!--publicidad-voz09--><!--bestpublic-voz09--><!--desk-in-out-voz09--><br \/>\n<!--publicidad-voz10--><!--bestpublic-voz10--><!--desk-in-out-voz10--><br \/>\n<!--publicidad-voz11--><!--bestpublic-voz11--><!--desk-in-out-voz11--><br \/>\n<!--publicidad-voz12--><!--bestpublic-voz12--><!--desk-in-out-voz12--><br \/>\n<!--publicidad-voz13--><!--bestpublic-voz13--><!--desk-in-out-voz13--><br \/>\n<!--publicidad-voz14--><!--bestpublic-voz14--><!--desk-in-out-voz14--><br \/>\n<!--publicidad-voz15--><!--bestpublic-voz15--><!--desk-in-out-voz15--><br \/>\n<!--publicidad-voz16--><!--bestpublic-voz16--><!--desk-in-out-voz16--><\/p>\n","protected":false},"excerpt":{"rendered":"<p>Circuito de Diputaci\u00f3n<\/p>\n","protected":false},"author":2,"featured_media":149137,"comment_status":"closed","ping_status":"closed","sticky":false,"template":"","format":"standard","meta":{"footnotes":""},"categories":[753,718,715,716,717],"tags":[],"class_list":["post-149136","post","type-post","status-publish","format-standard","has-post-thumbnail","hentry","category-blog-lv034","category-blogger","category-la-voz-de-hellin","category-la-voz-de-hellin-la-voz-de-hellin","category-noticias"],"_links":{"self":[{"href":"https:\/\/lavozdehellin.com\/noticias\/wp-json\/wp\/v2\/posts\/149136","targetHints":{"allow":["GET"]}}],"collection":[{"href":"https:\/\/lavozdehellin.com\/noticias\/wp-json\/wp\/v2\/posts"}],"about":[{"href":"https:\/\/lavozdehellin.com\/noticias\/wp-json\/wp\/v2\/types\/post"}],"author":[{"embeddable":true,"href":"https:\/\/lavozdehellin.com\/noticias\/wp-json\/wp\/v2\/users\/2"}],"replies":[{"embeddable":true,"href":"https:\/\/lavozdehellin.com\/noticias\/wp-json\/wp\/v2\/comments?post=149136"}],"version-history":[{"count":0,"href":"https:\/\/lavozdehellin.com\/noticias\/wp-json\/wp\/v2\/posts\/149136\/revisions"}],"wp:featuredmedia":[{"embeddable":true,"href":"https:\/\/lavozdehellin.com\/noticias\/wp-json\/wp\/v2\/media\/149137"}],"wp:attachment":[{"href":"https:\/\/lavozdehellin.com\/noticias\/wp-json\/wp\/v2\/media?parent=149136"}],"wp:term":[{"taxonomy":"category","embeddable":true,"href":"https:\/\/lavozdehellin.com\/noticias\/wp-json\/wp\/v2\/categories?post=149136"},{"taxonomy":"post_tag","embeddable":true,"href":"https:\/\/lavozdehellin.com\/noticias\/wp-json\/wp\/v2\/tags?post=149136"}],"curies":[{"name":"wp","href":"https:\/\/api.w.org\/{rel}","templated":true}]}}