{"id":149139,"date":"2024-03-05T15:46:16","date_gmt":"2024-03-05T14:46:16","guid":{"rendered":"https:\/\/lavozdehellin.com\/noticias\/?p=149139"},"modified":"2024-03-11T09:48:43","modified_gmt":"2024-03-11T08:48:43","slug":"v08-391-semana-de-musica-religiosa-2024","status":"publish","type":"post","link":"https:\/\/lavozdehellin.com\/noticias\/v08-391-semana-de-musica-religiosa-2024\/","title":{"rendered":"LVH NOTICIAS | SEMANA DE M\u00daSICA RELIGIOSA 2024"},"content":{"rendered":"<p style=\"text-align: justify;\">SEMANA DE M\u00daSICA RELIGIOSA<\/p>\n<p><!--more--><br \/>\n<!--publicidad-voz01--><a href=\"https:\/\/www.facebook.com\/SoloRadioHellin\/?locale=es_ES\"><img decoding=\"async\" class=\"alignnone size-medium\" src=\"https:\/\/blogger.googleusercontent.com\/img\/b\/R29vZ2xl\/AVvXsEiNncirNnyGedv00mhjZjh5Wl4_YPdJGanoAl8tL8zH-HwqE8uHqjEfSt340RHdx-9tuCSIkZ8rFamZiGyYlgDGxCsmXjCH_1xk5eYM3ntFZRvJP_jndOKR7w1UAo9Tu0vrZyOLfqRpHIxYI5SymJJ-pfGCQw6QVpggBH-UgfjiFQ2JOxqxG0Jx94kW83c\/s1600\/logo-principal.jpg\" width=\"100%\" height=\"100\" \/><\/a><!--bestpublic-voz01--><!--desk-in-out-voz01--><br \/>\n<!--publicidad-voz02--><a href=\"https:\/\/www.hellincf.com\/\"><img decoding=\"async\" class=\"alignnone size-medium\" src=\"https:\/\/blogger.googleusercontent.com\/img\/b\/R29vZ2xl\/AVvXsEhuZ4-XfBVj3UtdP8-RZugy3WVrg-Zv28c53m4oV47qYCxL1rX_dqWX_YddsGSnpH5SRDqZ7bZeKPIfDVCDncpjVlhy3aQs2vojcJBn7Gdv9hC2_Nzct_pRFrnFE1a7KTCdY1bT_kAgnY3-iadRZrGeJf1fR2P5fu11bokx0pWjaypoy-ctwCjklldpEbA\/s1600\/logo-principal7.jpg\" width=\"100%\" height=\"100\" \/><\/a><!--bestpublic-voz02--><!--desk-in-out-voz02--><\/p>\n<p style=\"text-align: justify;\">GRUPO DE ADORADORES. IGLESIAS EVANG\u00c9LICAS.<\/p>\n<p style=\"text-align: justify;\">DOMINGO 17 DE MARZO \/ 18:00 HORAS \/ PABELL\u00d3N N\u00ba 2<\/p>\n<p style=\"text-align: justify;\">La m\u00fasica evang\u00e9lica es el resultado de la fusi\u00f3n de la fe cristiana con las tradiciones musicales gitanas. Los gitanos son un grupo \u00e9tnico n\u00f3mada que ha tenido una gran influencia en la m\u00fasica de diversas regiones del mundo.<\/p>\n<p style=\"text-align: justify;\">Esta mezcla de elementos musicales gitanos con letras y temas evang\u00e9licos ha dado lugar a un estilo distintivo y apasionado. La m\u00fasica evang\u00e9lica gitana a menudo incorpora instrumentos tradicionales como la guitarra flamenca, la percusi\u00f3n r\u00edtmica y el cante jondo. Las letras suelen ser emotivas y expresivas, y la m\u00fasica en s\u00ed es vibrante y en\u00e9rgica, con ritmos contagiosos que invitan a bailar y celebrar.<\/p>\n<p style=\"text-align: justify;\">CORAL SAN RAFAEL.<\/p>\n<p style=\"text-align: justify;\">LUNES 18 DE MARZO \/ 20:30 HORAS \/ CONVENTO DE FRANCISCANOS<\/p>\n<p style=\"text-align: justify;\">En este concierto, podremos escuchar algunas de las obras m\u00e1s significativas de la m\u00fasica Coral a trav\u00e9s de toda la historia de la m\u00fasica, desde sus ra\u00edces en el canto gregoriano, a la m\u00fasica polif\u00f3nica de hoy en d\u00eda.<\/p>\n<p style=\"text-align: justify;\">La Coral San Rafael estar\u00e1 acompa\u00f1ar\u00e1 en esta ocasi\u00f3n con L\u00e1zaro Fern\u00e1ndez al piano, y ofrecer\u00e1n un repertorio en el que entre otras piezas escucharemos el Stabat Mater, Salve Regina o la banda sonora de La misi\u00f3n de Elio Morricone.<\/p>\n<p style=\"text-align: justify;\">HOVHANNES KARAKHANYAN. EL DUDUK.<\/p>\n<p style=\"text-align: justify;\">MARTES 19 DE MARZO \/ 20:30 HORAS \/ CONVENTO DE FRANCISCANOS<\/p>\n<p style=\"text-align: justify;\">Hovhannes Karakhanyan, es un m\u00fasico armenio diplomado en el conservatorio y especializado en instrumentos de viento, especialmente en el duduk. El sonido del duduk es una mezcla de melancol\u00eda y dulzura, situ\u00e1ndose a medio camino entre Europa y Asia, lo que hace que su cultura sea muy rica. Hoy podemos escuchar el duduk en muchas pel\u00edculas, como La \u00faltima tentaci\u00f3n de Cristo, Gladiator o El c\u00f3digo Da Vinci.<\/p>\n<p style=\"text-align: justify;\">Desde 2005, El duduk y su m\u00fasica est\u00e1n inscritos en la Lista representativa del Patrimonio Cultural Inmaterial de la Humanidad UNESCO.<\/p>\n<p style=\"text-align: justify;\">ILUNI M\u00daSICA.<\/p>\n<p style=\"text-align: justify;\">MI\u00c9RCOLES 20 DE MARZO \/ 20:30 HORAS \/ CONVENTO FRANCISCANOS.<\/p>\n<p style=\"text-align: justify;\">El grupo Iluni Musica ha venido desarrollando durante muchos a\u00f1os una continuada actividad concert\u00edstica encaminada a difundir la m\u00fasica anterior al siglo XIX. El repertorio, est\u00e1 centrado en la actualidad en el periodo barroco y precl\u00e1sico. Las interpretaciones se realizan con instrumentos originales y criterios historicistas para conseguir recrear los m\u00e1s fielmente posible la sonoridad de cada \u00e9poca, disponiendo de una amplia colecci\u00f3n de r\u00e9plicas exactas de instrumentos antiguos.<\/p>\n<p style=\"text-align: justify;\">Para esta edici\u00f3n de la Semana de M\u00fasica Religiosa, Iluni hace un homenaje al V centenario de la fundaci\u00f3n del Convento de Franciscano en Hell\u00edn. En este lugar la m\u00fasica ten\u00eda una gran presencia diaria con el coro y el \u00f3rgano en las horas can\u00f3nicas.<\/p>\n<p style=\"text-align: justify;\">Adem\u00e1s, en las celebraciones solemnes, se ve\u00eda reforzada por los m\u00fasicos de la capilla parroquial, primero con instrumentos de viento, y luego con los de cuerda, con m\u00fasicas hoy perdidas.<\/p>\n<p style=\"text-align: justify;\">DEM\u00daSICA ENSEMBLE.<\/p>\n<p style=\"text-align: justify;\">JUEVES 21 DE MARZO \/ 20:30 HORAS \/ CONVENTO DE FRANCISCANOS<\/p>\n<p style=\"text-align: justify;\">DeM\u00fasica Ensemble es un grupo coral femenino de Murcia, dirigido por la doctora en musicolog\u00eda M\u00aa \u00c1ngeles Zapata. Con este concierto DeM\u00fasica Ensemble pretende evocar los sonidos que llenaron los espacios de los conventos femeninos de los siglos XVI y XVII y de lo que ser\u00edan sus capillas musicales, rindiendo homenaje a las monjas que desarrollaron su arte musical tras los muros y celos\u00edas de los monasterios.<\/p>\n<p style=\"text-align: justify;\">DeMusica Ensemble interpretar\u00e1 una reconstrucci\u00f3n del Oficio de V\u00edsperas de sor Josefa Pujante, intercalando canto llano y polifon\u00eda. Para ello, se contar\u00e1 en esta ocasi\u00f3n con voces e instrumentos de viento tal y como se hac\u00eda en la \u00e9poca.<\/p>\n<p><!--publicidad-voz03--><a href=\"https:\/\/www.facebook.com\/profile.php?id=100063593791305&amp;locale=es_ES\"><img decoding=\"async\" class=\"alignnone size-medium\" src=\"https:\/\/blogger.googleusercontent.com\/img\/b\/R29vZ2xl\/AVvXsEi8_n_ll8UOcGxCqzFvb_9Io4ICczlGC990BPtPj2w9Px-u7B3oqWUW5vtjZUqPNJ-nyjiUIorE0ATsib_l5tV8BVN-UJ03RTnU__IHJF_4DgDBtY4LIqXNG-FomrO-7ywes20CBCRM2Hcm7EJSh3UUw1dO-c_uTflUrtgY1i7uBRezj_DpympmEFkfbQY\/s1600\/logo-principal2.jpg\" width=\"100%\" height=\"100\" \/><\/a><!--bestpublic-voz03--><!--desk-in-out-voz03--><br \/>\n<!--publicidad-voz04--><a href=\"https:\/\/www.facebook.com\/profile.php?id=61557370768692&amp;locale=es_ES\"><img decoding=\"async\" class=\"alignnone size-medium\" src=\"https:\/\/blogger.googleusercontent.com\/img\/b\/R29vZ2xl\/AVvXsEgy5RdcfffrnrItnYTcV9bCJjgJwldsQLWssfVfrLbyfXeBNTFKgBf0rMIvhrUaGUhiXzVr9_eQgCbi-j63ZDpfTvLIty9w7s140y-m1yHe7eKmEK7v2NAHUJDVYGdfeiQFeRCqUjdwWmN1MX_AUxxz4IVdJ4WIM0APxit8bjWkXzrnEFGqBvW_1F13H1g\/s1600\/logo-principal5.jpg\" width=\"100%\" height=\"100\" \/><\/a><!--bestpublic-voz04--><!--desk-in-out-voz04--><br \/>\n<!--publicidad-voz05--><a href=\"https:\/\/www.facebook.com\/asociaciontamborileroshellin?locale=es_ES\"><img decoding=\"async\" class=\"alignnone size-medium\" src=\"https:\/\/blogger.googleusercontent.com\/img\/b\/R29vZ2xl\/AVvXsEhHEEpZsKK1VpwiYMrS7aE2ujtqIDZoLd4B5wtbiseSU9s2HdTdQfhF84So2XwEB1fv0BLw95GADm6hUl1bkKtzh-eIgVigXONuu_5RxeIMPhjk8q6uNX4EaEHbooKkbu7pCADWPpVJjhKIH5NQSJpWqedC-YBez4QAQeJYokkLot9bhrIaUAeztsGis6M\/s1600\/logo-principal3.jpg\" width=\"100%\" height=\"100\" \/><\/a><!--bestpublic-voz05--><!--desk-in-out-voz05--><br \/>\n<!--publicidad-voz06--><!--bestpublic-voz06--><!--desk-in-out-voz06--><br \/>\n<!--publicidad-voz07--><!--bestpublic-voz07--><!--desk-in-out-voz07--><br \/>\n<!--publicidad-voz08--><!--bestpublic-voz08--><!--desk-in-out-voz08--><br \/>\n<!--publicidad-voz09--><!--bestpublic-voz09--><!--desk-in-out-voz09--><br \/>\n<!--publicidad-voz10--><!--bestpublic-voz10--><!--desk-in-out-voz10--><br \/>\n<!--publicidad-voz11--><!--bestpublic-voz11--><!--desk-in-out-voz11--><br \/>\n<!--publicidad-voz12--><!--bestpublic-voz12--><!--desk-in-out-voz12--><br \/>\n<!--publicidad-voz13--><!--bestpublic-voz13--><!--desk-in-out-voz13--><br \/>\n<!--publicidad-voz14--><!--bestpublic-voz14--><!--desk-in-out-voz14--><br \/>\n<!--publicidad-voz15--><!--bestpublic-voz15--><!--desk-in-out-voz15--><br \/>\n<!--publicidad-voz16--><!--bestpublic-voz16--><!--desk-in-out-voz16--><\/p>\n","protected":false},"excerpt":{"rendered":"<p>SEMANA DE M\u00daSICA RELIGIOSA<\/p>\n","protected":false},"author":2,"featured_media":149140,"comment_status":"closed","ping_status":"closed","sticky":false,"template":"","format":"standard","meta":{"footnotes":""},"categories":[753,718,715,716,717],"tags":[],"class_list":["post-149139","post","type-post","status-publish","format-standard","has-post-thumbnail","hentry","category-blog-lv034","category-blogger","category-la-voz-de-hellin","category-la-voz-de-hellin-la-voz-de-hellin","category-noticias"],"_links":{"self":[{"href":"https:\/\/lavozdehellin.com\/noticias\/wp-json\/wp\/v2\/posts\/149139","targetHints":{"allow":["GET"]}}],"collection":[{"href":"https:\/\/lavozdehellin.com\/noticias\/wp-json\/wp\/v2\/posts"}],"about":[{"href":"https:\/\/lavozdehellin.com\/noticias\/wp-json\/wp\/v2\/types\/post"}],"author":[{"embeddable":true,"href":"https:\/\/lavozdehellin.com\/noticias\/wp-json\/wp\/v2\/users\/2"}],"replies":[{"embeddable":true,"href":"https:\/\/lavozdehellin.com\/noticias\/wp-json\/wp\/v2\/comments?post=149139"}],"version-history":[{"count":0,"href":"https:\/\/lavozdehellin.com\/noticias\/wp-json\/wp\/v2\/posts\/149139\/revisions"}],"wp:featuredmedia":[{"embeddable":true,"href":"https:\/\/lavozdehellin.com\/noticias\/wp-json\/wp\/v2\/media\/149140"}],"wp:attachment":[{"href":"https:\/\/lavozdehellin.com\/noticias\/wp-json\/wp\/v2\/media?parent=149139"}],"wp:term":[{"taxonomy":"category","embeddable":true,"href":"https:\/\/lavozdehellin.com\/noticias\/wp-json\/wp\/v2\/categories?post=149139"},{"taxonomy":"post_tag","embeddable":true,"href":"https:\/\/lavozdehellin.com\/noticias\/wp-json\/wp\/v2\/tags?post=149139"}],"curies":[{"name":"wp","href":"https:\/\/api.w.org\/{rel}","templated":true}]}}