{"id":149148,"date":"2024-03-05T20:23:06","date_gmt":"2024-03-05T19:23:06","guid":{"rendered":"https:\/\/lavozdehellin.com\/noticias\/?p=149148"},"modified":"2024-03-11T09:48:43","modified_gmt":"2024-03-11T08:48:43","slug":"v08-394-la-guardia-civil-de-albacete-detiene-a-una-persona-por-un-delito-contra-la-salud-publica-en-un-dispositivo-operativo-en-la-autovia-a-43","status":"publish","type":"post","link":"https:\/\/lavozdehellin.com\/noticias\/v08-394-la-guardia-civil-de-albacete-detiene-a-una-persona-por-un-delito-contra-la-salud-publica-en-un-dispositivo-operativo-en-la-autovia-a-43\/","title":{"rendered":"LVH NOTICIAS | LA GUARDIA CIVIL DE ALBACETE DETIENE A UNA PERSONA POR UN DELITO CONTRA LA SALUD P\u00daBLICA EN UN DISPOSITIVO OPERATIVO EN LA AUTOV\u00cdA A-43"},"content":{"rendered":"<p style=\"text-align: justify;\">El detenido transportaba la droga en el interior del veh\u00edculo que conduc\u00eda, distribuida en seis fardos que arrojaron un peso de 280 kilos<\/p>\n<p><!--more--><br \/>\n<!--publicidad-voz01--><a href=\"https:\/\/www.facebook.com\/SoloRadioHellin\/?locale=es_ES\"><img decoding=\"async\" class=\"alignnone size-medium\" src=\"https:\/\/blogger.googleusercontent.com\/img\/b\/R29vZ2xl\/AVvXsEiNncirNnyGedv00mhjZjh5Wl4_YPdJGanoAl8tL8zH-HwqE8uHqjEfSt340RHdx-9tuCSIkZ8rFamZiGyYlgDGxCsmXjCH_1xk5eYM3ntFZRvJP_jndOKR7w1UAo9Tu0vrZyOLfqRpHIxYI5SymJJ-pfGCQw6QVpggBH-UgfjiFQ2JOxqxG0Jx94kW83c\/s1600\/logo-principal.jpg\" width=\"100%\" height=\"100\" \/><\/a><!--bestpublic-voz01--><!--desk-in-out-voz01--><br \/>\n<!--publicidad-voz02--><a href=\"https:\/\/www.hellincf.com\/\"><img decoding=\"async\" class=\"alignnone size-medium\" src=\"https:\/\/blogger.googleusercontent.com\/img\/b\/R29vZ2xl\/AVvXsEhuZ4-XfBVj3UtdP8-RZugy3WVrg-Zv28c53m4oV47qYCxL1rX_dqWX_YddsGSnpH5SRDqZ7bZeKPIfDVCDncpjVlhy3aQs2vojcJBn7Gdv9hC2_Nzct_pRFrnFE1a7KTCdY1bT_kAgnY3-iadRZrGeJf1fR2P5fu11bokx0pWjaypoy-ctwCjklldpEbA\/s1600\/logo-principal7.jpg\" width=\"100%\" height=\"100\" \/><\/a><!--bestpublic-voz02--><!--desk-in-out-voz02--><\/p>\n<p style=\"text-align: justify;\">Se han retirado del mercado il\u00edcito y del futuro consumo humano unas 56.000 dosis de hach\u00eds<\/p>\n<p style=\"text-align: justify;\">Efectivos de la Unidad de Seguridad Ciudadana (USECIC), pertenecientes a la Comandancia de la Guardia Civil de Albacete, han detenido a un vecino de la localidad gerundense de San Feliu de Guixols, de 29 a\u00f1os de edad, como presunto autor de un delito contra la salud p\u00fablica, en la modalidad de tr\u00e1fico de drogas, tras incautar en el veh\u00edculo que conduc\u00eda seis fardos que conten\u00edan 280 kilos de hach\u00eds.<\/p>\n<p style=\"text-align: justify;\">Actuaciones<\/p>\n<p style=\"text-align: justify;\">A ra\u00edz de un dispositivo operativo establecido por efectivos de la USECIC de la Benem\u00e9rita albacete\u00f1a, en la autov\u00eda A-43, dentro del t\u00e9rmino municipal de Villarrobledo, encaminado a controlar la circulaci\u00f3n de personas y veh\u00edculos sospechosos de traficar con drogas y cometer delitos contra el patrimonio, observaron la maniobra que realizaba el conductor de un turismo para tratar de eludir el operativo policial, sin conseguir su prop\u00f3sito gracias a la r\u00e1pida actuaci\u00f3n de los agentes del Cuerpo.<\/p>\n<p style=\"text-align: justify;\">Una vez identificado su conductor y \u00fanico ocupante, se realiz\u00f3 una inspecci\u00f3n del veh\u00edculo, localizando en la parte trasera y en el maletero seis fardos de arpillera que conten\u00edan una sustancia de color marr\u00f3n que, tras ser analizada con un narcotest, result\u00f3 ser hach\u00eds.<\/p>\n<p style=\"text-align: justify;\">Esta droga, que se encontraba distribuida en pastillas de unos 100 gramos de peso, arroj\u00f3 un peso total de 280 kilos.<\/p>\n<p style=\"text-align: justify;\">56.000 dosis de hach\u00eds fuera del consumo humano<\/p>\n<p style=\"text-align: justify;\">Con esta actuaci\u00f3n, la Guardia Civil ha impedido que las 56.000 dosis, que podr\u00edan haberse elaborado con el hach\u00eds incautado, fueran destinadas al tr\u00e1fico de drogas y finalmente consumidas por nuestros ciudadanos.<\/p>\n<p style=\"text-align: justify;\">Plan \u201cTELOS\u201d contra el tr\u00e1fico de hach\u00eds<\/p>\n<p style=\"text-align: justify;\">La aprehensi\u00f3n de la droga se enmarca dentro del Plan \u201cTELOS\u201d, de \u00e1mbito nacional, un plan que da respuesta a la lucha contra el tr\u00e1fico de hach\u00eds procedente de Marruecos, origen en este caso de estupefaciente y cuyo destino final supuestamente era la costa levantina.<\/p>\n<p style=\"text-align: justify;\">Diligencias \/ detenido<\/p>\n<p style=\"text-align: justify;\">Tanto el detenido como las diligencias instruidas han sido puestas a disposici\u00f3n del Juzgado de Instrucci\u00f3n de la localidad albacete\u00f1a de Villarrobledo, en funciones de guardia.<\/p>\n<p style=\"text-align: justify;\">El veh\u00edculo en el que viajaba el detenido y donde fue descubierta la droga ha quedado a disposici\u00f3n de la autoridad judicial que entiende del asunto.<\/p>\n<p><!--publicidad-voz03--><a href=\"https:\/\/www.facebook.com\/profile.php?id=100063593791305&amp;locale=es_ES\"><img decoding=\"async\" class=\"alignnone size-medium\" src=\"https:\/\/blogger.googleusercontent.com\/img\/b\/R29vZ2xl\/AVvXsEi8_n_ll8UOcGxCqzFvb_9Io4ICczlGC990BPtPj2w9Px-u7B3oqWUW5vtjZUqPNJ-nyjiUIorE0ATsib_l5tV8BVN-UJ03RTnU__IHJF_4DgDBtY4LIqXNG-FomrO-7ywes20CBCRM2Hcm7EJSh3UUw1dO-c_uTflUrtgY1i7uBRezj_DpympmEFkfbQY\/s1600\/logo-principal2.jpg\" width=\"100%\" height=\"100\" \/><\/a><!--bestpublic-voz03--><!--desk-in-out-voz03--><br \/>\n<!--publicidad-voz04--><a href=\"https:\/\/www.facebook.com\/profile.php?id=61557370768692&amp;locale=es_ES\"><img decoding=\"async\" class=\"alignnone size-medium\" src=\"https:\/\/blogger.googleusercontent.com\/img\/b\/R29vZ2xl\/AVvXsEgy5RdcfffrnrItnYTcV9bCJjgJwldsQLWssfVfrLbyfXeBNTFKgBf0rMIvhrUaGUhiXzVr9_eQgCbi-j63ZDpfTvLIty9w7s140y-m1yHe7eKmEK7v2NAHUJDVYGdfeiQFeRCqUjdwWmN1MX_AUxxz4IVdJ4WIM0APxit8bjWkXzrnEFGqBvW_1F13H1g\/s1600\/logo-principal5.jpg\" width=\"100%\" height=\"100\" \/><\/a><!--bestpublic-voz04--><!--desk-in-out-voz04--><br \/>\n<!--publicidad-voz05--><a href=\"https:\/\/www.facebook.com\/asociaciontamborileroshellin?locale=es_ES\"><img decoding=\"async\" class=\"alignnone size-medium\" src=\"https:\/\/blogger.googleusercontent.com\/img\/b\/R29vZ2xl\/AVvXsEhHEEpZsKK1VpwiYMrS7aE2ujtqIDZoLd4B5wtbiseSU9s2HdTdQfhF84So2XwEB1fv0BLw95GADm6hUl1bkKtzh-eIgVigXONuu_5RxeIMPhjk8q6uNX4EaEHbooKkbu7pCADWPpVJjhKIH5NQSJpWqedC-YBez4QAQeJYokkLot9bhrIaUAeztsGis6M\/s1600\/logo-principal3.jpg\" width=\"100%\" height=\"100\" \/><\/a><!--bestpublic-voz05--><!--desk-in-out-voz05--><br \/>\n<!--publicidad-voz06--><!--bestpublic-voz06--><!--desk-in-out-voz06--><br \/>\n<!--publicidad-voz07--><!--bestpublic-voz07--><!--desk-in-out-voz07--><br \/>\n<!--publicidad-voz08--><!--bestpublic-voz08--><!--desk-in-out-voz08--><br \/>\n<!--publicidad-voz09--><!--bestpublic-voz09--><!--desk-in-out-voz09--><br \/>\n<!--publicidad-voz10--><!--bestpublic-voz10--><!--desk-in-out-voz10--><br \/>\n<!--publicidad-voz11--><!--bestpublic-voz11--><!--desk-in-out-voz11--><br \/>\n<!--publicidad-voz12--><!--bestpublic-voz12--><!--desk-in-out-voz12--><br \/>\n<!--publicidad-voz13--><!--bestpublic-voz13--><!--desk-in-out-voz13--><br \/>\n<!--publicidad-voz14--><!--bestpublic-voz14--><!--desk-in-out-voz14--><br \/>\n<!--publicidad-voz15--><!--bestpublic-voz15--><!--desk-in-out-voz15--><br \/>\n<!--publicidad-voz16--><!--bestpublic-voz16--><!--desk-in-out-voz16--><\/p>\n","protected":false},"excerpt":{"rendered":"<p>El detenido transportaba la droga en el interior del veh\u00edculo que conduc\u00eda, distribuida en seis fardos que arrojaron un peso de 280 kilos<\/p>\n","protected":false},"author":2,"featured_media":149149,"comment_status":"closed","ping_status":"closed","sticky":false,"template":"","format":"standard","meta":{"footnotes":""},"categories":[753,718,715,716,717],"tags":[],"class_list":["post-149148","post","type-post","status-publish","format-standard","has-post-thumbnail","hentry","category-blog-lv034","category-blogger","category-la-voz-de-hellin","category-la-voz-de-hellin-la-voz-de-hellin","category-noticias"],"_links":{"self":[{"href":"https:\/\/lavozdehellin.com\/noticias\/wp-json\/wp\/v2\/posts\/149148","targetHints":{"allow":["GET"]}}],"collection":[{"href":"https:\/\/lavozdehellin.com\/noticias\/wp-json\/wp\/v2\/posts"}],"about":[{"href":"https:\/\/lavozdehellin.com\/noticias\/wp-json\/wp\/v2\/types\/post"}],"author":[{"embeddable":true,"href":"https:\/\/lavozdehellin.com\/noticias\/wp-json\/wp\/v2\/users\/2"}],"replies":[{"embeddable":true,"href":"https:\/\/lavozdehellin.com\/noticias\/wp-json\/wp\/v2\/comments?post=149148"}],"version-history":[{"count":0,"href":"https:\/\/lavozdehellin.com\/noticias\/wp-json\/wp\/v2\/posts\/149148\/revisions"}],"wp:featuredmedia":[{"embeddable":true,"href":"https:\/\/lavozdehellin.com\/noticias\/wp-json\/wp\/v2\/media\/149149"}],"wp:attachment":[{"href":"https:\/\/lavozdehellin.com\/noticias\/wp-json\/wp\/v2\/media?parent=149148"}],"wp:term":[{"taxonomy":"category","embeddable":true,"href":"https:\/\/lavozdehellin.com\/noticias\/wp-json\/wp\/v2\/categories?post=149148"},{"taxonomy":"post_tag","embeddable":true,"href":"https:\/\/lavozdehellin.com\/noticias\/wp-json\/wp\/v2\/tags?post=149148"}],"curies":[{"name":"wp","href":"https:\/\/api.w.org\/{rel}","templated":true}]}}