{"id":149151,"date":"2024-03-05T20:25:05","date_gmt":"2024-03-05T19:25:05","guid":{"rendered":"https:\/\/lavozdehellin.com\/noticias\/?p=149151"},"modified":"2024-03-11T09:48:43","modified_gmt":"2024-03-11T08:48:43","slug":"v08-395-la-guardia-civil-de-albacete-detiene-a-dos-personas-e-investiga-a-otra-como-autoras-de-siete-delitos-de-hurto-y-uno-de-receptacion","status":"publish","type":"post","link":"https:\/\/lavozdehellin.com\/noticias\/v08-395-la-guardia-civil-de-albacete-detiene-a-dos-personas-e-investiga-a-otra-como-autoras-de-siete-delitos-de-hurto-y-uno-de-receptacion\/","title":{"rendered":"LVH NOTICIAS | LA GUARDIA CIVIL DE ALBACETE DETIENE A DOS PERSONAS E INVESTIGA A OTRA COMO AUTORAS DE SIETE DELITOS DE HURTO Y UNO DE RECEPTACI\u00d3N"},"content":{"rendered":"<p style=\"text-align: justify;\">Los autores sustrajeron varios palets de cebollas, sacas de abono y pacas de alfalfa que se encontraban depositadas en terrenos agr\u00edcolas<\/p>\n<p><!--more--><br \/>\n<!--publicidad-voz01--><a href=\"https:\/\/www.facebook.com\/SoloRadioHellin\/?locale=es_ES\"><img decoding=\"async\" class=\"alignnone size-medium\" src=\"https:\/\/blogger.googleusercontent.com\/img\/b\/R29vZ2xl\/AVvXsEiNncirNnyGedv00mhjZjh5Wl4_YPdJGanoAl8tL8zH-HwqE8uHqjEfSt340RHdx-9tuCSIkZ8rFamZiGyYlgDGxCsmXjCH_1xk5eYM3ntFZRvJP_jndOKR7w1UAo9Tu0vrZyOLfqRpHIxYI5SymJJ-pfGCQw6QVpggBH-UgfjiFQ2JOxqxG0Jx94kW83c\/s1600\/logo-principal.jpg\" width=\"100%\" height=\"100\" \/><\/a><!--bestpublic-voz01--><!--desk-in-out-voz01--><br \/>\n<!--publicidad-voz02--><a href=\"https:\/\/www.hellincf.com\/\"><img decoding=\"async\" class=\"alignnone size-medium\" src=\"https:\/\/blogger.googleusercontent.com\/img\/b\/R29vZ2xl\/AVvXsEhuZ4-XfBVj3UtdP8-RZugy3WVrg-Zv28c53m4oV47qYCxL1rX_dqWX_YddsGSnpH5SRDqZ7bZeKPIfDVCDncpjVlhy3aQs2vojcJBn7Gdv9hC2_Nzct_pRFrnFE1a7KTCdY1bT_kAgnY3-iadRZrGeJf1fR2P5fu11bokx0pWjaypoy-ctwCjklldpEbA\/s1600\/logo-principal7.jpg\" width=\"100%\" height=\"100\" \/><\/a><!--bestpublic-voz02--><!--desk-in-out-voz02--><\/p>\n<p style=\"text-align: justify;\">Para sustraer los efectos, de gran volumen y peso, utilizaron un cami\u00f3n con gr\u00faa<\/p>\n<p style=\"text-align: justify;\">Efectivos del Equipo ROCA de la Guardia Civil de Albacete, dentro del marco de la operaci\u00f3n \u201cKRANBIL\u201d, han detenido a dos personas, de 30 y 36 a\u00f1os de edad, vecinos de Albacete, como presuntos autores de siete delitos de hurto. Igualmente se ha investigado a un vecino de la localidad albacete\u00f1a de Pe\u00f1as de San Pedro, de 38 a\u00f1os, como presunto autor de un delito de receptaci\u00f3n de parte de los efectos sustra\u00eddos.<\/p>\n<p style=\"text-align: justify;\">La Guardia Civil ha conseguido recuperar parte de los efectos sustra\u00eddos en los hurtos que fueron localizados en una finca del t\u00e9rmino municipal de Pe\u00f1as de San Pedro (Albacete)<\/p>\n<p style=\"text-align: justify;\">Investigaciones<\/p>\n<p style=\"text-align: justify;\">Los hechos tuvieron lugar entre los meses de junio y noviembre de 2023, cuando la Guardia Civil detect\u00f3 la sustracci\u00f3n de productos agr\u00edcolas y fertilizantes para los mismos en parcelas agr\u00edcolas de los t\u00e9rminos municipales de Motilleja, Barrax, Chinchilla de Monte-Arag\u00f3n y Albacete, valorados por sus propietarios en m\u00e1s de 41.000 euros.<\/p>\n<p style=\"text-align: justify;\">Las primeras investigaciones, permitieron conocer el &#8216;modus operandi&#8217; utilizado por los autores para cometer los hurtos y saber que, entre los mismos, hab\u00eda personas conocedoras de las zonas afectadas que utilizaban un cami\u00f3n-gr\u00faa o similar para sustraer los efectos debido a su gran peso y volumen, concretamente 10 palets de cebollas, 77 pacas de alfalfa y 20 sacas de abono.<\/p>\n<p style=\"text-align: justify;\">Utilizaban un cami\u00f3n con gr\u00faa para sustraer los efectos<\/p>\n<p style=\"text-align: justify;\">En el transcurso de las investigaciones, el Equipo ROCA de la Benem\u00e9rita consigui\u00f3 localizar el cami\u00f3n utilizado en los hechos delictivos, el cual llevaba acoplada una gr\u00faa que era la que mov\u00eda y cargaba los objetos pesados y voluminosos que sustra\u00edan en las explotaciones agropecuarias.<\/p>\n<p style=\"text-align: justify;\">Adem\u00e1s, los autores utilizaban veh\u00edculos de alquiler de gran tama\u00f1o, donde transportaban los objetos sustra\u00eddos en los hurtos y que despu\u00e9s ofertaban en diferentes localidades de la provincia albacete\u00f1a a bajo precio.<\/p>\n<p style=\"text-align: justify;\">La fase final de la operaci\u00f3n permiti\u00f3 identificar y detener a los dos autores de los hechos delictivos, que resultaron ser vecinos de Albacete y con antecedentes policiales por il\u00edcitos penales contra el patrimonio de similares caracter\u00edsticas a los investigados.<br \/>\nEfectos recuperados por el Equipo ROCA<\/p>\n<p style=\"text-align: justify;\">La operaci\u00f3n \u201cKRANBIL\u201d ha permitido esclarecer un total de siete hurtos y cometidos en explotaciones agr\u00edcolas de los t\u00e9rminos municipales de Motilleja, Barrax, Chinchilla de Monte-Arag\u00f3n y Albacete,<\/p>\n<p style=\"text-align: justify;\">Se han recuperado, en una pedan\u00eda de Pe\u00f1as de San Pedro, 12 pacas de alfalfa con un peso total de 6.000 kilos, as\u00ed como 14 sacas de abono de nitrato que arrojaron un peso de 8.400 kilos, motivo por el cual ha sido investigada una persona por un delito de receptaci\u00f3n.<\/p>\n<p style=\"text-align: justify;\">Estos efectos, recuperados por la Guardia Civil en la operaci\u00f3n policial, ya se encuentran en poder de sus leg\u00edtimos propietarios.<\/p>\n<p style=\"text-align: justify;\">Unidades intervinientes<\/p>\n<p style=\"text-align: justify;\">La operaci\u00f3n policial ha sido dirigida y coordinada por el Equipo de Robos en el Campo (ROCA) de la Guardia Civil de Albacete, contando con el apoyo del Servicio de Protecci\u00f3n de la Naturaleza de la Comandancia de la Guardia Civil de Albacete para la recuperaci\u00f3n de los efectos sustra\u00eddos.<\/p>\n<p style=\"text-align: justify;\">Diligencias instruidas \/ detenidos<\/p>\n<p style=\"text-align: justify;\">Las diligencias policiales, instruidas por el Equipo de Robos en el Campo de la Benem\u00e9rita albacete\u00f1a, junto con los detenidos, han sido puestas disposici\u00f3n del Juzgado de Instrucci\u00f3n N\u00ba TRES de Albacete, que ha entendido de las actuaciones.<\/p>\n<p><!--publicidad-voz03--><a href=\"https:\/\/www.facebook.com\/profile.php?id=100063593791305&amp;locale=es_ES\"><img decoding=\"async\" class=\"alignnone size-medium\" src=\"https:\/\/blogger.googleusercontent.com\/img\/b\/R29vZ2xl\/AVvXsEi8_n_ll8UOcGxCqzFvb_9Io4ICczlGC990BPtPj2w9Px-u7B3oqWUW5vtjZUqPNJ-nyjiUIorE0ATsib_l5tV8BVN-UJ03RTnU__IHJF_4DgDBtY4LIqXNG-FomrO-7ywes20CBCRM2Hcm7EJSh3UUw1dO-c_uTflUrtgY1i7uBRezj_DpympmEFkfbQY\/s1600\/logo-principal2.jpg\" width=\"100%\" height=\"100\" \/><\/a><!--bestpublic-voz03--><!--desk-in-out-voz03--><br \/>\n<!--publicidad-voz04--><a href=\"https:\/\/www.facebook.com\/profile.php?id=61557370768692&amp;locale=es_ES\"><img decoding=\"async\" class=\"alignnone size-medium\" src=\"https:\/\/blogger.googleusercontent.com\/img\/b\/R29vZ2xl\/AVvXsEgy5RdcfffrnrItnYTcV9bCJjgJwldsQLWssfVfrLbyfXeBNTFKgBf0rMIvhrUaGUhiXzVr9_eQgCbi-j63ZDpfTvLIty9w7s140y-m1yHe7eKmEK7v2NAHUJDVYGdfeiQFeRCqUjdwWmN1MX_AUxxz4IVdJ4WIM0APxit8bjWkXzrnEFGqBvW_1F13H1g\/s1600\/logo-principal5.jpg\" width=\"100%\" height=\"100\" \/><\/a><!--bestpublic-voz04--><!--desk-in-out-voz04--><br \/>\n<!--publicidad-voz05--><a href=\"https:\/\/www.facebook.com\/asociaciontamborileroshellin?locale=es_ES\"><img decoding=\"async\" class=\"alignnone size-medium\" src=\"https:\/\/blogger.googleusercontent.com\/img\/b\/R29vZ2xl\/AVvXsEhHEEpZsKK1VpwiYMrS7aE2ujtqIDZoLd4B5wtbiseSU9s2HdTdQfhF84So2XwEB1fv0BLw95GADm6hUl1bkKtzh-eIgVigXONuu_5RxeIMPhjk8q6uNX4EaEHbooKkbu7pCADWPpVJjhKIH5NQSJpWqedC-YBez4QAQeJYokkLot9bhrIaUAeztsGis6M\/s1600\/logo-principal3.jpg\" width=\"100%\" height=\"100\" \/><\/a><!--bestpublic-voz05--><!--desk-in-out-voz05--><br \/>\n<!--publicidad-voz06--><!--bestpublic-voz06--><!--desk-in-out-voz06--><br \/>\n<!--publicidad-voz07--><!--bestpublic-voz07--><!--desk-in-out-voz07--><br \/>\n<!--publicidad-voz08--><!--bestpublic-voz08--><!--desk-in-out-voz08--><br \/>\n<!--publicidad-voz09--><!--bestpublic-voz09--><!--desk-in-out-voz09--><br \/>\n<!--publicidad-voz10--><!--bestpublic-voz10--><!--desk-in-out-voz10--><br \/>\n<!--publicidad-voz11--><!--bestpublic-voz11--><!--desk-in-out-voz11--><br \/>\n<!--publicidad-voz12--><!--bestpublic-voz12--><!--desk-in-out-voz12--><br \/>\n<!--publicidad-voz13--><!--bestpublic-voz13--><!--desk-in-out-voz13--><br \/>\n<!--publicidad-voz14--><!--bestpublic-voz14--><!--desk-in-out-voz14--><br \/>\n<!--publicidad-voz15--><!--bestpublic-voz15--><!--desk-in-out-voz15--><br \/>\n<!--publicidad-voz16--><!--bestpublic-voz16--><!--desk-in-out-voz16--><\/p>\n","protected":false},"excerpt":{"rendered":"<p>Los autores sustrajeron varios palets de cebollas, sacas de abono y pacas de alfalfa que se encontraban depositadas en terrenos agr\u00edcolas<\/p>\n","protected":false},"author":2,"featured_media":149152,"comment_status":"closed","ping_status":"closed","sticky":false,"template":"","format":"standard","meta":{"footnotes":""},"categories":[753,718,715,716,717],"tags":[],"class_list":["post-149151","post","type-post","status-publish","format-standard","has-post-thumbnail","hentry","category-blog-lv034","category-blogger","category-la-voz-de-hellin","category-la-voz-de-hellin-la-voz-de-hellin","category-noticias"],"_links":{"self":[{"href":"https:\/\/lavozdehellin.com\/noticias\/wp-json\/wp\/v2\/posts\/149151","targetHints":{"allow":["GET"]}}],"collection":[{"href":"https:\/\/lavozdehellin.com\/noticias\/wp-json\/wp\/v2\/posts"}],"about":[{"href":"https:\/\/lavozdehellin.com\/noticias\/wp-json\/wp\/v2\/types\/post"}],"author":[{"embeddable":true,"href":"https:\/\/lavozdehellin.com\/noticias\/wp-json\/wp\/v2\/users\/2"}],"replies":[{"embeddable":true,"href":"https:\/\/lavozdehellin.com\/noticias\/wp-json\/wp\/v2\/comments?post=149151"}],"version-history":[{"count":0,"href":"https:\/\/lavozdehellin.com\/noticias\/wp-json\/wp\/v2\/posts\/149151\/revisions"}],"wp:featuredmedia":[{"embeddable":true,"href":"https:\/\/lavozdehellin.com\/noticias\/wp-json\/wp\/v2\/media\/149152"}],"wp:attachment":[{"href":"https:\/\/lavozdehellin.com\/noticias\/wp-json\/wp\/v2\/media?parent=149151"}],"wp:term":[{"taxonomy":"category","embeddable":true,"href":"https:\/\/lavozdehellin.com\/noticias\/wp-json\/wp\/v2\/categories?post=149151"},{"taxonomy":"post_tag","embeddable":true,"href":"https:\/\/lavozdehellin.com\/noticias\/wp-json\/wp\/v2\/tags?post=149151"}],"curies":[{"name":"wp","href":"https:\/\/api.w.org\/{rel}","templated":true}]}}