{"id":149154,"date":"2024-03-05T20:36:06","date_gmt":"2024-03-05T19:36:06","guid":{"rendered":"https:\/\/lavozdehellin.com\/noticias\/?p=149154"},"modified":"2024-03-11T09:48:43","modified_gmt":"2024-03-11T08:48:43","slug":"v08-396-aqualia-y-el-ayuntamiento-de-hellin-invitan-a-los-escolares-de-canada-de-agra-a-plantar-su-propio-bosque-en-la-3a-edicion-de-el-arbol-de-la-vida","status":"publish","type":"post","link":"https:\/\/lavozdehellin.com\/noticias\/v08-396-aqualia-y-el-ayuntamiento-de-hellin-invitan-a-los-escolares-de-canada-de-agra-a-plantar-su-propio-bosque-en-la-3a-edicion-de-el-arbol-de-la-vida\/","title":{"rendered":"LVH NOTICIAS | AQUALIA Y EL AYUNTAMIENTO DE HELL\u00cdN INVITAN A LOS ESCOLARES DE CA\u00d1ADA DE AGRA A PLANTAR SU PROPIO BOSQUE EN LA 3\u00aa EDICI\u00d3N DE EL \u00c1RBOL DE LA VIDA"},"content":{"rendered":"<p style=\"text-align: justify;\">M\u00e1s de 40 ni\u00f1os y ni\u00f1as del colegio de la pedan\u00eda de Ca\u00f1ada de Agra, se dar\u00e1n cita este martes en un terreno situado junto a la Estaci\u00f3n Depuradora de Aguas Residuales de Hell\u00edn, para plantar \u00e1rboles con el objetivo de crear un bosque<\/p>\n<p><!--more--><br \/>\n<!--publicidad-voz01--><a href=\"https:\/\/www.facebook.com\/SoloRadioHellin\/?locale=es_ES\"><img decoding=\"async\" class=\"alignnone size-medium\" src=\"https:\/\/blogger.googleusercontent.com\/img\/b\/R29vZ2xl\/AVvXsEiNncirNnyGedv00mhjZjh5Wl4_YPdJGanoAl8tL8zH-HwqE8uHqjEfSt340RHdx-9tuCSIkZ8rFamZiGyYlgDGxCsmXjCH_1xk5eYM3ntFZRvJP_jndOKR7w1UAo9Tu0vrZyOLfqRpHIxYI5SymJJ-pfGCQw6QVpggBH-UgfjiFQ2JOxqxG0Jx94kW83c\/s1600\/logo-principal.jpg\" width=\"100%\" height=\"100\" \/><\/a><!--bestpublic-voz01--><!--desk-in-out-voz01--><br \/>\n<!--publicidad-voz02--><a href=\"https:\/\/www.hellincf.com\/\"><img decoding=\"async\" class=\"alignnone size-medium\" src=\"https:\/\/blogger.googleusercontent.com\/img\/b\/R29vZ2xl\/AVvXsEhuZ4-XfBVj3UtdP8-RZugy3WVrg-Zv28c53m4oV47qYCxL1rX_dqWX_YddsGSnpH5SRDqZ7bZeKPIfDVCDncpjVlhy3aQs2vojcJBn7Gdv9hC2_Nzct_pRFrnFE1a7KTCdY1bT_kAgnY3-iadRZrGeJf1fR2P5fu11bokx0pWjaypoy-ctwCjklldpEbA\/s1600\/logo-principal7.jpg\" width=\"100%\" height=\"100\" \/><\/a><!--bestpublic-voz02--><!--desk-in-out-voz02--><\/p>\n<p style=\"text-align: justify;\">El alcalde de Hell\u00edn, Manuel Serena, junto con otros cargos del ayuntamiento del municipio, acompa\u00f1a hoy a 40 ni\u00f1os y ni\u00f1as del colegio de la pedan\u00eda hellinera de Ca\u00f1ada de Agra para plantar \u00e1rboles en un terreno situado junto a las instalaciones de la depuradora, con el objetivo de crear un bosque.<\/p>\n<p style=\"text-align: justify;\">Se trata de la celebraci\u00f3n de la tercera edici\u00f3n de la actividad \u201cEl \u00c1rbol de la Vida\u201d, un proyecto en el que, hasta la fecha, se han implicado m\u00e1s de un centenar de escolares de Hell\u00edn y otras pedan\u00edas y que tiene, adem\u00e1s, un rasgo que lo hace \u00fanico: cada ni\u00f1o y ni\u00f1a tendr\u00e1 su propio \u00e1rbol, ya que cada pino tendr\u00e1 su ficha, con el nombre de qui\u00e9n lo plant\u00f3 y con datos acerca de la especie y el desarrollo del mismo.<\/p>\n<p style=\"text-align: justify;\">La iniciativa pretende conseguir un aut\u00e9ntico bosque con el paso de los a\u00f1os y, adem\u00e1s, sensibilizar a la poblaci\u00f3n escolar sobre la importancia de cuidar el agua para luchar contra el cambio clim\u00e1tico, as\u00ed como conocer el funcionamiento de la instalaci\u00f3n junto a la cual se celebrar\u00e1 la plantaci\u00f3n.<\/p>\n<p style=\"text-align: justify;\">Esta actividad se enmarca en el conjunto de iniciativas que regularmente desarrolla Aqualia con colegios, institutos y centros universitarios para dar a conocer las fases del ciclo del agua y educar en un uso m\u00e1s responsable de este recurso. La acci\u00f3n est\u00e1 alineada con la estrategia de la compa\u00f1\u00eda que causa un impacto positivo para un futuro sostenible.<\/p>\n<p><!--publicidad-voz03--><a href=\"https:\/\/www.facebook.com\/profile.php?id=100063593791305&amp;locale=es_ES\"><img decoding=\"async\" class=\"alignnone size-medium\" src=\"https:\/\/blogger.googleusercontent.com\/img\/b\/R29vZ2xl\/AVvXsEi8_n_ll8UOcGxCqzFvb_9Io4ICczlGC990BPtPj2w9Px-u7B3oqWUW5vtjZUqPNJ-nyjiUIorE0ATsib_l5tV8BVN-UJ03RTnU__IHJF_4DgDBtY4LIqXNG-FomrO-7ywes20CBCRM2Hcm7EJSh3UUw1dO-c_uTflUrtgY1i7uBRezj_DpympmEFkfbQY\/s1600\/logo-principal2.jpg\" width=\"100%\" height=\"100\" \/><\/a><!--bestpublic-voz03--><!--desk-in-out-voz03--><br \/>\n<!--publicidad-voz04--><a href=\"https:\/\/www.facebook.com\/profile.php?id=61557370768692&amp;locale=es_ES\"><img decoding=\"async\" class=\"alignnone size-medium\" src=\"https:\/\/blogger.googleusercontent.com\/img\/b\/R29vZ2xl\/AVvXsEgy5RdcfffrnrItnYTcV9bCJjgJwldsQLWssfVfrLbyfXeBNTFKgBf0rMIvhrUaGUhiXzVr9_eQgCbi-j63ZDpfTvLIty9w7s140y-m1yHe7eKmEK7v2NAHUJDVYGdfeiQFeRCqUjdwWmN1MX_AUxxz4IVdJ4WIM0APxit8bjWkXzrnEFGqBvW_1F13H1g\/s1600\/logo-principal5.jpg\" width=\"100%\" height=\"100\" \/><\/a><!--bestpublic-voz04--><!--desk-in-out-voz04--><br \/>\n<!--publicidad-voz05--><a href=\"https:\/\/www.facebook.com\/asociaciontamborileroshellin?locale=es_ES\"><img decoding=\"async\" class=\"alignnone size-medium\" src=\"https:\/\/blogger.googleusercontent.com\/img\/b\/R29vZ2xl\/AVvXsEhHEEpZsKK1VpwiYMrS7aE2ujtqIDZoLd4B5wtbiseSU9s2HdTdQfhF84So2XwEB1fv0BLw95GADm6hUl1bkKtzh-eIgVigXONuu_5RxeIMPhjk8q6uNX4EaEHbooKkbu7pCADWPpVJjhKIH5NQSJpWqedC-YBez4QAQeJYokkLot9bhrIaUAeztsGis6M\/s1600\/logo-principal3.jpg\" width=\"100%\" height=\"100\" \/><\/a><!--bestpublic-voz05--><!--desk-in-out-voz05--><br \/>\n<!--publicidad-voz06--><!--bestpublic-voz06--><!--desk-in-out-voz06--><br \/>\n<!--publicidad-voz07--><!--bestpublic-voz07--><!--desk-in-out-voz07--><br \/>\n<!--publicidad-voz08--><!--bestpublic-voz08--><!--desk-in-out-voz08--><br \/>\n<!--publicidad-voz09--><!--bestpublic-voz09--><!--desk-in-out-voz09--><br \/>\n<!--publicidad-voz10--><!--bestpublic-voz10--><!--desk-in-out-voz10--><br \/>\n<!--publicidad-voz11--><!--bestpublic-voz11--><!--desk-in-out-voz11--><br \/>\n<!--publicidad-voz12--><!--bestpublic-voz12--><!--desk-in-out-voz12--><br \/>\n<!--publicidad-voz13--><!--bestpublic-voz13--><!--desk-in-out-voz13--><br \/>\n<!--publicidad-voz14--><!--bestpublic-voz14--><!--desk-in-out-voz14--><br \/>\n<!--publicidad-voz15--><!--bestpublic-voz15--><!--desk-in-out-voz15--><br \/>\n<!--publicidad-voz16--><!--bestpublic-voz16--><!--desk-in-out-voz16--><\/p>\n","protected":false},"excerpt":{"rendered":"<p>M\u00e1s de 40 ni\u00f1os y ni\u00f1as del colegio de la pedan\u00eda de Ca\u00f1ada de Agra, se dar\u00e1n cita este martes en un terreno situado junto a la Estaci\u00f3n Depuradora de&#8230;<\/p>\n","protected":false},"author":2,"featured_media":149155,"comment_status":"closed","ping_status":"closed","sticky":false,"template":"","format":"standard","meta":{"footnotes":""},"categories":[753,718,715,716,717],"tags":[],"class_list":["post-149154","post","type-post","status-publish","format-standard","has-post-thumbnail","hentry","category-blog-lv034","category-blogger","category-la-voz-de-hellin","category-la-voz-de-hellin-la-voz-de-hellin","category-noticias"],"_links":{"self":[{"href":"https:\/\/lavozdehellin.com\/noticias\/wp-json\/wp\/v2\/posts\/149154","targetHints":{"allow":["GET"]}}],"collection":[{"href":"https:\/\/lavozdehellin.com\/noticias\/wp-json\/wp\/v2\/posts"}],"about":[{"href":"https:\/\/lavozdehellin.com\/noticias\/wp-json\/wp\/v2\/types\/post"}],"author":[{"embeddable":true,"href":"https:\/\/lavozdehellin.com\/noticias\/wp-json\/wp\/v2\/users\/2"}],"replies":[{"embeddable":true,"href":"https:\/\/lavozdehellin.com\/noticias\/wp-json\/wp\/v2\/comments?post=149154"}],"version-history":[{"count":0,"href":"https:\/\/lavozdehellin.com\/noticias\/wp-json\/wp\/v2\/posts\/149154\/revisions"}],"wp:featuredmedia":[{"embeddable":true,"href":"https:\/\/lavozdehellin.com\/noticias\/wp-json\/wp\/v2\/media\/149155"}],"wp:attachment":[{"href":"https:\/\/lavozdehellin.com\/noticias\/wp-json\/wp\/v2\/media?parent=149154"}],"wp:term":[{"taxonomy":"category","embeddable":true,"href":"https:\/\/lavozdehellin.com\/noticias\/wp-json\/wp\/v2\/categories?post=149154"},{"taxonomy":"post_tag","embeddable":true,"href":"https:\/\/lavozdehellin.com\/noticias\/wp-json\/wp\/v2\/tags?post=149154"}],"curies":[{"name":"wp","href":"https:\/\/api.w.org\/{rel}","templated":true}]}}