{"id":149160,"date":"2024-03-07T10:25:16","date_gmt":"2024-03-07T09:25:16","guid":{"rendered":"https:\/\/lavozdehellin.com\/noticias\/?p=149160"},"modified":"2024-03-11T09:48:42","modified_gmt":"2024-03-11T08:48:42","slug":"v08-398-juventudes-socialistas-de-hellin-se-suma-a-las-reivindicaciones-del-8-de-marzo","status":"publish","type":"post","link":"https:\/\/lavozdehellin.com\/noticias\/v08-398-juventudes-socialistas-de-hellin-se-suma-a-las-reivindicaciones-del-8-de-marzo\/","title":{"rendered":"LVH NOTICIAS | JUVENTUDES SOCIALISTAS DE HELL\u00cdN SE SUMA A LAS REIVINDICACIONES DEL 8 DE MARZO"},"content":{"rendered":"<p style=\"text-align: justify;\">Nota de prensa.<\/p>\n<p><!--more--><br \/>\n<!--publicidad-voz01--><a href=\"https:\/\/www.facebook.com\/SoloRadioHellin\/?locale=es_ES\"><img decoding=\"async\" class=\"alignnone size-medium\" src=\"https:\/\/blogger.googleusercontent.com\/img\/b\/R29vZ2xl\/AVvXsEiNncirNnyGedv00mhjZjh5Wl4_YPdJGanoAl8tL8zH-HwqE8uHqjEfSt340RHdx-9tuCSIkZ8rFamZiGyYlgDGxCsmXjCH_1xk5eYM3ntFZRvJP_jndOKR7w1UAo9Tu0vrZyOLfqRpHIxYI5SymJJ-pfGCQw6QVpggBH-UgfjiFQ2JOxqxG0Jx94kW83c\/s1600\/logo-principal.jpg\" width=\"100%\" height=\"100\" \/><\/a><!--bestpublic-voz01--><!--desk-in-out-voz01--><br \/>\n<!--publicidad-voz02--><a href=\"https:\/\/www.hellincf.com\/\"><img decoding=\"async\" class=\"alignnone size-medium\" src=\"https:\/\/blogger.googleusercontent.com\/img\/b\/R29vZ2xl\/AVvXsEhuZ4-XfBVj3UtdP8-RZugy3WVrg-Zv28c53m4oV47qYCxL1rX_dqWX_YddsGSnpH5SRDqZ7bZeKPIfDVCDncpjVlhy3aQs2vojcJBn7Gdv9hC2_Nzct_pRFrnFE1a7KTCdY1bT_kAgnY3-iadRZrGeJf1fR2P5fu11bokx0pWjaypoy-ctwCjklldpEbA\/s1600\/logo-principal7.jpg\" width=\"100%\" height=\"100\" \/><\/a><!--bestpublic-voz02--><!--desk-in-out-voz02--><\/p>\n<p style=\"text-align: justify;\">Juventudes Socialistas de Hell\u00edn se suma a las reivindicaciones del 8 de Marzo<\/p>\n<p style=\"text-align: justify;\">Los j\u00f3venes socialistas hellineros han querido sumarse a las reivindicaciones del D\u00eda Internacional de las Mujeres, haciendo suyos los anhelos y las voces de tantas mujeres que a lo largo de la historia han sufrido discriminaci\u00f3n por el hecho de ser mujeres.<\/p>\n<p style=\"text-align: justify;\">En palabras de los responsables de la agrupaci\u00f3n pol\u00edtico- juvenil \u201cel 8 de marzo es necesario reiterar el firme compromiso con la consolidaci\u00f3n de la igualdad real, plena y efectiva entre mujeres y hombres. Esto es esencial para el avance de la sociedad.\u201d<\/p>\n<p style=\"text-align: justify;\">Los j\u00f3venes socialistas han recordado que a\u00fan son muchos los retos que la sociedad tiene que afrontar para alcanzar la igualdad de g\u00e9nero en varios \u00e1mbitos y aseguran que la consecuci\u00f3n de esta tarea \u201cno solo reside en el papel de las mujeres, sino que todo el conjunto de la sociedad debe aunar fuerzas para conseguir esa igualdad real, para promover y concienciar, sobre la diversidad sexual y de g\u00e9nero\u201d.<\/p>\n<p style=\"text-align: justify;\">Por otra parte, hacen suya tambi\u00e9n la tarea de \u201cdesterrar el pensamiento que el patriarcado ha establecido durante a\u00f1os, en detrimento hacia las mujeres, y luchar contra todas aquellas expresiones que muestren desigualdad o discriminaci\u00f3n hacia ellas por raz\u00f3n de su g\u00e9nero en todos los \u00e1mbitos de la sociedad\u201d. Apuntan tambi\u00e9n que \u201cgeneraciones de mujeres han venido luchando por la libertad; una libertad que hoy, gracias a ellas, es un patrimonio colectivo que hay que seguir defendiendo cada d\u00eda porque nadie se la regal\u00f3, pero algunos quieren arrebat\u00e1rsela\u201d en clara alusi\u00f3n a las distintas pol\u00e9micas que se han suscitado en el pa\u00eds con las reivindicaciones del 8M.<\/p>\n<p style=\"text-align: justify;\">Ya a nivel local, los j\u00f3venes socialistas muestran su preocupaci\u00f3n con la postura del Grupo Municipal de Vox en relaci\u00f3n con la Declaraci\u00f3n que con motivo de esta reivindicaci\u00f3n se aprob\u00f3 en el pasado pleno, a lo que apuntaban \u201cya van 5 a\u00f1os, en los que la extrema derecha en Hell\u00edn, rechaza su apoyo hacia las mujeres en este 8 de marzo. Los argumentos siempre son los mismos, y parecen no acordarse de que se habla y se defienden los derechos de la mitad de la poblaci\u00f3n, no de una minor\u00eda\u201d.<\/p>\n<p style=\"text-align: justify;\">Se\u00f1alan que la defensa de estos derechos es tarea de toda la sociedad y esperan \u201cque la verdadera minor\u00eda sean los que defienden las tesis de la ultraderecha en relaci\u00f3n con la defensa de los derechos de las mujeres\u201d.<\/p>\n<p style=\"text-align: justify;\">Ya por \u00faltimo hacen un llamamiento a los ciudadanos a salir a la calle \u201cpara demostrar que nuestra sociedad es una sociedad en constante lucha por la igualdad real y los derechos de las mujeres\u201d.<\/p>\n<p><!--publicidad-voz03--><a href=\"https:\/\/www.facebook.com\/profile.php?id=100063593791305&amp;locale=es_ES\"><img decoding=\"async\" class=\"alignnone size-medium\" src=\"https:\/\/blogger.googleusercontent.com\/img\/b\/R29vZ2xl\/AVvXsEi8_n_ll8UOcGxCqzFvb_9Io4ICczlGC990BPtPj2w9Px-u7B3oqWUW5vtjZUqPNJ-nyjiUIorE0ATsib_l5tV8BVN-UJ03RTnU__IHJF_4DgDBtY4LIqXNG-FomrO-7ywes20CBCRM2Hcm7EJSh3UUw1dO-c_uTflUrtgY1i7uBRezj_DpympmEFkfbQY\/s1600\/logo-principal2.jpg\" width=\"100%\" height=\"100\" \/><\/a><!--bestpublic-voz03--><!--desk-in-out-voz03--><br \/>\n<!--publicidad-voz04--><a href=\"https:\/\/www.facebook.com\/profile.php?id=61557370768692&amp;locale=es_ES\"><img decoding=\"async\" class=\"alignnone size-medium\" src=\"https:\/\/blogger.googleusercontent.com\/img\/b\/R29vZ2xl\/AVvXsEgy5RdcfffrnrItnYTcV9bCJjgJwldsQLWssfVfrLbyfXeBNTFKgBf0rMIvhrUaGUhiXzVr9_eQgCbi-j63ZDpfTvLIty9w7s140y-m1yHe7eKmEK7v2NAHUJDVYGdfeiQFeRCqUjdwWmN1MX_AUxxz4IVdJ4WIM0APxit8bjWkXzrnEFGqBvW_1F13H1g\/s1600\/logo-principal5.jpg\" width=\"100%\" height=\"100\" \/><\/a><!--bestpublic-voz04--><!--desk-in-out-voz04--><br \/>\n<!--publicidad-voz05--><a href=\"https:\/\/www.facebook.com\/asociaciontamborileroshellin?locale=es_ES\"><img decoding=\"async\" class=\"alignnone size-medium\" src=\"https:\/\/blogger.googleusercontent.com\/img\/b\/R29vZ2xl\/AVvXsEhHEEpZsKK1VpwiYMrS7aE2ujtqIDZoLd4B5wtbiseSU9s2HdTdQfhF84So2XwEB1fv0BLw95GADm6hUl1bkKtzh-eIgVigXONuu_5RxeIMPhjk8q6uNX4EaEHbooKkbu7pCADWPpVJjhKIH5NQSJpWqedC-YBez4QAQeJYokkLot9bhrIaUAeztsGis6M\/s1600\/logo-principal3.jpg\" width=\"100%\" height=\"100\" \/><\/a><!--bestpublic-voz05--><!--desk-in-out-voz05--><br \/>\n<!--publicidad-voz06--><!--bestpublic-voz06--><!--desk-in-out-voz06--><br \/>\n<!--publicidad-voz07--><!--bestpublic-voz07--><!--desk-in-out-voz07--><br \/>\n<!--publicidad-voz08--><!--bestpublic-voz08--><!--desk-in-out-voz08--><br \/>\n<!--publicidad-voz09--><!--bestpublic-voz09--><!--desk-in-out-voz09--><br \/>\n<!--publicidad-voz10--><!--bestpublic-voz10--><!--desk-in-out-voz10--><br \/>\n<!--publicidad-voz11--><!--bestpublic-voz11--><!--desk-in-out-voz11--><br \/>\n<!--publicidad-voz12--><!--bestpublic-voz12--><!--desk-in-out-voz12--><br \/>\n<!--publicidad-voz13--><!--bestpublic-voz13--><!--desk-in-out-voz13--><br \/>\n<!--publicidad-voz14--><!--bestpublic-voz14--><!--desk-in-out-voz14--><br \/>\n<!--publicidad-voz15--><!--bestpublic-voz15--><!--desk-in-out-voz15--><br \/>\n<!--publicidad-voz16--><!--bestpublic-voz16--><!--desk-in-out-voz16--><\/p>\n","protected":false},"excerpt":{"rendered":"<p>Nota de prensa.<\/p>\n","protected":false},"author":2,"featured_media":149173,"comment_status":"closed","ping_status":"closed","sticky":false,"template":"","format":"standard","meta":{"footnotes":""},"categories":[753,718,715,716,717],"tags":[],"class_list":["post-149160","post","type-post","status-publish","format-standard","has-post-thumbnail","hentry","category-blog-lv034","category-blogger","category-la-voz-de-hellin","category-la-voz-de-hellin-la-voz-de-hellin","category-noticias"],"_links":{"self":[{"href":"https:\/\/lavozdehellin.com\/noticias\/wp-json\/wp\/v2\/posts\/149160","targetHints":{"allow":["GET"]}}],"collection":[{"href":"https:\/\/lavozdehellin.com\/noticias\/wp-json\/wp\/v2\/posts"}],"about":[{"href":"https:\/\/lavozdehellin.com\/noticias\/wp-json\/wp\/v2\/types\/post"}],"author":[{"embeddable":true,"href":"https:\/\/lavozdehellin.com\/noticias\/wp-json\/wp\/v2\/users\/2"}],"replies":[{"embeddable":true,"href":"https:\/\/lavozdehellin.com\/noticias\/wp-json\/wp\/v2\/comments?post=149160"}],"version-history":[{"count":0,"href":"https:\/\/lavozdehellin.com\/noticias\/wp-json\/wp\/v2\/posts\/149160\/revisions"}],"wp:featuredmedia":[{"embeddable":true,"href":"https:\/\/lavozdehellin.com\/noticias\/wp-json\/wp\/v2\/media\/149173"}],"wp:attachment":[{"href":"https:\/\/lavozdehellin.com\/noticias\/wp-json\/wp\/v2\/media?parent=149160"}],"wp:term":[{"taxonomy":"category","embeddable":true,"href":"https:\/\/lavozdehellin.com\/noticias\/wp-json\/wp\/v2\/categories?post=149160"},{"taxonomy":"post_tag","embeddable":true,"href":"https:\/\/lavozdehellin.com\/noticias\/wp-json\/wp\/v2\/tags?post=149160"}],"curies":[{"name":"wp","href":"https:\/\/api.w.org\/{rel}","templated":true}]}}