{"id":149163,"date":"2024-03-07T13:14:47","date_gmt":"2024-03-07T12:14:47","guid":{"rendered":"https:\/\/lavozdehellin.com\/noticias\/?p=149163"},"modified":"2024-03-11T09:48:42","modified_gmt":"2024-03-11T08:48:42","slug":"v08-399-la-concejal-de-medio-ambiente-miriam-garcia-navarro-ha-presentado-el-spot-de-la-primera-campana-de-limpieza-de-puntos-incontrolados-de-vertidos-en-nuestro-municipio","status":"publish","type":"post","link":"https:\/\/lavozdehellin.com\/noticias\/v08-399-la-concejal-de-medio-ambiente-miriam-garcia-navarro-ha-presentado-el-spot-de-la-primera-campana-de-limpieza-de-puntos-incontrolados-de-vertidos-en-nuestro-municipio\/","title":{"rendered":"LVH NOTICIAS | LA CONCEJAL DE MEDIO AMBIENTE, MIRIAM GARC\u00cdA NAVARRO, HA PRESENTADO EL SPOT DE LA \u201cPRIMERA CAMPA\u00d1A DE LIMPIEZA DE PUNTOS INCONTROLADOS DE VERTIDOS EN NUESTRO MUNICIPIO\u201d"},"content":{"rendered":"<p style=\"text-align: justify;\">Nota de prensa.<\/p>\n<p><!--more--><br \/>\n<!--publicidad-voz01--><a href=\"https:\/\/www.facebook.com\/SoloRadioHellin\/?locale=es_ES\"><img decoding=\"async\" class=\"alignnone size-medium\" src=\"https:\/\/blogger.googleusercontent.com\/img\/b\/R29vZ2xl\/AVvXsEiNncirNnyGedv00mhjZjh5Wl4_YPdJGanoAl8tL8zH-HwqE8uHqjEfSt340RHdx-9tuCSIkZ8rFamZiGyYlgDGxCsmXjCH_1xk5eYM3ntFZRvJP_jndOKR7w1UAo9Tu0vrZyOLfqRpHIxYI5SymJJ-pfGCQw6QVpggBH-UgfjiFQ2JOxqxG0Jx94kW83c\/s1600\/logo-principal.jpg\" width=\"100%\" height=\"100\" \/><\/a><!--bestpublic-voz01--><!--desk-in-out-voz01--><br \/>\n<!--publicidad-voz02--><a href=\"https:\/\/www.hellincf.com\/\"><img decoding=\"async\" class=\"alignnone size-medium\" src=\"https:\/\/blogger.googleusercontent.com\/img\/b\/R29vZ2xl\/AVvXsEhuZ4-XfBVj3UtdP8-RZugy3WVrg-Zv28c53m4oV47qYCxL1rX_dqWX_YddsGSnpH5SRDqZ7bZeKPIfDVCDncpjVlhy3aQs2vojcJBn7Gdv9hC2_Nzct_pRFrnFE1a7KTCdY1bT_kAgnY3-iadRZrGeJf1fR2P5fu11bokx0pWjaypoy-ctwCjklldpEbA\/s1600\/logo-principal7.jpg\" width=\"100%\" height=\"100\" \/><\/a><!--bestpublic-voz02--><!--desk-in-out-voz02--><\/p>\n<p style=\"text-align: justify;\">El alto coste a pagar por tirar lo no quieres donde te da la gana<\/p>\n<p style=\"text-align: justify;\">Casi 11.000\u20ac ha costado la primera actuaci\u00f3n de limpieza, con la que se han atajado el 25% de los puntos incontrolados de vertidos del municipio<\/p>\n<p style=\"text-align: justify;\">La concejal de Medio Ambiente, Miriam Garc\u00eda Navarro, ha presentado el spot de la \u201cPrimera campa\u00f1a de limpieza de puntos incontrolados de vertidos en nuestro municipio\u201d.<\/p>\n<p style=\"text-align: justify;\">La edil, visiblemente contrariada, ha manifestado que es motivo de alarma que haya \u201cmuchos vecinos, que tienen su casa en el entorno de nuestra ciudad, que al salir a su puerta se encuentran con aut\u00e9nticos vertederos\u201d. Garc\u00eda ha afirmado que desde el ayuntamiento se van a ir limpiando la totalidad de vertederos incontrolados, pero ha a\u00f1adido que \u00fanicamente el esfuerzo del ente local se quedar\u00eda en nada, puesto \u201clo que realmente necesitamos es la ayuda y el compromiso de toda la ciudadan\u00eda\u201d.<\/p>\n<p style=\"text-align: justify;\">SIN PLANES<\/p>\n<p style=\"text-align: justify;\">Garc\u00eda Navarro ha lamentado que para esta campa\u00f1a no se pueda contar el con importante refuerzo humano que aportaban los Planes de Empleo; que, sin ir m\u00e1s lejos, se encargaron el verano pasado de que realizar el stock de los 34 puntos de vertidos incontrolados. \u201cEste a\u00f1o como sab\u00e9is, no tendremos plan de empleo en el servicio de Medio Ambiente; la Junta ha castigado al Ayuntamiento de Hell\u00edn y tambi\u00e9n a este departamento\u201d; muchos servicios que se han ofrecido otros a\u00f1os, ha a\u00f1adido la concejal, extendiendo esta limitaci\u00f3n al resto de actividades municipales \u201cno se van a poder dar este a\u00f1o. No s\u00e9 qu\u00e9 mal habremos hecho los hellineros\u201d.<\/p>\n<p style=\"text-align: justify;\">UN COMPROMISO DE LA SOCIEDAD HELLINERA<\/p>\n<p style=\"text-align: justify;\">Miriam ha solicitado que la implicaci\u00f3n de todos para mantener limpio el valioso entorno natural del municipio se resume en tener en cuenta dos medidas sencillas a adoptar por la ciudadan\u00eda:<\/p>\n<p style=\"text-align: justify;\">Utilizar el punto limpio, cuyo mantenimiento anual asciende a los 150.000 euros al a\u00f1o; o bien, llamar al servicio de recogida de enseres en el tel\u00e9fono 967307185<\/p>\n<p style=\"text-align: justify;\">Para concluir la concejal ha destacado que desde el ayuntamiento se est\u00e1n \u201cponiendo facilidades a los hellineros, que es para lo que estamos aqu\u00ed y para lo que trabajamos d\u00eda a d\u00eda, para que se traten los residuos de la mejor manera y poder vivir en un entorno m\u00e1s saludable\u201d.<\/p>\n<p><!--publicidad-voz03--><a href=\"https:\/\/www.facebook.com\/profile.php?id=100063593791305&amp;locale=es_ES\"><img decoding=\"async\" class=\"alignnone size-medium\" src=\"https:\/\/blogger.googleusercontent.com\/img\/b\/R29vZ2xl\/AVvXsEi8_n_ll8UOcGxCqzFvb_9Io4ICczlGC990BPtPj2w9Px-u7B3oqWUW5vtjZUqPNJ-nyjiUIorE0ATsib_l5tV8BVN-UJ03RTnU__IHJF_4DgDBtY4LIqXNG-FomrO-7ywes20CBCRM2Hcm7EJSh3UUw1dO-c_uTflUrtgY1i7uBRezj_DpympmEFkfbQY\/s1600\/logo-principal2.jpg\" width=\"100%\" height=\"100\" \/><\/a><!--bestpublic-voz03--><!--desk-in-out-voz03--><br \/>\n<!--publicidad-voz04--><a href=\"https:\/\/www.facebook.com\/profile.php?id=61557370768692&amp;locale=es_ES\"><img decoding=\"async\" class=\"alignnone size-medium\" src=\"https:\/\/blogger.googleusercontent.com\/img\/b\/R29vZ2xl\/AVvXsEgy5RdcfffrnrItnYTcV9bCJjgJwldsQLWssfVfrLbyfXeBNTFKgBf0rMIvhrUaGUhiXzVr9_eQgCbi-j63ZDpfTvLIty9w7s140y-m1yHe7eKmEK7v2NAHUJDVYGdfeiQFeRCqUjdwWmN1MX_AUxxz4IVdJ4WIM0APxit8bjWkXzrnEFGqBvW_1F13H1g\/s1600\/logo-principal5.jpg\" width=\"100%\" height=\"100\" \/><\/a><!--bestpublic-voz04--><!--desk-in-out-voz04--><br \/>\n<!--publicidad-voz05--><a href=\"https:\/\/www.facebook.com\/asociaciontamborileroshellin?locale=es_ES\"><img decoding=\"async\" class=\"alignnone size-medium\" src=\"https:\/\/blogger.googleusercontent.com\/img\/b\/R29vZ2xl\/AVvXsEhHEEpZsKK1VpwiYMrS7aE2ujtqIDZoLd4B5wtbiseSU9s2HdTdQfhF84So2XwEB1fv0BLw95GADm6hUl1bkKtzh-eIgVigXONuu_5RxeIMPhjk8q6uNX4EaEHbooKkbu7pCADWPpVJjhKIH5NQSJpWqedC-YBez4QAQeJYokkLot9bhrIaUAeztsGis6M\/s1600\/logo-principal3.jpg\" width=\"100%\" height=\"100\" \/><\/a><!--bestpublic-voz05--><!--desk-in-out-voz05--><br \/>\n<!--publicidad-voz06--><!--bestpublic-voz06--><!--desk-in-out-voz06--><br \/>\n<!--publicidad-voz07--><!--bestpublic-voz07--><!--desk-in-out-voz07--><br \/>\n<!--publicidad-voz08--><!--bestpublic-voz08--><!--desk-in-out-voz08--><br \/>\n<!--publicidad-voz09--><!--bestpublic-voz09--><!--desk-in-out-voz09--><br \/>\n<!--publicidad-voz10--><!--bestpublic-voz10--><!--desk-in-out-voz10--><br \/>\n<!--publicidad-voz11--><!--bestpublic-voz11--><!--desk-in-out-voz11--><br \/>\n<!--publicidad-voz12--><!--bestpublic-voz12--><!--desk-in-out-voz12--><br \/>\n<!--publicidad-voz13--><!--bestpublic-voz13--><!--desk-in-out-voz13--><br \/>\n<!--publicidad-voz14--><!--bestpublic-voz14--><!--desk-in-out-voz14--><br \/>\n<!--publicidad-voz15--><!--bestpublic-voz15--><!--desk-in-out-voz15--><br \/>\n<!--publicidad-voz16--><!--bestpublic-voz16--><!--desk-in-out-voz16--><\/p>\n","protected":false},"excerpt":{"rendered":"<p>Nota de prensa.<\/p>\n","protected":false},"author":2,"featured_media":149164,"comment_status":"closed","ping_status":"closed","sticky":false,"template":"","format":"standard","meta":{"footnotes":""},"categories":[753,718,715,716,717],"tags":[],"class_list":["post-149163","post","type-post","status-publish","format-standard","has-post-thumbnail","hentry","category-blog-lv034","category-blogger","category-la-voz-de-hellin","category-la-voz-de-hellin-la-voz-de-hellin","category-noticias"],"_links":{"self":[{"href":"https:\/\/lavozdehellin.com\/noticias\/wp-json\/wp\/v2\/posts\/149163","targetHints":{"allow":["GET"]}}],"collection":[{"href":"https:\/\/lavozdehellin.com\/noticias\/wp-json\/wp\/v2\/posts"}],"about":[{"href":"https:\/\/lavozdehellin.com\/noticias\/wp-json\/wp\/v2\/types\/post"}],"author":[{"embeddable":true,"href":"https:\/\/lavozdehellin.com\/noticias\/wp-json\/wp\/v2\/users\/2"}],"replies":[{"embeddable":true,"href":"https:\/\/lavozdehellin.com\/noticias\/wp-json\/wp\/v2\/comments?post=149163"}],"version-history":[{"count":0,"href":"https:\/\/lavozdehellin.com\/noticias\/wp-json\/wp\/v2\/posts\/149163\/revisions"}],"wp:featuredmedia":[{"embeddable":true,"href":"https:\/\/lavozdehellin.com\/noticias\/wp-json\/wp\/v2\/media\/149164"}],"wp:attachment":[{"href":"https:\/\/lavozdehellin.com\/noticias\/wp-json\/wp\/v2\/media?parent=149163"}],"wp:term":[{"taxonomy":"category","embeddable":true,"href":"https:\/\/lavozdehellin.com\/noticias\/wp-json\/wp\/v2\/categories?post=149163"},{"taxonomy":"post_tag","embeddable":true,"href":"https:\/\/lavozdehellin.com\/noticias\/wp-json\/wp\/v2\/tags?post=149163"}],"curies":[{"name":"wp","href":"https:\/\/api.w.org\/{rel}","templated":true}]}}