{"id":149169,"date":"2024-03-08T21:26:01","date_gmt":"2024-03-08T20:26:01","guid":{"rendered":"https:\/\/lavozdehellin.com\/noticias\/?p=149169"},"modified":"2024-03-11T09:48:42","modified_gmt":"2024-03-11T08:48:42","slug":"v08-402-juan-antonio-andujar-no-sabemos-si-por-falta-de-aptitud-o-actitud-el-equipo-de-gobierno-se-esta-mostrando-incapaz-de-sacar-adelante-el-plan-de-sostenibilidad-turistica","status":"publish","type":"post","link":"https:\/\/lavozdehellin.com\/noticias\/v08-402-juan-antonio-andujar-no-sabemos-si-por-falta-de-aptitud-o-actitud-el-equipo-de-gobierno-se-esta-mostrando-incapaz-de-sacar-adelante-el-plan-de-sostenibilidad-turistica\/","title":{"rendered":"LVH NOTICIAS | JUAN ANTONIO AND\u00daJAR: \u201cNO SABEMOS SI POR FALTA DE APTITUD O ACTITUD, EL EQUIPO DE GOBIERNO SE EST\u00c1 MOSTRANDO INCAPAZ DE SACAR ADELANTE EL PLAN DE SOSTENIBILIDAD TUR\u00cdSTICA\u201d"},"content":{"rendered":"<p style=\"text-align: justify;\">Nota de prensa.<\/p>\n<p><!--more--><br \/>\n<!--publicidad-voz01--><a href=\"https:\/\/www.facebook.com\/SoloRadioHellin\/?locale=es_ES\"><img decoding=\"async\" class=\"alignnone size-medium\" src=\"https:\/\/blogger.googleusercontent.com\/img\/b\/R29vZ2xl\/AVvXsEiNncirNnyGedv00mhjZjh5Wl4_YPdJGanoAl8tL8zH-HwqE8uHqjEfSt340RHdx-9tuCSIkZ8rFamZiGyYlgDGxCsmXjCH_1xk5eYM3ntFZRvJP_jndOKR7w1UAo9Tu0vrZyOLfqRpHIxYI5SymJJ-pfGCQw6QVpggBH-UgfjiFQ2JOxqxG0Jx94kW83c\/s1600\/logo-principal.jpg\" width=\"100%\" height=\"100\" \/><\/a><!--bestpublic-voz01--><!--desk-in-out-voz01--><br \/>\n<!--publicidad-voz02--><a href=\"https:\/\/www.hellincf.com\/\"><img decoding=\"async\" class=\"alignnone size-medium\" src=\"https:\/\/blogger.googleusercontent.com\/img\/b\/R29vZ2xl\/AVvXsEhuZ4-XfBVj3UtdP8-RZugy3WVrg-Zv28c53m4oV47qYCxL1rX_dqWX_YddsGSnpH5SRDqZ7bZeKPIfDVCDncpjVlhy3aQs2vojcJBn7Gdv9hC2_Nzct_pRFrnFE1a7KTCdY1bT_kAgnY3-iadRZrGeJf1fR2P5fu11bokx0pWjaypoy-ctwCjklldpEbA\/s1600\/logo-principal7.jpg\" width=\"100%\" height=\"100\" \/><\/a><!--bestpublic-voz02--><!--desk-in-out-voz02--><\/p>\n<p style=\"text-align: justify;\">Juan Antonio And\u00fajar: \u201cNo sabemos si por falta de aptitud o actitud, el equipo de gobierno se est\u00e1 mostrando incapaz de sacar adelante el Plan de Sostenibilidad Tur\u00edstica\u201d<\/p>\n<p style=\"text-align: justify;\">Para el concejal del Grupo Municipal Socialista, es imprescindible que se pongan las pilas y desarrollen el proyecto porque los plazos corren y en 2024 se deben tener ejecutados la mitad de los 3.5 millones de euros.<\/p>\n<p style=\"text-align: justify;\">El concejal socialista Juan Antonio And\u00fajar, acompa\u00f1ado por Sonia Chico y Jos\u00e9 Valverde, comparec\u00eda ante los medios de comunicaci\u00f3n para denunciar p\u00fablicamente la falta de avances y de transparencia por parte del equipo de gobierno del Ayuntamiento de Hell\u00edn en lo que al Plan de Sostenibilidad Tur\u00edstica se refiere.<\/p>\n<p style=\"text-align: justify;\">Un Plan dotado con 3.5 millones de euros, que se gestion\u00f3 por parte del anterior gobierno socialista, proyectado con la intenci\u00f3n de permitir el desarrollo de todo un eje con un gran potencial tur\u00edstico.<\/p>\n<p style=\"text-align: justify;\">Debido al importante montante econ\u00f3mico en inversi\u00f3n que supone para nuestro municipio, tras las \u00faltimas elecciones y el cambio de gobierno, los concejales del Grupo Municipal del PSOE han mostrado en reiteradas ocasiones su inter\u00e9s por conocer los avances en torno al mismo.<\/p>\n<p style=\"text-align: justify;\">Era el propio Juan Antonio And\u00fajar quien enumeraba cronol\u00f3gicamente las interpelaciones de los concejales socialistas, tanto en comisi\u00f3n como en sesiones plenarias, solicitando informaci\u00f3n a la concejala de Industria y Turismo sobre los tr\u00e1mites realizados, aunque la respuesta seg\u00fan And\u00fajar \u201csiempre es la misma: estamos en ello, continuamos trabajando\u2026pero sin aportar datos concretos sobre actuaciones\u201d.<\/p>\n<p style=\"text-align: justify;\">Ante tales afirmaciones, el concejal del PSOE se pregunta si ser\u00e1 por falta de aptitud o actitud, por lo que el equipo de gobierno se est\u00e1 mostrando incapaz de sacar adelante el Plan de Sostenibilidad Tur\u00edstica. \u201cEn todo caso, que no nos mientan o nos cuenten medias verdades, que se pongan las pilas y trabajen para desarrollar este plan porque los plazos corren y en 2024 se deben tener ejecutados la mitad los 3,5 millones de euros\u201d.<\/p>\n<p style=\"text-align: justify;\">\u201cLo que s\u00ed han hecho ha sido eliminar a la Torre de Isso de las inversiones del Plan y dejar abandonados a los inversores que en su momento mostraron su inter\u00e9s en las actuaciones planificadas tanto en el Glamping de Ca\u00f1ada de Agra como en el Ca\u00f1\u00f3n de los Almadenes\u201d aseguraba And\u00fajar, quien finalizaba manifestando su deseo de que el gobierno se ponga a trabajar para evitar que nos llevemos la desagradable sorpresa de tener que devolver esa importante y necesaria inversi\u00f3n para nuestro municipio.<\/p>\n<p><!--publicidad-voz03--><a href=\"https:\/\/www.facebook.com\/profile.php?id=100063593791305&amp;locale=es_ES\"><img decoding=\"async\" class=\"alignnone size-medium\" src=\"https:\/\/blogger.googleusercontent.com\/img\/b\/R29vZ2xl\/AVvXsEi8_n_ll8UOcGxCqzFvb_9Io4ICczlGC990BPtPj2w9Px-u7B3oqWUW5vtjZUqPNJ-nyjiUIorE0ATsib_l5tV8BVN-UJ03RTnU__IHJF_4DgDBtY4LIqXNG-FomrO-7ywes20CBCRM2Hcm7EJSh3UUw1dO-c_uTflUrtgY1i7uBRezj_DpympmEFkfbQY\/s1600\/logo-principal2.jpg\" width=\"100%\" height=\"100\" \/><\/a><!--bestpublic-voz03--><!--desk-in-out-voz03--><br \/>\n<!--publicidad-voz04--><a href=\"https:\/\/www.facebook.com\/profile.php?id=61557370768692&amp;locale=es_ES\"><img decoding=\"async\" class=\"alignnone size-medium\" src=\"https:\/\/blogger.googleusercontent.com\/img\/b\/R29vZ2xl\/AVvXsEgy5RdcfffrnrItnYTcV9bCJjgJwldsQLWssfVfrLbyfXeBNTFKgBf0rMIvhrUaGUhiXzVr9_eQgCbi-j63ZDpfTvLIty9w7s140y-m1yHe7eKmEK7v2NAHUJDVYGdfeiQFeRCqUjdwWmN1MX_AUxxz4IVdJ4WIM0APxit8bjWkXzrnEFGqBvW_1F13H1g\/s1600\/logo-principal5.jpg\" width=\"100%\" height=\"100\" \/><\/a><!--bestpublic-voz04--><!--desk-in-out-voz04--><br \/>\n<!--publicidad-voz05--><a href=\"https:\/\/www.facebook.com\/asociaciontamborileroshellin?locale=es_ES\"><img decoding=\"async\" class=\"alignnone size-medium\" src=\"https:\/\/blogger.googleusercontent.com\/img\/b\/R29vZ2xl\/AVvXsEhHEEpZsKK1VpwiYMrS7aE2ujtqIDZoLd4B5wtbiseSU9s2HdTdQfhF84So2XwEB1fv0BLw95GADm6hUl1bkKtzh-eIgVigXONuu_5RxeIMPhjk8q6uNX4EaEHbooKkbu7pCADWPpVJjhKIH5NQSJpWqedC-YBez4QAQeJYokkLot9bhrIaUAeztsGis6M\/s1600\/logo-principal3.jpg\" width=\"100%\" height=\"100\" \/><\/a><!--bestpublic-voz05--><!--desk-in-out-voz05--><br \/>\n<!--publicidad-voz06--><!--bestpublic-voz06--><!--desk-in-out-voz06--><br \/>\n<!--publicidad-voz07--><!--bestpublic-voz07--><!--desk-in-out-voz07--><br \/>\n<!--publicidad-voz08--><!--bestpublic-voz08--><!--desk-in-out-voz08--><br \/>\n<!--publicidad-voz09--><!--bestpublic-voz09--><!--desk-in-out-voz09--><br \/>\n<!--publicidad-voz10--><!--bestpublic-voz10--><!--desk-in-out-voz10--><br \/>\n<!--publicidad-voz11--><!--bestpublic-voz11--><!--desk-in-out-voz11--><br \/>\n<!--publicidad-voz12--><!--bestpublic-voz12--><!--desk-in-out-voz12--><br \/>\n<!--publicidad-voz13--><!--bestpublic-voz13--><!--desk-in-out-voz13--><br \/>\n<!--publicidad-voz14--><!--bestpublic-voz14--><!--desk-in-out-voz14--><br \/>\n<!--publicidad-voz15--><!--bestpublic-voz15--><!--desk-in-out-voz15--><br \/>\n<!--publicidad-voz16--><!--bestpublic-voz16--><!--desk-in-out-voz16--><\/p>\n","protected":false},"excerpt":{"rendered":"<p>Nota de prensa.<\/p>\n","protected":false},"author":2,"featured_media":149170,"comment_status":"closed","ping_status":"closed","sticky":false,"template":"","format":"standard","meta":{"footnotes":""},"categories":[753,718,715,716,717],"tags":[],"class_list":["post-149169","post","type-post","status-publish","format-standard","has-post-thumbnail","hentry","category-blog-lv034","category-blogger","category-la-voz-de-hellin","category-la-voz-de-hellin-la-voz-de-hellin","category-noticias"],"_links":{"self":[{"href":"https:\/\/lavozdehellin.com\/noticias\/wp-json\/wp\/v2\/posts\/149169","targetHints":{"allow":["GET"]}}],"collection":[{"href":"https:\/\/lavozdehellin.com\/noticias\/wp-json\/wp\/v2\/posts"}],"about":[{"href":"https:\/\/lavozdehellin.com\/noticias\/wp-json\/wp\/v2\/types\/post"}],"author":[{"embeddable":true,"href":"https:\/\/lavozdehellin.com\/noticias\/wp-json\/wp\/v2\/users\/2"}],"replies":[{"embeddable":true,"href":"https:\/\/lavozdehellin.com\/noticias\/wp-json\/wp\/v2\/comments?post=149169"}],"version-history":[{"count":0,"href":"https:\/\/lavozdehellin.com\/noticias\/wp-json\/wp\/v2\/posts\/149169\/revisions"}],"wp:featuredmedia":[{"embeddable":true,"href":"https:\/\/lavozdehellin.com\/noticias\/wp-json\/wp\/v2\/media\/149170"}],"wp:attachment":[{"href":"https:\/\/lavozdehellin.com\/noticias\/wp-json\/wp\/v2\/media?parent=149169"}],"wp:term":[{"taxonomy":"category","embeddable":true,"href":"https:\/\/lavozdehellin.com\/noticias\/wp-json\/wp\/v2\/categories?post=149169"},{"taxonomy":"post_tag","embeddable":true,"href":"https:\/\/lavozdehellin.com\/noticias\/wp-json\/wp\/v2\/tags?post=149169"}],"curies":[{"name":"wp","href":"https:\/\/api.w.org\/{rel}","templated":true}]}}