{"id":149306,"date":"2024-03-10T11:37:18","date_gmt":"2024-03-10T10:37:18","guid":{"rendered":"https:\/\/lavozdehellin.com\/noticias\/?p=149306"},"modified":"2024-03-11T10:05:23","modified_gmt":"2024-03-11T09:05:23","slug":"v08-405-aicclam-celebra-su-ix-carrera-solidaria-del-implante-coclear-con-el-apoyo-de-la-diputacion-de-albacete","status":"publish","type":"post","link":"https:\/\/lavozdehellin.com\/noticias\/v08-405-aicclam-celebra-su-ix-carrera-solidaria-del-implante-coclear-con-el-apoyo-de-la-diputacion-de-albacete\/","title":{"rendered":"LVH NOTICIAS | AICCLAM CELEBRA SU IX CARRERA SOLIDARIA DEL IMPLANTE COCLEAR CON EL APOYO DE LA DIPUTACI\u00d3N DE ALBACETE"},"content":{"rendered":"<p style=\"text-align: justify;\">La Asociaci\u00f3n de Implantados Cocleares de Castilla-La Mancha (AICCLAM) ha celebrado este domingo la IX edici\u00f3n de su Carrera Solidaria del Implante Coclear, un evento que ha contado con el apoyo y la presencia de Jos\u00e9 Gonz\u00e1lez, diputado de Servicios Sociales y coordinador del \u00c1rea Social de la Diputaci\u00f3n de Albacete.<\/p>\n<p><!--more--><br \/>\n<!--publicidad-voz01--><a href=\"https:\/\/www.facebook.com\/SoloRadioHellin\/?locale=es_ES\"><img decoding=\"async\" class=\"alignnone size-medium\" src=\"https:\/\/blogger.googleusercontent.com\/img\/b\/R29vZ2xl\/AVvXsEiNncirNnyGedv00mhjZjh5Wl4_YPdJGanoAl8tL8zH-HwqE8uHqjEfSt340RHdx-9tuCSIkZ8rFamZiGyYlgDGxCsmXjCH_1xk5eYM3ntFZRvJP_jndOKR7w1UAo9Tu0vrZyOLfqRpHIxYI5SymJJ-pfGCQw6QVpggBH-UgfjiFQ2JOxqxG0Jx94kW83c\/s1600\/logo-principal.jpg\" width=\"100%\" height=\"100\" \/><\/a><!--bestpublic-voz01--><!--desk-in-out-voz01--><br \/>\n<!--publicidad-voz02--><a href=\"https:\/\/www.hellincf.com\/\"><img decoding=\"async\" class=\"alignnone size-medium\" src=\"https:\/\/blogger.googleusercontent.com\/img\/b\/R29vZ2xl\/AVvXsEhuZ4-XfBVj3UtdP8-RZugy3WVrg-Zv28c53m4oV47qYCxL1rX_dqWX_YddsGSnpH5SRDqZ7bZeKPIfDVCDncpjVlhy3aQs2vojcJBn7Gdv9hC2_Nzct_pRFrnFE1a7KTCdY1bT_kAgnY3-iadRZrGeJf1fR2P5fu11bokx0pWjaypoy-ctwCjklldpEbA\/s1600\/logo-principal7.jpg\" width=\"100%\" height=\"100\" \/><\/a><!--bestpublic-voz02--><!--desk-in-out-voz02--><\/p>\n<p style=\"text-align: justify;\">Este encuentro deportivo y marcadamente solidario, que ha tenido salida y meta en la Avenida Guillermina Medrano de Albacete, ha superado las expectativas pese a las previsiones meteorol\u00f3gicas adversas, demostrando el entusiasmo y la participaci\u00f3n activa en torno a la gran \u2018familia\u2019 de AICCLAM, encabezada por Antonia Lacasa.<\/p>\n<p style=\"text-align: justify;\">La carrera, que ya se ha convertido en una cita ineludible para la visibilizaci\u00f3n de las personas con implantes cocleares, ha destacado por la alegr\u00eda, el cari\u00f1o y el ambiente festivo. Jos\u00e9 Gonz\u00e1lez ha alabado el trabajo incansable de AICCLAM y de su personal, asegurando que la instituci\u00f3n provincial continuar\u00e1 apoy\u00e1ndoles en la atenci\u00f3n y prestaci\u00f3n de servicios que ofrecen a sus usuarios y usuarias, subrayando su papel de \u201capoyar a quienes, debido a su discapacidad auditiva, afrontan d\u00eda tras d\u00eda desaf\u00edos y dificultades de los que el resto de la sociedad somos muy poco conscientes\u201d. La entidad atiende a unas 500 personas en C-LM, en torno a 100 de ellas, en Albacete.<\/p>\n<p style=\"text-align: justify;\">Adem\u00e1s del apoyo institucional, el evento ha contado con la participaci\u00f3n entusiasta de personas de todas las edades que se inscribieron en la carrera a trav\u00e9s del sistema de Atletas Populares del Circuito Provincial, con un coste simb\u00f3lico de 6 euros la inscripci\u00f3n: fondos destinados \u00edntegramente a apoyar a AICCLAM en su trabajo.<\/p>\n<p style=\"text-align: justify;\">Nuevamente, la cita se ha enmarcado en la reciente conmemoraci\u00f3n del D\u00eda Mundial del Implante Coclear que tuvo lugar el pasado 25 de febrero, bajo el lema estatal \u2018Pasi\u00f3n por escuchar\u2019, resaltando la importancia de avanzar en la inclusi\u00f3n y la eliminaci\u00f3n de barreras para las personas con discapacidad auditiva.<\/p>\n<p style=\"text-align: justify;\">Apoyo continuo de la Diputaci\u00f3n de Albacete a la labor de AICCLAM<\/p>\n<p style=\"text-align: justify;\">La Diputaci\u00f3n de Albacete ha demostrado su apoyo continuo a AICCLAM, no s\u00f3lo mediante la colaboraci\u00f3n en eventos como \u00e9ste, sino tambi\u00e9n a trav\u00e9s de la Convocatoria anual de Ayudas para entidades sociosanitarias, a trav\u00e9s de la que, en 2023, la Diputaci\u00f3n contribuy\u00f3 con m\u00e1s de 8.330 euros a proyectos de intervenci\u00f3n psicopedag\u00f3gica para personas con discapacidad auditiva, evidenciando su compromiso con la mejora de la calidad de vida de estas personas.<\/p>\n<p style=\"text-align: justify;\">La colaboraci\u00f3n entre la Diputaci\u00f3n de Albacete y AICCLAM es un ejemplo de c\u00f3mo las instituciones pueden trabajar mano a mano con asociaciones para fomentar una sociedad m\u00e1s justa e igualitaria. Eventos como la IX Carrera Solidaria del Implante Coclear son vitales para la sensibilizaci\u00f3n y movilizaci\u00f3n social, destacando la importancia de la solidaridad, el apoyo mutuo y el compromiso con el bienestar de todos los ciudadanos.<\/p>\n<p style=\"text-align: justify;\">Previamente, con la ayuda de la Diputaci\u00f3n, tambi\u00e9n AICCLAM pudo adaptar su sede (tanto en accesibilidad como en espacios) a las necesidades sobrevenidas que trajo la pandemia, aport\u00e1ndole m\u00e1s de 3.400 euros que facilitaron la creaci\u00f3n de un hall que reuniera unas condiciones de espera dignas para las personas que acompa\u00f1aban a los usuarios y usuarias mientras recib\u00edan atenci\u00f3n.<\/p>\n<p style=\"text-align: justify;\">Una mejora que el propio presidente provincial, Santi Caba\u00f1ero, pudo conocer personalmente visitando la sede junto al vicepresidente provincial, Fran Valera, conociendo algunas de las historias de personales de quienes prestan y reciben en ese espacio un servicio especializado y personalizado en la rehabilitaci\u00f3n auditiva.<\/p>\n<p style=\"text-align: justify;\">Adem\u00e1s, dentro de ese compromiso que encarna AICCLAM a diario, diferentes localizaciones vinculadas a la Diputaci\u00f3n de Albacete (como el Sal\u00f3n de Actos del Palacio Provincial o el Teatro de la Paz), tienen instalado un sistema de accesibilidad dirigido a personas con carencias auditivas para facilitar su escucha a trav\u00e9s de un bucle magn\u00e9tico que permite eliminar el sonido ambiente.<\/p>\n<p><!--publicidad-voz03--><a href=\"https:\/\/www.facebook.com\/profile.php?id=100063593791305&amp;locale=es_ES\"><img decoding=\"async\" class=\"alignnone size-medium\" src=\"https:\/\/blogger.googleusercontent.com\/img\/b\/R29vZ2xl\/AVvXsEi8_n_ll8UOcGxCqzFvb_9Io4ICczlGC990BPtPj2w9Px-u7B3oqWUW5vtjZUqPNJ-nyjiUIorE0ATsib_l5tV8BVN-UJ03RTnU__IHJF_4DgDBtY4LIqXNG-FomrO-7ywes20CBCRM2Hcm7EJSh3UUw1dO-c_uTflUrtgY1i7uBRezj_DpympmEFkfbQY\/s1600\/logo-principal2.jpg\" width=\"100%\" height=\"100\" \/><\/a><!--bestpublic-voz03--><!--desk-in-out-voz03--><br \/>\n<!--publicidad-voz04--><a href=\"https:\/\/www.facebook.com\/profile.php?id=61557370768692&amp;locale=es_ES\"><img decoding=\"async\" class=\"alignnone size-medium\" src=\"https:\/\/blogger.googleusercontent.com\/img\/b\/R29vZ2xl\/AVvXsEgy5RdcfffrnrItnYTcV9bCJjgJwldsQLWssfVfrLbyfXeBNTFKgBf0rMIvhrUaGUhiXzVr9_eQgCbi-j63ZDpfTvLIty9w7s140y-m1yHe7eKmEK7v2NAHUJDVYGdfeiQFeRCqUjdwWmN1MX_AUxxz4IVdJ4WIM0APxit8bjWkXzrnEFGqBvW_1F13H1g\/s1600\/logo-principal5.jpg\" width=\"100%\" height=\"100\" \/><\/a><!--bestpublic-voz04--><!--desk-in-out-voz04--><br \/>\n<!--publicidad-voz05--><a href=\"https:\/\/www.facebook.com\/asociaciontamborileroshellin?locale=es_ES\"><img decoding=\"async\" class=\"alignnone size-medium\" src=\"https:\/\/blogger.googleusercontent.com\/img\/b\/R29vZ2xl\/AVvXsEhHEEpZsKK1VpwiYMrS7aE2ujtqIDZoLd4B5wtbiseSU9s2HdTdQfhF84So2XwEB1fv0BLw95GADm6hUl1bkKtzh-eIgVigXONuu_5RxeIMPhjk8q6uNX4EaEHbooKkbu7pCADWPpVJjhKIH5NQSJpWqedC-YBez4QAQeJYokkLot9bhrIaUAeztsGis6M\/s1600\/logo-principal3.jpg\" width=\"100%\" height=\"100\" \/><\/a><!--bestpublic-voz05--><!--desk-in-out-voz05--><br \/>\n<!--publicidad-voz06--><!--bestpublic-voz06--><!--desk-in-out-voz06--><br \/>\n<!--publicidad-voz07--><!--bestpublic-voz07--><!--desk-in-out-voz07--><br \/>\n<!--publicidad-voz08--><!--bestpublic-voz08--><!--desk-in-out-voz08--><br \/>\n<!--publicidad-voz09--><!--bestpublic-voz09--><!--desk-in-out-voz09--><br \/>\n<!--publicidad-voz10--><!--bestpublic-voz10--><!--desk-in-out-voz10--><br \/>\n<!--publicidad-voz11--><!--bestpublic-voz11--><!--desk-in-out-voz11--><br \/>\n<!--publicidad-voz12--><!--bestpublic-voz12--><!--desk-in-out-voz12--><br \/>\n<!--publicidad-voz13--><!--bestpublic-voz13--><!--desk-in-out-voz13--><br \/>\n<!--publicidad-voz14--><!--bestpublic-voz14--><!--desk-in-out-voz14--><br \/>\n<!--publicidad-voz15--><!--bestpublic-voz15--><!--desk-in-out-voz15--><br \/>\n<!--publicidad-voz16--><!--bestpublic-voz16--><!--desk-in-out-voz16--><\/p>\n","protected":false},"excerpt":{"rendered":"<p>La Asociaci\u00f3n de Implantados Cocleares de Castilla-La Mancha (AICCLAM) ha celebrado este domingo la IX edici\u00f3n de su Carrera Solidaria del Implante Coclear, un evento que ha contado con el&#8230;<\/p>\n","protected":false},"author":2,"featured_media":149307,"comment_status":"closed","ping_status":"closed","sticky":false,"template":"","format":"standard","meta":{"footnotes":""},"categories":[753,718,715,716,717],"tags":[],"class_list":["post-149306","post","type-post","status-publish","format-standard","has-post-thumbnail","hentry","category-blog-lv034","category-blogger","category-la-voz-de-hellin","category-la-voz-de-hellin-la-voz-de-hellin","category-noticias"],"_links":{"self":[{"href":"https:\/\/lavozdehellin.com\/noticias\/wp-json\/wp\/v2\/posts\/149306","targetHints":{"allow":["GET"]}}],"collection":[{"href":"https:\/\/lavozdehellin.com\/noticias\/wp-json\/wp\/v2\/posts"}],"about":[{"href":"https:\/\/lavozdehellin.com\/noticias\/wp-json\/wp\/v2\/types\/post"}],"author":[{"embeddable":true,"href":"https:\/\/lavozdehellin.com\/noticias\/wp-json\/wp\/v2\/users\/2"}],"replies":[{"embeddable":true,"href":"https:\/\/lavozdehellin.com\/noticias\/wp-json\/wp\/v2\/comments?post=149306"}],"version-history":[{"count":0,"href":"https:\/\/lavozdehellin.com\/noticias\/wp-json\/wp\/v2\/posts\/149306\/revisions"}],"wp:featuredmedia":[{"embeddable":true,"href":"https:\/\/lavozdehellin.com\/noticias\/wp-json\/wp\/v2\/media\/149307"}],"wp:attachment":[{"href":"https:\/\/lavozdehellin.com\/noticias\/wp-json\/wp\/v2\/media?parent=149306"}],"wp:term":[{"taxonomy":"category","embeddable":true,"href":"https:\/\/lavozdehellin.com\/noticias\/wp-json\/wp\/v2\/categories?post=149306"},{"taxonomy":"post_tag","embeddable":true,"href":"https:\/\/lavozdehellin.com\/noticias\/wp-json\/wp\/v2\/tags?post=149306"}],"curies":[{"name":"wp","href":"https:\/\/api.w.org\/{rel}","templated":true}]}}