{"id":149309,"date":"2024-03-10T18:19:50","date_gmt":"2024-03-10T17:19:50","guid":{"rendered":"https:\/\/lavozdehellin.com\/noticias\/?p=149309"},"modified":"2024-03-11T10:05:23","modified_gmt":"2024-03-11T09:05:23","slug":"v08-406-mas-de-1-800-estudiantes-de-distintos-puntos-de-la-provincia-de-albacete-han-participado-esta-semana-en-las-actividades-de-artes-escenicas-impulsadas-por-la-diputacion","status":"publish","type":"post","link":"https:\/\/lavozdehellin.com\/noticias\/v08-406-mas-de-1-800-estudiantes-de-distintos-puntos-de-la-provincia-de-albacete-han-participado-esta-semana-en-las-actividades-de-artes-escenicas-impulsadas-por-la-diputacion\/","title":{"rendered":"LVH NOTICIAS | M\u00c1S DE 1.800 ESTUDIANTES DE DISTINTOS PUNTOS DE LA PROVINCIA DE ALBACETE HAN PARTICIPADO ESTA SEMANA EN LAS ACTIVIDADES DE ARTES ESC\u00c9NICAS IMPULSADAS POR LA DIPUTACI\u00d3N"},"content":{"rendered":"<p style=\"text-align: justify;\">La Diputaci\u00f3n de Albacete, a trav\u00e9s de su Servicio de Educaci\u00f3n y Cultura, ha puesto a disposici\u00f3n de escolares de toda la provincia estos 5, 6 y 7 de marzo, distintas actividades enmarcadas en sus programas de artes esc\u00e9nicas, fomentando el inter\u00e9s y la participaci\u00f3n en ellas entre alumnado de distintas localidades del territorio. Citas que en todos los casos, se han desarrollado en el Teatro de la Paz, titularidad de la propia instituci\u00f3n provincial.<\/p>\n<p><!--more--><br \/>\n<!--publicidad-voz01--><a href=\"https:\/\/www.facebook.com\/SoloRadioHellin\/?locale=es_ES\"><img decoding=\"async\" class=\"alignnone size-medium\" src=\"https:\/\/blogger.googleusercontent.com\/img\/b\/R29vZ2xl\/AVvXsEiNncirNnyGedv00mhjZjh5Wl4_YPdJGanoAl8tL8zH-HwqE8uHqjEfSt340RHdx-9tuCSIkZ8rFamZiGyYlgDGxCsmXjCH_1xk5eYM3ntFZRvJP_jndOKR7w1UAo9Tu0vrZyOLfqRpHIxYI5SymJJ-pfGCQw6QVpggBH-UgfjiFQ2JOxqxG0Jx94kW83c\/s1600\/logo-principal.jpg\" width=\"100%\" height=\"100\" \/><\/a><!--bestpublic-voz01--><!--desk-in-out-voz01--><br \/>\n<!--publicidad-voz02--><a href=\"https:\/\/www.hellincf.com\/\"><img decoding=\"async\" class=\"alignnone size-medium\" src=\"https:\/\/blogger.googleusercontent.com\/img\/b\/R29vZ2xl\/AVvXsEhuZ4-XfBVj3UtdP8-RZugy3WVrg-Zv28c53m4oV47qYCxL1rX_dqWX_YddsGSnpH5SRDqZ7bZeKPIfDVCDncpjVlhy3aQs2vojcJBn7Gdv9hC2_Nzct_pRFrnFE1a7KTCdY1bT_kAgnY3-iadRZrGeJf1fR2P5fu11bokx0pWjaypoy-ctwCjklldpEbA\/s1600\/logo-principal7.jpg\" width=\"100%\" height=\"100\" \/><\/a><!--bestpublic-voz02--><!--desk-in-out-voz02--><\/p>\n<p style=\"text-align: justify;\">As\u00ed, las campa\u00f1as educativas \u2018Vamos al Teatro\u2019 y \u2018D\u00edas de Danza, a trav\u00e9s de las obras \u2018Las que limpian\u2019 y \u2018Papirus\u2019, han congregado en esas tres jornadas a m\u00e1s de 1.800 estudiantes de distintos niveles educativos, desde Primaria hasta Ciclos Formativos y FP B\u00e1sica, dentro del compromiso que la instituci\u00f3n provincial mantiene con el objetivo de acercar el teatro y la danza a la juventud.<\/p>\n<p style=\"text-align: justify;\">Y es que, tal y como siempre se\u00f1ala el presidente, Santi Caba\u00f1ero, desde el Gobierno de la Diputaci\u00f3n de Albacete se trabaja entendiendo que \u201cel arte y la cultura son fundamentales para el desarrollo integral de los ni\u00f1os, ni\u00f1as y j\u00f3venes\u201d y que, fomentar las artes esc\u00e9nicas desde las edades m\u00e1s tempranas, es clave para \u201cdespertar tanto su creatividad como su esp\u00edritu cr\u00edtico\u201d.<\/p>\n<p style=\"text-align: justify;\">Unas actividades que, como \u00e9l mismo ha subrayado, son especialmente significativas para escolares de las localidades m\u00e1s \u2018peque\u00f1as\u2019, donde las oportunidades de disfrutar de este tipo de experiencias suelen ser menos frecuentes. Una perspectiva que resalta el compromiso de la instituci\u00f3n a la hora de contribuir a hacer de la provincia de Albacete \u201cun lugar m\u00e1s libre, preparado y mejor, a trav\u00e9s del arte y la cultura\u00bb.<br \/>\nAlumnado de m\u00e1s de diez localidades de la provincia ha disfrutado de las campa\u00f1as \u2018Vamos al teatro\u2019 y \u2018D\u00edas de Danza\u2019 del 5 al 7 de marzo<\/p>\n<p style=\"text-align: justify;\">La campa\u00f1a \u2018Vamos al Teatro\u00b4 permite cada a\u00f1o a los y las estudiantes disfrutar de experiencias teatrales \u00fanicas, mientras que con \u2018D\u00edas de Danza\u2019 se les introduce en el mundo del ballet y la danza contempor\u00e1nea.<\/p>\n<p style=\"text-align: justify;\">Con m\u00e1s de 620 participantes de 3\u00ba y 4\u00ba de Educaci\u00f3n Secundaria Obligatoria, Bachillerato, Ciclos Formativos de Grado Medio y Superior y Formaci\u00f3n Profesional B\u00e1sica de centros educativos deAlbacete, Aguas Nuevas, Hell\u00edn, La Roda, el pasado 5 de marzo (en sendos pases, fijados a las 10:00 y las 12:30 horas), la obra \u2018Las que limpian\u2019, coproducida por \u2018A Panadar\u00eda\u2019 y el Centro Dram\u00e1tico Nacional, sirvi\u00f3 tambi\u00e9n para conmemorar el D\u00eda Internacional de las Mujeres, reivindicando la lucha de las limpiadoras de hoteles a trav\u00e9s de una comedia y esperanzadora.<\/p>\n<p style=\"text-align: justify;\">Por otro lado, en las jornadas del 6 y 7 de marzo, con un total de cuatro representaciones a las 10:00 y las 12:00 horas), la premiada \u2018Papirus\u2019, de \u2018Xirriquiteula Teatro\u2019, hablaba a cerca de 1.300 alumnos y alumnas de 3\u00ba a 6\u00ba de Primaria de centros educativos de Santa Ana, Albacete, Alborea, Madrigueras, Hell\u00edn, Molinicos, Caudete, Alborea, Madrigueras, Molinicos, Ri\u00f3par, sobre temas como la amistad, la guerra, y la esperanza, a trav\u00e9s de un lenguaje gestual lleno de humor y creatividad.<\/p>\n<p style=\"text-align: justify;\">Todas estas actividades se han preparado en colaboraci\u00f3n con los centros educativos participantes donde, mediante dossieres pedag\u00f3gicos, se ha trabajado de forma previa en las aulas con el fin de enriquecer la sensibilidad y capacidad expresiva de los y las estudiantes promoviendo, adem\u00e1s, h\u00e1bitos de buenos espectadores y buenas espectadoras en espacios esc\u00e9nicos.<\/p>\n<p style=\"text-align: justify;\">Con sendas campa\u00f1as, el Gobierno de la Diputaci\u00f3n de Albacete reafirma su compromiso con la educaci\u00f3n cultural y el desarrollo de las artes esc\u00e9nicas como herramientas poderosas para el enriquecimiento (personal y colectivo) de la Comunidad Educativa de la provincia.<\/p>\n<p><!--publicidad-voz03--><a href=\"https:\/\/www.facebook.com\/profile.php?id=100063593791305&amp;locale=es_ES\"><img decoding=\"async\" class=\"alignnone size-medium\" src=\"https:\/\/blogger.googleusercontent.com\/img\/b\/R29vZ2xl\/AVvXsEi8_n_ll8UOcGxCqzFvb_9Io4ICczlGC990BPtPj2w9Px-u7B3oqWUW5vtjZUqPNJ-nyjiUIorE0ATsib_l5tV8BVN-UJ03RTnU__IHJF_4DgDBtY4LIqXNG-FomrO-7ywes20CBCRM2Hcm7EJSh3UUw1dO-c_uTflUrtgY1i7uBRezj_DpympmEFkfbQY\/s1600\/logo-principal2.jpg\" width=\"100%\" height=\"100\" \/><\/a><!--bestpublic-voz03--><!--desk-in-out-voz03--><br \/>\n<!--publicidad-voz04--><a href=\"https:\/\/www.facebook.com\/profile.php?id=61557370768692&amp;locale=es_ES\"><img decoding=\"async\" class=\"alignnone size-medium\" src=\"https:\/\/blogger.googleusercontent.com\/img\/b\/R29vZ2xl\/AVvXsEgy5RdcfffrnrItnYTcV9bCJjgJwldsQLWssfVfrLbyfXeBNTFKgBf0rMIvhrUaGUhiXzVr9_eQgCbi-j63ZDpfTvLIty9w7s140y-m1yHe7eKmEK7v2NAHUJDVYGdfeiQFeRCqUjdwWmN1MX_AUxxz4IVdJ4WIM0APxit8bjWkXzrnEFGqBvW_1F13H1g\/s1600\/logo-principal5.jpg\" width=\"100%\" height=\"100\" \/><\/a><!--bestpublic-voz04--><!--desk-in-out-voz04--><br \/>\n<!--publicidad-voz05--><a href=\"https:\/\/www.facebook.com\/asociaciontamborileroshellin?locale=es_ES\"><img decoding=\"async\" class=\"alignnone size-medium\" src=\"https:\/\/blogger.googleusercontent.com\/img\/b\/R29vZ2xl\/AVvXsEhHEEpZsKK1VpwiYMrS7aE2ujtqIDZoLd4B5wtbiseSU9s2HdTdQfhF84So2XwEB1fv0BLw95GADm6hUl1bkKtzh-eIgVigXONuu_5RxeIMPhjk8q6uNX4EaEHbooKkbu7pCADWPpVJjhKIH5NQSJpWqedC-YBez4QAQeJYokkLot9bhrIaUAeztsGis6M\/s1600\/logo-principal3.jpg\" width=\"100%\" height=\"100\" \/><\/a><!--bestpublic-voz05--><!--desk-in-out-voz05--><br \/>\n<!--publicidad-voz06--><!--bestpublic-voz06--><!--desk-in-out-voz06--><br \/>\n<!--publicidad-voz07--><!--bestpublic-voz07--><!--desk-in-out-voz07--><br \/>\n<!--publicidad-voz08--><!--bestpublic-voz08--><!--desk-in-out-voz08--><br \/>\n<!--publicidad-voz09--><!--bestpublic-voz09--><!--desk-in-out-voz09--><br \/>\n<!--publicidad-voz10--><!--bestpublic-voz10--><!--desk-in-out-voz10--><br \/>\n<!--publicidad-voz11--><!--bestpublic-voz11--><!--desk-in-out-voz11--><br \/>\n<!--publicidad-voz12--><!--bestpublic-voz12--><!--desk-in-out-voz12--><br \/>\n<!--publicidad-voz13--><!--bestpublic-voz13--><!--desk-in-out-voz13--><br \/>\n<!--publicidad-voz14--><!--bestpublic-voz14--><!--desk-in-out-voz14--><br \/>\n<!--publicidad-voz15--><!--bestpublic-voz15--><!--desk-in-out-voz15--><br \/>\n<!--publicidad-voz16--><!--bestpublic-voz16--><!--desk-in-out-voz16--><\/p>\n","protected":false},"excerpt":{"rendered":"<p>La Diputaci\u00f3n de Albacete, a trav\u00e9s de su Servicio de Educaci\u00f3n y Cultura, ha puesto a disposici\u00f3n de escolares de toda la provincia estos 5, 6 y 7 de marzo,&#8230;<\/p>\n","protected":false},"author":2,"featured_media":149310,"comment_status":"closed","ping_status":"closed","sticky":false,"template":"","format":"standard","meta":{"footnotes":""},"categories":[753,718,715,716,717],"tags":[],"class_list":["post-149309","post","type-post","status-publish","format-standard","has-post-thumbnail","hentry","category-blog-lv034","category-blogger","category-la-voz-de-hellin","category-la-voz-de-hellin-la-voz-de-hellin","category-noticias"],"_links":{"self":[{"href":"https:\/\/lavozdehellin.com\/noticias\/wp-json\/wp\/v2\/posts\/149309","targetHints":{"allow":["GET"]}}],"collection":[{"href":"https:\/\/lavozdehellin.com\/noticias\/wp-json\/wp\/v2\/posts"}],"about":[{"href":"https:\/\/lavozdehellin.com\/noticias\/wp-json\/wp\/v2\/types\/post"}],"author":[{"embeddable":true,"href":"https:\/\/lavozdehellin.com\/noticias\/wp-json\/wp\/v2\/users\/2"}],"replies":[{"embeddable":true,"href":"https:\/\/lavozdehellin.com\/noticias\/wp-json\/wp\/v2\/comments?post=149309"}],"version-history":[{"count":0,"href":"https:\/\/lavozdehellin.com\/noticias\/wp-json\/wp\/v2\/posts\/149309\/revisions"}],"wp:featuredmedia":[{"embeddable":true,"href":"https:\/\/lavozdehellin.com\/noticias\/wp-json\/wp\/v2\/media\/149310"}],"wp:attachment":[{"href":"https:\/\/lavozdehellin.com\/noticias\/wp-json\/wp\/v2\/media?parent=149309"}],"wp:term":[{"taxonomy":"category","embeddable":true,"href":"https:\/\/lavozdehellin.com\/noticias\/wp-json\/wp\/v2\/categories?post=149309"},{"taxonomy":"post_tag","embeddable":true,"href":"https:\/\/lavozdehellin.com\/noticias\/wp-json\/wp\/v2\/tags?post=149309"}],"curies":[{"name":"wp","href":"https:\/\/api.w.org\/{rel}","templated":true}]}}