{"id":149322,"date":"2024-03-11T11:41:31","date_gmt":"2024-03-11T10:41:31","guid":{"rendered":"https:\/\/lavozdehellin.com\/noticias\/?p=149322"},"modified":"2024-03-12T16:30:47","modified_gmt":"2024-03-12T15:30:47","slug":"v08-409-la-provincia-de-albacete-acogera-con-el-apoyo-de-la-diputacion-cerca-de-500-actividades-este-2024-en-el-marco-de-castilla-la-mancha-region-europea-del-deporte","status":"publish","type":"post","link":"https:\/\/lavozdehellin.com\/noticias\/v08-409-la-provincia-de-albacete-acogera-con-el-apoyo-de-la-diputacion-cerca-de-500-actividades-este-2024-en-el-marco-de-castilla-la-mancha-region-europea-del-deporte\/","title":{"rendered":"LVH NOTICIAS | LA PROVINCIA DE ALBACETE ACOGER\u00c1, CON EL APOYO DE LA DIPUTACI\u00d3N, CERCA DE 500 ACTIVIDADES ESTE 2024 EN EL MARCO DE \u2018CASTILLA-LA MANCHA REGI\u00d3N EUROPEA DEL DEPORTE\u2019"},"content":{"rendered":"<p style=\"text-align: justify;\">La provincia de Albacete acoger\u00e1 cerca de medio millar de actividades a lo largo de este 2024 en el marco de la conmemoraci\u00f3n de \u2018Castilla-La Mancha, Regi\u00f3n Europea del Deporte\u2019.<\/p>\n<p><!--more--><br \/>\n<!--publicidad-voz01--><a href=\"https:\/\/www.facebook.com\/SoloRadioHellin\/?locale=es_ES\"><img decoding=\"async\" class=\"alignnone size-medium\" src=\"https:\/\/blogger.googleusercontent.com\/img\/b\/R29vZ2xl\/AVvXsEiNncirNnyGedv00mhjZjh5Wl4_YPdJGanoAl8tL8zH-HwqE8uHqjEfSt340RHdx-9tuCSIkZ8rFamZiGyYlgDGxCsmXjCH_1xk5eYM3ntFZRvJP_jndOKR7w1UAo9Tu0vrZyOLfqRpHIxYI5SymJJ-pfGCQw6QVpggBH-UgfjiFQ2JOxqxG0Jx94kW83c\/s1600\/logo-principal.jpg\" width=\"100%\" height=\"100\" \/><\/a><!--bestpublic-voz01--><!--desk-in-out-voz01--><br \/>\n<!--publicidad-voz02--><a href=\"https:\/\/www.hellincf.com\/\"><img decoding=\"async\" class=\"alignnone size-medium\" src=\"https:\/\/blogger.googleusercontent.com\/img\/b\/R29vZ2xl\/AVvXsEhuZ4-XfBVj3UtdP8-RZugy3WVrg-Zv28c53m4oV47qYCxL1rX_dqWX_YddsGSnpH5SRDqZ7bZeKPIfDVCDncpjVlhy3aQs2vojcJBn7Gdv9hC2_Nzct_pRFrnFE1a7KTCdY1bT_kAgnY3-iadRZrGeJf1fR2P5fu11bokx0pWjaypoy-ctwCjklldpEbA\/s1600\/logo-principal7.jpg\" width=\"100%\" height=\"100\" \/><\/a><!--bestpublic-voz02--><!--desk-in-out-voz02--><\/p>\n<p style=\"text-align: justify;\">Iniciativas impulsadas por el Gobierno regional con la colaboraci\u00f3n, el respaldo y el apoyo de la Diputaci\u00f3n, tal y como ha subrayado el diputado del \u00e1rea, Dani Sancha, durante la presentaci\u00f3n de esta programaci\u00f3n.<\/p>\n<p style=\"text-align: justify;\">Durante el acto, en el que han participado la viceconsejera de Cultura y Deportes, Carmen Teresa Olmedo; el director general de Juventud y Deporte, Carlos Yuste; y el delegado de la JCCM en la provincia, Pedro Antonio Ruiz Santos, se ha explicado que se prev\u00e9 la participaci\u00f3n de m\u00e1s de 100.000 personas en estas citas deportivas y un retorno econ\u00f3mico superior a los 4.000.000 \u20ac. Unos datos que Sancha ha valorado muy positivamente, apuntando la importancia que esta conmemoraci\u00f3n va a tener para el territorio albacetense a nivel deportivo, pero tambi\u00e9n en t\u00e9rminos econ\u00f3micos y sociales, as\u00ed como en lo relativo a la promoci\u00f3n de la provincia.<\/p>\n<p style=\"text-align: justify;\">El diputado de Deportes, que ha agradecido al Gobierno regional la invitaci\u00f3n para ser parte activa de esta programaci\u00f3n de actividades, ha subrayado que para la Diputaci\u00f3n es \u201cun placer\u201d participar en el desarrollo de esta celebraci\u00f3n con la que \u201cEuropa va a mirar a Castilla-La Mancha\u201d, incidiendo en que, a trav\u00e9s esta conmemoraci\u00f3n, el deporte va a llevar a todos los rincones de nuestra comunidad aut\u00f3noma, con una mirada especial a las localidades m\u00e1s peque\u00f1as y con menos recursos.<\/p>\n<p style=\"text-align: justify;\">\u201cEsta celebraci\u00f3n va a ser importante para nuestros j\u00f3venes, para nuestros mayores, para nuestra econom\u00eda y, en definitiva, para el conjunto de la provincia. Una provincia que cuenta con las mejores competiciones y con los mejores clubes de Castilla-La Mancha\u201d, ha apuntado Sancha, dejando claro que \u201cestamos de moda\u201d en este \u00e1mbito, y recordando que en 2023 La Roda fue \u2018Villa Europea del Deporte\u2019.<\/p>\n<p style=\"text-align: justify;\">Sancha reitera el compromiso del Gobierno de Santi Caba\u00f1ero en materia deportiva<\/p>\n<p style=\"text-align: justify;\">Adem\u00e1s, ha remarcado que desde el Gobierno que preside Santi Caba\u00f1ero se est\u00e1 trabajando firmemente en la promoci\u00f3n de la actividad deportiva, \u201ccon una inversi\u00f3n r\u00e9cord este 2024, de m\u00e1s de 3,7 millones de \u20ac\u201d, y ha subrayado que el compromiso en esta direcci\u00f3n crece a\u00f1o tras a\u00f1o de la mano de los agentes que desde cada territorio trabajan en esta direcci\u00f3n, en alusi\u00f3n a los Ayuntamientos, clubes, federaciones, deportistas \u201cy, por supuesto, el Gobierno regional\u201d.<\/p>\n<p style=\"text-align: justify;\">Momento que ha aprovechado para felicitar al Ejecutivo auton\u00f3mico por conseguir que C-LM sea Regi\u00f3n Europea del Deporte, \u201cun hecho hist\u00f3rico para nuestra regi\u00f3n\u201d, y ha dejado claro que esto es fruto del esfuerzo que se est\u00e1 realizando para promocionar la actividad deportiva, para dinamizarla y para potenciarla desde una apuesta clara por la inclusi\u00f3n, la igualdad entre hombres y mujeres y la igualdad entre territorios.<\/p>\n<p style=\"text-align: justify;\">De hecho, ha alabado que hayan elegido celebrar que Castilla-La Mancha sea Regi\u00f3n Europea del Deporte con m\u00e1s deporte, con m\u00e1s actividades de ocio saludable para todas las edades (m\u00e1s de 2.000 eventos en el conjunto de la regi\u00f3n), y ha indicado que nos encontramos ante una gran oportunidad para visibilizar a nivel europeo la actividad deportiva que se realiza en C-LM y en Albacete, para fomentarla entre el conjunto de la ciudadan\u00eda (llegando tambi\u00e9n a quienes no lo practican habitualmente) y para poner en valor nuestro patrimonio.<\/p>\n<p style=\"text-align: justify;\">Cerca de 500 propuestas deportivas para todas las edades<\/p>\n<p style=\"text-align: justify;\">Las actividades que se han organizado en la provincia de Albacete llegar\u00e1n a cerca de una veintena de localidades del conjunto del territorio, siendo el Tour Promoci\u00f3n (25 de abril en Albacete), el Circuito Deporte y Patrimonio (el 14 de septiembre en Almansa) y el Circuito de Deporte Senior (25 de octubre en Tarazona de la Mancha) los principales eventos. A los que se une la Final Four de la Champions Baloncesto en Silla de Ruedas (del 3 al 5 de mayo), para la que este mismo fin de semana se ha clasificado el BSR Amiab. Club para el que han tenido palabras de felicitaci\u00f3n y reconocimiento durante la rueda de prensa.<\/p>\n<p style=\"text-align: justify;\">Adem\u00e1s, en el \u00e1mbito del deporte universitario, junto al Campeonato de Espa\u00f1a de Campo a Trav\u00e9s que se celebr\u00f3 la pasada semana, est\u00e1 previsto un Campeonato de Espa\u00f1a de F\u00fatbol Sala (15 y 18 de abril), un Campeonato de Espa\u00f1a de K\u00e1rate (3 y 4 de mayo) o un Campeonato de Espa\u00f1a de Golf (14 y 17 de mayo).<\/p>\n<p style=\"text-align: justify;\">En lo relativo al Deporte Escolar, que durante el a\u00f1o cuenta con 25 modalidades deportivas y unos 225 encuentros semanales, se disputar\u00e1n seis fases finales: Campo a Trav\u00e9s (en La Roda el 17 de diciembre); Judo (en Albacete el 9 de marzo); Atletismo (en Albacete el 27 de abril); Orientaci\u00f3n (en Ossa de Montiel el 3 y 4 de mayo); Gimnasia R\u00edtmica (en Albacete sin fecha todav\u00eda) y Ajedrez (en Ossa de Montiel, tambi\u00e9n sin fecha cerrada).<\/p>\n<p style=\"text-align: justify;\">A estas actividades se unen otras relativas al \u00e1mbito de deporte y salud, como 11 Rutas Saludables \u20187000 Pasos X\u2019, 4 Rutas de Senderismo para Mayores; y 2 talleres de iniciaci\u00f3n al senderismo. La Roda, Munera, Alcaraz, Vianos, Molinicos, Yeste, Letur, P\u00e9trola, Montealegre del Castillo, Bonete, Alpera, Higueruela, Alcal\u00e1 del J\u00facar y La Gineta acoger\u00e1n estas citas, a las que se unen 169 actividades de deporte federado y 21 m\u00e1s de deporte local y provincial.<\/p>\n<p><!--publicidad-voz03--><a href=\"https:\/\/www.facebook.com\/profile.php?id=100063593791305&amp;locale=es_ES\"><img decoding=\"async\" class=\"alignnone size-medium\" src=\"https:\/\/blogger.googleusercontent.com\/img\/b\/R29vZ2xl\/AVvXsEi8_n_ll8UOcGxCqzFvb_9Io4ICczlGC990BPtPj2w9Px-u7B3oqWUW5vtjZUqPNJ-nyjiUIorE0ATsib_l5tV8BVN-UJ03RTnU__IHJF_4DgDBtY4LIqXNG-FomrO-7ywes20CBCRM2Hcm7EJSh3UUw1dO-c_uTflUrtgY1i7uBRezj_DpympmEFkfbQY\/s1600\/logo-principal2.jpg\" width=\"100%\" height=\"100\" \/><\/a><!--bestpublic-voz03--><!--desk-in-out-voz03--><br \/>\n<!--publicidad-voz04--><a href=\"https:\/\/www.facebook.com\/profile.php?id=61557370768692&amp;locale=es_ES\"><img decoding=\"async\" class=\"alignnone size-medium\" src=\"https:\/\/blogger.googleusercontent.com\/img\/b\/R29vZ2xl\/AVvXsEgy5RdcfffrnrItnYTcV9bCJjgJwldsQLWssfVfrLbyfXeBNTFKgBf0rMIvhrUaGUhiXzVr9_eQgCbi-j63ZDpfTvLIty9w7s140y-m1yHe7eKmEK7v2NAHUJDVYGdfeiQFeRCqUjdwWmN1MX_AUxxz4IVdJ4WIM0APxit8bjWkXzrnEFGqBvW_1F13H1g\/s1600\/logo-principal5.jpg\" width=\"100%\" height=\"100\" \/><\/a><!--bestpublic-voz04--><!--desk-in-out-voz04--><br \/>\n<!--publicidad-voz05--><a href=\"https:\/\/www.facebook.com\/asociaciontamborileroshellin?locale=es_ES\"><img decoding=\"async\" class=\"alignnone size-medium\" src=\"https:\/\/blogger.googleusercontent.com\/img\/b\/R29vZ2xl\/AVvXsEhHEEpZsKK1VpwiYMrS7aE2ujtqIDZoLd4B5wtbiseSU9s2HdTdQfhF84So2XwEB1fv0BLw95GADm6hUl1bkKtzh-eIgVigXONuu_5RxeIMPhjk8q6uNX4EaEHbooKkbu7pCADWPpVJjhKIH5NQSJpWqedC-YBez4QAQeJYokkLot9bhrIaUAeztsGis6M\/s1600\/logo-principal3.jpg\" width=\"100%\" height=\"100\" \/><\/a><!--bestpublic-voz05--><!--desk-in-out-voz05--><br \/>\n<!--publicidad-voz06--><!--bestpublic-voz06--><!--desk-in-out-voz06--><br \/>\n<!--publicidad-voz07--><!--bestpublic-voz07--><!--desk-in-out-voz07--><br \/>\n<!--publicidad-voz08--><!--bestpublic-voz08--><!--desk-in-out-voz08--><br \/>\n<!--publicidad-voz09--><!--bestpublic-voz09--><!--desk-in-out-voz09--><br \/>\n<!--publicidad-voz10--><!--bestpublic-voz10--><!--desk-in-out-voz10--><br \/>\n<!--publicidad-voz11--><!--bestpublic-voz11--><!--desk-in-out-voz11--><br \/>\n<!--publicidad-voz12--><!--bestpublic-voz12--><!--desk-in-out-voz12--><br \/>\n<!--publicidad-voz13--><!--bestpublic-voz13--><!--desk-in-out-voz13--><br \/>\n<!--publicidad-voz14--><!--bestpublic-voz14--><!--desk-in-out-voz14--><br \/>\n<!--publicidad-voz15--><!--bestpublic-voz15--><!--desk-in-out-voz15--><br \/>\n<!--publicidad-voz16--><!--bestpublic-voz16--><!--desk-in-out-voz16--><\/p>\n","protected":false},"excerpt":{"rendered":"<p>La provincia de Albacete acoger\u00e1 cerca de medio millar de actividades a lo largo de este 2024 en el marco de la conmemoraci\u00f3n de \u2018Castilla-La Mancha, Regi\u00f3n Europea del Deporte\u2019.<\/p>\n","protected":false},"author":2,"featured_media":149323,"comment_status":"closed","ping_status":"closed","sticky":false,"template":"","format":"standard","meta":{"footnotes":""},"categories":[753,718,715,716,717],"tags":[],"class_list":["post-149322","post","type-post","status-publish","format-standard","has-post-thumbnail","hentry","category-blog-lv034","category-blogger","category-la-voz-de-hellin","category-la-voz-de-hellin-la-voz-de-hellin","category-noticias"],"_links":{"self":[{"href":"https:\/\/lavozdehellin.com\/noticias\/wp-json\/wp\/v2\/posts\/149322","targetHints":{"allow":["GET"]}}],"collection":[{"href":"https:\/\/lavozdehellin.com\/noticias\/wp-json\/wp\/v2\/posts"}],"about":[{"href":"https:\/\/lavozdehellin.com\/noticias\/wp-json\/wp\/v2\/types\/post"}],"author":[{"embeddable":true,"href":"https:\/\/lavozdehellin.com\/noticias\/wp-json\/wp\/v2\/users\/2"}],"replies":[{"embeddable":true,"href":"https:\/\/lavozdehellin.com\/noticias\/wp-json\/wp\/v2\/comments?post=149322"}],"version-history":[{"count":0,"href":"https:\/\/lavozdehellin.com\/noticias\/wp-json\/wp\/v2\/posts\/149322\/revisions"}],"wp:featuredmedia":[{"embeddable":true,"href":"https:\/\/lavozdehellin.com\/noticias\/wp-json\/wp\/v2\/media\/149323"}],"wp:attachment":[{"href":"https:\/\/lavozdehellin.com\/noticias\/wp-json\/wp\/v2\/media?parent=149322"}],"wp:term":[{"taxonomy":"category","embeddable":true,"href":"https:\/\/lavozdehellin.com\/noticias\/wp-json\/wp\/v2\/categories?post=149322"},{"taxonomy":"post_tag","embeddable":true,"href":"https:\/\/lavozdehellin.com\/noticias\/wp-json\/wp\/v2\/tags?post=149322"}],"curies":[{"name":"wp","href":"https:\/\/api.w.org\/{rel}","templated":true}]}}