{"id":149325,"date":"2024-03-11T10:01:04","date_gmt":"2024-03-11T09:01:04","guid":{"rendered":"https:\/\/lavozdehellin.com\/noticias\/?p=149325"},"modified":"2024-03-12T16:30:48","modified_gmt":"2024-03-12T15:30:48","slug":"v08-407-la-diputacion-de-albacete-reitera-su-compromiso-al-proyecto-alcaraz-renacentista-en-su-objetivo-de-promover-el-patrimonio-historico-y-el-potencial-turistico-de-la-comarca","status":"publish","type":"post","link":"https:\/\/lavozdehellin.com\/noticias\/v08-407-la-diputacion-de-albacete-reitera-su-compromiso-al-proyecto-alcaraz-renacentista-en-su-objetivo-de-promover-el-patrimonio-historico-y-el-potencial-turistico-de-la-comarca\/","title":{"rendered":"LVH NOTICIAS | LA DIPUTACI\u00d3N DE ALBACETE REITERA SU COMPROMISO AL PROYECTO \u2018ALCARAZ RENACENTISTA\u2019 EN SU OBJETIVO DE PROMOVER EL PATRIMONIO HIST\u00d3RICO Y EL POTENCIAL TUR\u00cdSTICO DE LA COMARCA"},"content":{"rendered":"<p style=\"text-align: justify;\">El vicepresidente provincial ha mostrado el compromiso de la Diputaci\u00f3n de Albacete con el proyecto \u2018Alcaraz Renacentista\u2019: un evento cultural y tur\u00edstico que busca promover el patrimonio hist\u00f3rico y la cohesi\u00f3n territorial y que se plantea con car\u00e1cter bianual.<\/p>\n<p><!--more--><br \/>\n<!--publicidad-voz01--><a href=\"https:\/\/www.facebook.com\/SoloRadioHellin\/?locale=es_ES\"><img decoding=\"async\" class=\"alignnone size-medium\" src=\"https:\/\/blogger.googleusercontent.com\/img\/b\/R29vZ2xl\/AVvXsEiNncirNnyGedv00mhjZjh5Wl4_YPdJGanoAl8tL8zH-HwqE8uHqjEfSt340RHdx-9tuCSIkZ8rFamZiGyYlgDGxCsmXjCH_1xk5eYM3ntFZRvJP_jndOKR7w1UAo9Tu0vrZyOLfqRpHIxYI5SymJJ-pfGCQw6QVpggBH-UgfjiFQ2JOxqxG0Jx94kW83c\/s1600\/logo-principal.jpg\" width=\"100%\" height=\"100\" \/><\/a><!--bestpublic-voz01--><!--desk-in-out-voz01--><br \/>\n<!--publicidad-voz02--><a href=\"https:\/\/www.hellincf.com\/\"><img decoding=\"async\" class=\"alignnone size-medium\" src=\"https:\/\/blogger.googleusercontent.com\/img\/b\/R29vZ2xl\/AVvXsEhuZ4-XfBVj3UtdP8-RZugy3WVrg-Zv28c53m4oV47qYCxL1rX_dqWX_YddsGSnpH5SRDqZ7bZeKPIfDVCDncpjVlhy3aQs2vojcJBn7Gdv9hC2_Nzct_pRFrnFE1a7KTCdY1bT_kAgnY3-iadRZrGeJf1fR2P5fu11bokx0pWjaypoy-ctwCjklldpEbA\/s1600\/logo-principal7.jpg\" width=\"100%\" height=\"100\" \/><\/a><!--bestpublic-voz02--><!--desk-in-out-voz02--><\/p>\n<p style=\"text-align: justify;\">En una reuni\u00f3n con miembros de la asociaci\u00f3n del mismo nombre y en la que ha estado acompa\u00f1ado de la diputada Yolanda Ballesteros (muy conocedora de la iniciativa como parte que es, adem\u00e1s, del Equipo de Gobierno del Ayuntamiento de Alcaraz), Fran Valera ha destacado la importancia de la iniciativa que ha motivado la creaci\u00f3n de este colectivo, que se present\u00f3 oficialmente el pasado 25 de febrero: la organizaci\u00f3n de las Jornadas de Recreaci\u00f3n del Renacimiento, un evento \u00fanico en Espa\u00f1a por su integraci\u00f3n de la comarca de la Sierra de Alcaraz y Campo de Montiel en la recreaci\u00f3n hist\u00f3rica.<\/p>\n<p style=\"text-align: justify;\">Uni\u00f3n territorial a trav\u00e9s de la recreaci\u00f3n hist\u00f3rica<\/p>\n<p style=\"text-align: justify;\">Las jornadas, programadas para los d\u00edas 18, 19 y 20 de octubre, prometen sumergir a la poblaci\u00f3n de Alcaraz y sus alrededores en la \u00e9poca del Siglo de Oro espa\u00f1ol, involucrando de lleno a los vecinos y vecinas en su rico patrimonio cultural. No en vano, el propio cartel dise\u00f1ado para la ocasi\u00f3n (obra del alcarace\u00f1o Juan Francisco Torres), pone en valor el papel de los hombres y mujeres de la zona como grandes protagonistas de esta aventura hist\u00f3rica.<\/p>\n<p style=\"text-align: justify;\">El proyecto naci\u00f3 con la intenci\u00f3n de organizar estas Jornadas en torno al Renacimiento y los grandes personajes del siglo XVI de Alcaraz, momento de m\u00e1ximo esplendor de la ciudad. La recreaci\u00f3n hist\u00f3rica o \u2018arqueolog\u00eda en vivo\u2019 es una experiencia l\u00fadica cuyo objetivo es recrear con el mayor grado de fidelidad posible, la indumentaria y la cultura material de un momento del pasado, en este caso, el periodo de 1570-1590.<\/p>\n<p style=\"text-align: justify;\">El \u00e9xito de Alcaraz Renacentista fue patente en 2022, cuando atrajo a m\u00e1s de 260 recreadores y recreadoras de 12 Comunidades Aut\u00f3nomas de Espa\u00f1a y de tres pa\u00edses m\u00e1s (Polonia, Portugal y Estados Unidos), demostrando el potencial del evento para trascender las fronteras locales y convertirse en un atractivo tur\u00edstico de primer orden.<br \/>\nLa Diputaci\u00f3n apoya con 4.000 euros a este evento singular referente a nivel europeo<\/p>\n<p style=\"text-align: justify;\">Igualmente, la participaci\u00f3n de numerosas localidades de la comarca, as\u00ed como de pueblos de la Sierra del Segura y de Mancha-J\u00facar Centro, subray\u00f3 esa capacidad para dinamizar econ\u00f3micamente la provincia y fortalecer los lazos entre las comunidades, cualidades que tambi\u00e9n el vicepresidente ha valorado muy positivamente.<\/p>\n<p style=\"text-align: justify;\">Fran Valera les ha agradecido la implicaci\u00f3n que vienen depositando en el proyecto, reafirmando el respaldo hacia el mismo por parte de la Diputaci\u00f3n de Albacete porque, les ha recordado, para el Gobierno del presidente Santi Caba\u00f1ero, es muy importante respaldar como sea posible todas esas iniciativas que destacan por su capacidad para unir a la provincia en torno a su patrimonio com\u00fan, e impulsar su desarrollo.<\/p>\n<p style=\"text-align: justify;\">\u201cEventos as\u00ed, enriquecen nuestro legado cultural y generan importantes oportunidades tur\u00edsticas y econ\u00f3micas y, adem\u00e1s, lo hacen fortaleciendo el sentido de identidad y de pertenencia entre nuestros pueblos\u00bb, ha valorado.<\/p>\n<p style=\"text-align: justify;\">Con una contribuci\u00f3n de 4.000 euros, el Gobierno Provincial confirma su apoyo a este evento bianual, subrayando la importancia de desarrollar actividades culturales que promueven el patrimonio, dinamizan la comarca y fomentan la cohesi\u00f3n social.<\/p>\n<p style=\"text-align: justify;\">\u2018Alcaraz Renacentista\u2019 se posiciona como un evento de referencia en Europa por su calidad en la divulgaci\u00f3n hist\u00f3rica y su enfoque innovador en la recreaci\u00f3n como herramienta de desarrollo social y econ\u00f3mico. Un viaje al pasado que aspira ser una experiencia enriquecedora para la comarca y toda la provincia hacia el futuro.<\/p>\n<p><!--publicidad-voz03--><a href=\"https:\/\/www.facebook.com\/profile.php?id=100063593791305&amp;locale=es_ES\"><img decoding=\"async\" class=\"alignnone size-medium\" src=\"https:\/\/blogger.googleusercontent.com\/img\/b\/R29vZ2xl\/AVvXsEi8_n_ll8UOcGxCqzFvb_9Io4ICczlGC990BPtPj2w9Px-u7B3oqWUW5vtjZUqPNJ-nyjiUIorE0ATsib_l5tV8BVN-UJ03RTnU__IHJF_4DgDBtY4LIqXNG-FomrO-7ywes20CBCRM2Hcm7EJSh3UUw1dO-c_uTflUrtgY1i7uBRezj_DpympmEFkfbQY\/s1600\/logo-principal2.jpg\" width=\"100%\" height=\"100\" \/><\/a><!--bestpublic-voz03--><!--desk-in-out-voz03--><br \/>\n<!--publicidad-voz04--><a href=\"https:\/\/www.facebook.com\/profile.php?id=61557370768692&amp;locale=es_ES\"><img decoding=\"async\" class=\"alignnone size-medium\" src=\"https:\/\/blogger.googleusercontent.com\/img\/b\/R29vZ2xl\/AVvXsEgy5RdcfffrnrItnYTcV9bCJjgJwldsQLWssfVfrLbyfXeBNTFKgBf0rMIvhrUaGUhiXzVr9_eQgCbi-j63ZDpfTvLIty9w7s140y-m1yHe7eKmEK7v2NAHUJDVYGdfeiQFeRCqUjdwWmN1MX_AUxxz4IVdJ4WIM0APxit8bjWkXzrnEFGqBvW_1F13H1g\/s1600\/logo-principal5.jpg\" width=\"100%\" height=\"100\" \/><\/a><!--bestpublic-voz04--><!--desk-in-out-voz04--><br \/>\n<!--publicidad-voz05--><a href=\"https:\/\/www.facebook.com\/asociaciontamborileroshellin?locale=es_ES\"><img decoding=\"async\" class=\"alignnone size-medium\" src=\"https:\/\/blogger.googleusercontent.com\/img\/b\/R29vZ2xl\/AVvXsEhHEEpZsKK1VpwiYMrS7aE2ujtqIDZoLd4B5wtbiseSU9s2HdTdQfhF84So2XwEB1fv0BLw95GADm6hUl1bkKtzh-eIgVigXONuu_5RxeIMPhjk8q6uNX4EaEHbooKkbu7pCADWPpVJjhKIH5NQSJpWqedC-YBez4QAQeJYokkLot9bhrIaUAeztsGis6M\/s1600\/logo-principal3.jpg\" width=\"100%\" height=\"100\" \/><\/a><!--bestpublic-voz05--><!--desk-in-out-voz05--><br \/>\n<!--publicidad-voz06--><!--bestpublic-voz06--><!--desk-in-out-voz06--><br \/>\n<!--publicidad-voz07--><!--bestpublic-voz07--><!--desk-in-out-voz07--><br \/>\n<!--publicidad-voz08--><!--bestpublic-voz08--><!--desk-in-out-voz08--><br \/>\n<!--publicidad-voz09--><!--bestpublic-voz09--><!--desk-in-out-voz09--><br \/>\n<!--publicidad-voz10--><!--bestpublic-voz10--><!--desk-in-out-voz10--><br \/>\n<!--publicidad-voz11--><!--bestpublic-voz11--><!--desk-in-out-voz11--><br \/>\n<!--publicidad-voz12--><!--bestpublic-voz12--><!--desk-in-out-voz12--><br \/>\n<!--publicidad-voz13--><!--bestpublic-voz13--><!--desk-in-out-voz13--><br \/>\n<!--publicidad-voz14--><!--bestpublic-voz14--><!--desk-in-out-voz14--><br \/>\n<!--publicidad-voz15--><!--bestpublic-voz15--><!--desk-in-out-voz15--><br \/>\n<!--publicidad-voz16--><!--bestpublic-voz16--><!--desk-in-out-voz16--><\/p>\n","protected":false},"excerpt":{"rendered":"<p>El vicepresidente provincial ha mostrado el compromiso de la Diputaci\u00f3n de Albacete con el proyecto \u2018Alcaraz Renacentista\u2019: un evento cultural y tur\u00edstico que busca promover el patrimonio hist\u00f3rico y la&#8230;<\/p>\n","protected":false},"author":2,"featured_media":149326,"comment_status":"closed","ping_status":"closed","sticky":false,"template":"","format":"standard","meta":{"footnotes":""},"categories":[753,718,715,716,717],"tags":[],"class_list":["post-149325","post","type-post","status-publish","format-standard","has-post-thumbnail","hentry","category-blog-lv034","category-blogger","category-la-voz-de-hellin","category-la-voz-de-hellin-la-voz-de-hellin","category-noticias"],"_links":{"self":[{"href":"https:\/\/lavozdehellin.com\/noticias\/wp-json\/wp\/v2\/posts\/149325","targetHints":{"allow":["GET"]}}],"collection":[{"href":"https:\/\/lavozdehellin.com\/noticias\/wp-json\/wp\/v2\/posts"}],"about":[{"href":"https:\/\/lavozdehellin.com\/noticias\/wp-json\/wp\/v2\/types\/post"}],"author":[{"embeddable":true,"href":"https:\/\/lavozdehellin.com\/noticias\/wp-json\/wp\/v2\/users\/2"}],"replies":[{"embeddable":true,"href":"https:\/\/lavozdehellin.com\/noticias\/wp-json\/wp\/v2\/comments?post=149325"}],"version-history":[{"count":0,"href":"https:\/\/lavozdehellin.com\/noticias\/wp-json\/wp\/v2\/posts\/149325\/revisions"}],"wp:featuredmedia":[{"embeddable":true,"href":"https:\/\/lavozdehellin.com\/noticias\/wp-json\/wp\/v2\/media\/149326"}],"wp:attachment":[{"href":"https:\/\/lavozdehellin.com\/noticias\/wp-json\/wp\/v2\/media?parent=149325"}],"wp:term":[{"taxonomy":"category","embeddable":true,"href":"https:\/\/lavozdehellin.com\/noticias\/wp-json\/wp\/v2\/categories?post=149325"},{"taxonomy":"post_tag","embeddable":true,"href":"https:\/\/lavozdehellin.com\/noticias\/wp-json\/wp\/v2\/tags?post=149325"}],"curies":[{"name":"wp","href":"https:\/\/api.w.org\/{rel}","templated":true}]}}