{"id":149349,"date":"2024-03-13T12:15:06","date_gmt":"2024-03-13T11:15:06","guid":{"rendered":"https:\/\/lavozdehellin.com\/noticias\/?p=149349"},"modified":"2024-03-15T10:28:08","modified_gmt":"2024-03-15T09:28:08","slug":"v08-413-la-diputacion-de-albacete-reitera-su-apoyo-al-43o-concurso-nacional-jovenes-pianistas-ciudad-de-albacete-una-oportunidad-profesional-y-una-oferta-cultural-de-maximo-nivel","status":"publish","type":"post","link":"https:\/\/lavozdehellin.com\/noticias\/v08-413-la-diputacion-de-albacete-reitera-su-apoyo-al-43o-concurso-nacional-jovenes-pianistas-ciudad-de-albacete-una-oportunidad-profesional-y-una-oferta-cultural-de-maximo-nivel\/","title":{"rendered":"LVH NOTICIAS | LA DIPUTACI\u00d3N DE ALBACETE REITERA SU APOYO AL 43\u00ba CONCURSO NACIONAL J\u00d3VENES PIANISTAS \u2018CIUDAD DE ALBACETE\u2019, \u201cUNA OPORTUNIDAD PROFESIONAL Y UNA OFERTA CULTURAL DE M\u00c1XIMO NIVEL\u201d"},"content":{"rendered":"<p style=\"text-align: justify;\">El diputado provincial del \u00c1rea Social, Jos\u00e9 Gonz\u00e1lez, ha participado en la presentaci\u00f3n del 43\u00ba Concurso Nacional de J\u00f3venes Pianistas \u2018Ciudad de Albacete\u2019 que, organizado por Juventudes Musicales, se desarrollar\u00e1 entre el 18 y el 22 de marzo en el Auditorio Municipal sumando, una edici\u00f3n m\u00e1s, el apoyo de la Diputaci\u00f3n.<\/p>\n<p><!--more--><br \/>\n<!--publicidad-voz01--><a href=\"https:\/\/www.facebook.com\/SoloRadioHellin\/?locale=es_ES\"><img decoding=\"async\" class=\"alignnone size-medium\" src=\"https:\/\/blogger.googleusercontent.com\/img\/b\/R29vZ2xl\/AVvXsEiNncirNnyGedv00mhjZjh5Wl4_YPdJGanoAl8tL8zH-HwqE8uHqjEfSt340RHdx-9tuCSIkZ8rFamZiGyYlgDGxCsmXjCH_1xk5eYM3ntFZRvJP_jndOKR7w1UAo9Tu0vrZyOLfqRpHIxYI5SymJJ-pfGCQw6QVpggBH-UgfjiFQ2JOxqxG0Jx94kW83c\/s1600\/logo-principal.jpg\" width=\"100%\" height=\"100\" \/><\/a><!--bestpublic-voz01--><!--desk-in-out-voz01--><br \/>\n<!--publicidad-voz02--><a href=\"https:\/\/www.hellincf.com\/\"><img decoding=\"async\" class=\"alignnone size-medium\" src=\"https:\/\/blogger.googleusercontent.com\/img\/b\/R29vZ2xl\/AVvXsEhuZ4-XfBVj3UtdP8-RZugy3WVrg-Zv28c53m4oV47qYCxL1rX_dqWX_YddsGSnpH5SRDqZ7bZeKPIfDVCDncpjVlhy3aQs2vojcJBn7Gdv9hC2_Nzct_pRFrnFE1a7KTCdY1bT_kAgnY3-iadRZrGeJf1fR2P5fu11bokx0pWjaypoy-ctwCjklldpEbA\/s1600\/logo-principal7.jpg\" width=\"100%\" height=\"100\" \/><\/a><!--bestpublic-voz02--><!--desk-in-out-voz02--><\/p>\n<p style=\"text-align: justify;\">Junto al presidente de esta asociaci\u00f3n, Agust\u00edn Peir\u00f3; a la concejala de Cultura en el Ayuntamiento de Albacete, Elena Serrall\u00e9; y al director de la Fundaci\u00f3n Globalcaja, Antonio Gonz\u00e1lez, el responsable provincial ha felicitado a la entidad impulsora de este evento, alabando el trabajo que realizan, y ha advertido que este certamen es una oportunidad profesional para j\u00f3venes pianistas, que ya ha contado con unos 930 participantes en estas m\u00e1s de cuatro d\u00e9cadas, y, al mismo tiempo, es una oferta cultural de m\u00e1xima calidad para la ciudad y la provincia.<\/p>\n<p style=\"text-align: justify;\">De hecho, Gonz\u00e1lez ha destacado que \u201cse ha convertido en una se\u00f1a de identidad cultural de nuestro territorio\u201d, y ha valorado muy positivamente que se haya ligado el nombre de Albacete \u201ca un evento internacional de primer nivel\u201d.<\/p>\n<p style=\"text-align: justify;\">En este punto, ha asegurado que para la Diputaci\u00f3n de Albacete es un placer apoyar y respaldar econ\u00f3micamente las actividades que desarrolla Juventudes Musicales y, en concreto, esta cita, con la que la instituci\u00f3n viene colaborando a trav\u00e9s de un convenio suscrito con esta entidad por valor de 12.000 \u20ac, y ha apuntado que invertir en cultura es hacerlo en el desarrollo, el progreso y el bienestar de las sociedades y de quienes las habitan.<\/p>\n<p style=\"text-align: justify;\">Gonz\u00e1lez apunta que la Diputaci\u00f3n y Juventudes Musicales comparten un objetivo: impulsar la difusi\u00f3n de la m\u00fasica y la promoci\u00f3n de quienes la hacen posible<\/p>\n<p style=\"text-align: justify;\">\u201cDesde las administraciones p\u00fablicas, ante iniciativas como \u00e9sta, plenamente consolidas, sin\u00f3nimo de \u00e9xito, de talento y de calidad art\u00edstica\u2026, \u00fanicamente podemos dar las gracias y ponernos a disposici\u00f3n de quienes las impulsan para seguir sumando esfuerzos y haci\u00e9ndola crecer desde ese valor diferencial que tiene este certamen y que lo convierte en \u00fanico\u201d, ha afirmado Gonz\u00e1lez, quien ha aprovechado para reconocer p\u00fablicamente el potente y activo tejido asociativo cultural con el que cuenta la provincia.<\/p>\n<p style=\"text-align: justify;\">Adem\u00e1s, ha explicado que Juventudes Musicales y la Diputaci\u00f3n comparten un objetivo com\u00fan, que pasa por impulsar la difusi\u00f3n de la m\u00fasica y la promoci\u00f3n de quienes la hacen posible (m\u00fasicos y m\u00fasicas). De hecho, el Gobierno que preside Santi Caba\u00f1ero cuenta con un Programa de Apoyo al Sector Musical desde el que se trabaja para dinamizar este sector y contribuir a su desarrollo y difusi\u00f3n en cada rinc\u00f3n de la provincia.<\/p>\n<p style=\"text-align: justify;\">En este punto, Gonz\u00e1lez ha aprovechado para poner en valor el trabajo que se realiza en nuestra provincia en esta direcci\u00f3n a trav\u00e9s tambi\u00e9n de los Conservatorios (como el Real Conservatorio Profesional de M\u00fasica y Danza de la Diputaci\u00f3n de Albacete), y de la mano de las Academias, Escuelas y Bandas de M\u00fasica, convertidas en uno de los entramados socioculturales m\u00e1s importantes en muchos de nuestros pueblos.<\/p>\n<p style=\"text-align: justify;\">Finalmente, el diputado provincial, que tambi\u00e9n ha remarcado la apuesta que desde la Fundaci\u00f3n Globalcaja se realiza para la promoci\u00f3n de la cultura, ha tendido la mano a todas las partes implicadas para seguir sumando esfuerzos en esta direcci\u00f3n.<br \/>\n27 participantes de Espa\u00f1a y M\u00e9xico y 10 premios<\/p>\n<p style=\"text-align: justify;\">As\u00ed, tanto Elena Serrall\u00e9 por parte del Ayuntamiento, como Antonio Gonz\u00e1lez en el caso de la citada Fundaci\u00f3n han tenido palabras de reconocimiento para este certamen, que en su 43\u00aa edici\u00f3n contar\u00e1 con 27 participantes procedentes de Espa\u00f1a (Castilla-La Mancha, Comunidad Valenciana, Andaluc\u00eda, Regi\u00f3n de Murcia, Castilla y Le\u00f3n, Canarias, Extremadura, Pa\u00eds Vasco, Catalu\u00f1a o Madrid) y de M\u00e9xico, como ha apuntado el presidente de Juventudes Musicales.<\/p>\n<p style=\"text-align: justify;\">Tambi\u00e9n Agust\u00edn Peir\u00f3 ha sido el encargado de explicar los detalles de este certamen, que suma el apoyo de 32 colaboradores y 4 patrocinadores, y cuyo concierto inaugural correr\u00e1 a cargo de Jos\u00e9 Ram\u00f3n Garc\u00eda P\u00e9rez, uno de los pianistas espa\u00f1oles m\u00e1s prometedores del momento, al tiempo que ha apuntado que el jurado estar\u00e1 compuesto por autoridades y figuras reconocidas en el mundo del piano.<\/p>\n<p style=\"text-align: justify;\">En cuanto a los premios, se otorgan 10 reconocimientos que est\u00e1n acompa\u00f1ados de un importe econ\u00f3mico. As\u00ed, el primer premio \u2018Ciudad de Albacete\u2019 incluye una beca de 3.000 \u20ac, una gira de conciertos y la participaci\u00f3n en dos actuaciones en el a\u00f1o 2024 con la Banda Sinf\u00f3nica Municipal de Albacete, y el segundo premio \u2018Fundaci\u00f3n Globalcaja Albacete\u2019 consta de una beca de 1.500 \u20ac.<\/p>\n<p style=\"text-align: justify;\">A estos galardones se unen otros distintivos especiales, como el premio \u2018Real Academia de Bellas Artes de San Fernando-Colegio Oficial de Arquitectos de Albacete\u2019 y el \u2018Julio Garc\u00eda Casas\u2013Juventudes Musicales de Sevilla\u2019, dotados, cada uno, con 500 \u20ac y la celebraci\u00f3n de un concierto (en el primer caso en el Sal\u00f3n de Actos de la Academia en Madrid). Por su parte, la persona galardona con el distintivo \u2018Residencia Musical del Centro Coreogr\u00e1fico de La Gomera\u2019 obtendr\u00e1 una beca por valor de 200 \u20ac, la celebraci\u00f3n de un concierto y la estancia en sus instalaciones con gastos pagados.<\/p>\n<p style=\"text-align: justify;\">Finalmente, los premios especiales \u2018Agust\u00edn Peir\u00f3 Hurtado\u2019, \u2018Pilar Amo V\u00e1zquez\u2019, \u2018Julia Guig\u00f3 del Toboso\u2019, \u2018Liceo Glinka\u2019 e \u2018Iris S\u00e1nchez Piqueras\u2019 ser\u00e1n para el mejor int\u00e9rprete de una obra de Beethoven, de una obra de Chopin, de una pieza de autor\u00eda espa\u00f1ola, de una obra de un autor ruso y a un int\u00e9rprete nacido o residente en C-LM, respectivamente, con una aportaci\u00f3n econ\u00f3mica de entre 200 y 250 \u20ac cada uno.<\/p>\n<p><!--publicidad-voz03--><a href=\"https:\/\/www.facebook.com\/profile.php?id=100063593791305&amp;locale=es_ES\"><img decoding=\"async\" class=\"alignnone size-medium\" src=\"https:\/\/blogger.googleusercontent.com\/img\/b\/R29vZ2xl\/AVvXsEi8_n_ll8UOcGxCqzFvb_9Io4ICczlGC990BPtPj2w9Px-u7B3oqWUW5vtjZUqPNJ-nyjiUIorE0ATsib_l5tV8BVN-UJ03RTnU__IHJF_4DgDBtY4LIqXNG-FomrO-7ywes20CBCRM2Hcm7EJSh3UUw1dO-c_uTflUrtgY1i7uBRezj_DpympmEFkfbQY\/s1600\/logo-principal2.jpg\" width=\"100%\" height=\"100\" \/><\/a><!--bestpublic-voz03--><!--desk-in-out-voz03--><br \/>\n<!--publicidad-voz04--><a href=\"https:\/\/www.facebook.com\/profile.php?id=61557370768692&amp;locale=es_ES\"><img decoding=\"async\" class=\"alignnone size-medium\" src=\"https:\/\/blogger.googleusercontent.com\/img\/b\/R29vZ2xl\/AVvXsEgy5RdcfffrnrItnYTcV9bCJjgJwldsQLWssfVfrLbyfXeBNTFKgBf0rMIvhrUaGUhiXzVr9_eQgCbi-j63ZDpfTvLIty9w7s140y-m1yHe7eKmEK7v2NAHUJDVYGdfeiQFeRCqUjdwWmN1MX_AUxxz4IVdJ4WIM0APxit8bjWkXzrnEFGqBvW_1F13H1g\/s1600\/logo-principal5.jpg\" width=\"100%\" height=\"100\" \/><\/a><!--bestpublic-voz04--><!--desk-in-out-voz04--><br \/>\n<!--publicidad-voz05--><a href=\"https:\/\/www.facebook.com\/asociaciontamborileroshellin?locale=es_ES\"><img decoding=\"async\" class=\"alignnone size-medium\" src=\"https:\/\/blogger.googleusercontent.com\/img\/b\/R29vZ2xl\/AVvXsEhHEEpZsKK1VpwiYMrS7aE2ujtqIDZoLd4B5wtbiseSU9s2HdTdQfhF84So2XwEB1fv0BLw95GADm6hUl1bkKtzh-eIgVigXONuu_5RxeIMPhjk8q6uNX4EaEHbooKkbu7pCADWPpVJjhKIH5NQSJpWqedC-YBez4QAQeJYokkLot9bhrIaUAeztsGis6M\/s1600\/logo-principal3.jpg\" width=\"100%\" height=\"100\" \/><\/a><!--bestpublic-voz05--><!--desk-in-out-voz05--><br \/>\n<!--publicidad-voz06--><!--bestpublic-voz06--><!--desk-in-out-voz06--><br \/>\n<!--publicidad-voz07--><!--bestpublic-voz07--><!--desk-in-out-voz07--><br \/>\n<!--publicidad-voz08--><!--bestpublic-voz08--><!--desk-in-out-voz08--><br \/>\n<!--publicidad-voz09--><!--bestpublic-voz09--><!--desk-in-out-voz09--><br \/>\n<!--publicidad-voz10--><!--bestpublic-voz10--><!--desk-in-out-voz10--><br \/>\n<!--publicidad-voz11--><!--bestpublic-voz11--><!--desk-in-out-voz11--><br \/>\n<!--publicidad-voz12--><!--bestpublic-voz12--><!--desk-in-out-voz12--><br \/>\n<!--publicidad-voz13--><!--bestpublic-voz13--><!--desk-in-out-voz13--><br \/>\n<!--publicidad-voz14--><!--bestpublic-voz14--><!--desk-in-out-voz14--><br \/>\n<!--publicidad-voz15--><!--bestpublic-voz15--><!--desk-in-out-voz15--><br \/>\n<!--publicidad-voz16--><!--bestpublic-voz16--><!--desk-in-out-voz16--><\/p>\n","protected":false},"excerpt":{"rendered":"<p>El diputado provincial del \u00c1rea Social, Jos\u00e9 Gonz\u00e1lez, ha participado en la presentaci\u00f3n del 43\u00ba Concurso Nacional de J\u00f3venes Pianistas \u2018Ciudad de Albacete\u2019 que, organizado por Juventudes Musicales, se desarrollar\u00e1&#8230;<\/p>\n","protected":false},"author":2,"featured_media":149350,"comment_status":"closed","ping_status":"closed","sticky":false,"template":"","format":"standard","meta":{"footnotes":""},"categories":[753,718,715,716,717],"tags":[],"class_list":["post-149349","post","type-post","status-publish","format-standard","has-post-thumbnail","hentry","category-blog-lv034","category-blogger","category-la-voz-de-hellin","category-la-voz-de-hellin-la-voz-de-hellin","category-noticias"],"_links":{"self":[{"href":"https:\/\/lavozdehellin.com\/noticias\/wp-json\/wp\/v2\/posts\/149349","targetHints":{"allow":["GET"]}}],"collection":[{"href":"https:\/\/lavozdehellin.com\/noticias\/wp-json\/wp\/v2\/posts"}],"about":[{"href":"https:\/\/lavozdehellin.com\/noticias\/wp-json\/wp\/v2\/types\/post"}],"author":[{"embeddable":true,"href":"https:\/\/lavozdehellin.com\/noticias\/wp-json\/wp\/v2\/users\/2"}],"replies":[{"embeddable":true,"href":"https:\/\/lavozdehellin.com\/noticias\/wp-json\/wp\/v2\/comments?post=149349"}],"version-history":[{"count":0,"href":"https:\/\/lavozdehellin.com\/noticias\/wp-json\/wp\/v2\/posts\/149349\/revisions"}],"wp:featuredmedia":[{"embeddable":true,"href":"https:\/\/lavozdehellin.com\/noticias\/wp-json\/wp\/v2\/media\/149350"}],"wp:attachment":[{"href":"https:\/\/lavozdehellin.com\/noticias\/wp-json\/wp\/v2\/media?parent=149349"}],"wp:term":[{"taxonomy":"category","embeddable":true,"href":"https:\/\/lavozdehellin.com\/noticias\/wp-json\/wp\/v2\/categories?post=149349"},{"taxonomy":"post_tag","embeddable":true,"href":"https:\/\/lavozdehellin.com\/noticias\/wp-json\/wp\/v2\/tags?post=149349"}],"curies":[{"name":"wp","href":"https:\/\/api.w.org\/{rel}","templated":true}]}}