{"id":149352,"date":"2024-03-13T11:31:52","date_gmt":"2024-03-13T10:31:52","guid":{"rendered":"https:\/\/lavozdehellin.com\/noticias\/?p=149352"},"modified":"2024-03-15T10:28:08","modified_gmt":"2024-03-15T09:28:08","slug":"v08-412-la-diputacion-de-albacete-se-une-a-la-celebracion-del-50-aniversario-del-ala-14-del-ejercito-del-aire-y-del-espacio-en-la-base-aerea-de-los-llanos-de-albacete","status":"publish","type":"post","link":"https:\/\/lavozdehellin.com\/noticias\/v08-412-la-diputacion-de-albacete-se-une-a-la-celebracion-del-50-aniversario-del-ala-14-del-ejercito-del-aire-y-del-espacio-en-la-base-aerea-de-los-llanos-de-albacete\/","title":{"rendered":"LVH NOTICIAS | LA DIPUTACI\u00d3N DE ALBACETE SE UNE A LA CELEBRACI\u00d3N DEL 50 ANIVERSARIO DEL ALA 14 DEL EJ\u00c9RCITO DEL AIRE Y DEL ESPACIO EN LA BASE A\u00c9REA DE LOS LLANOS DE ALBACETE"},"content":{"rendered":"<p style=\"text-align: justify;\">Tal y como ya tuviera ocasi\u00f3n de adelantarle el presidente provincial hace algunas semanas al propio Coronel Jefe de la Base \u00c1rea de Los Llanos de Albacete, Ignacio Zulueta Mar\u00edn, la Diputaci\u00f3n de Albacete se une a la conmemoraci\u00f3n y puesta en valor del 50\u00ba aniversario celebra este a\u00f1o el Ala 14, evento que el propio Ej\u00e9rcito del Aire y del Espacio Espa\u00f1ol tiene como acto central dentro de los previstos en 2024.<\/p>\n<p><!--more--><br \/>\n<!--publicidad-voz01--><a href=\"https:\/\/www.facebook.com\/SoloRadioHellin\/?locale=es_ES\"><img decoding=\"async\" class=\"alignnone size-medium\" src=\"https:\/\/blogger.googleusercontent.com\/img\/b\/R29vZ2xl\/AVvXsEiNncirNnyGedv00mhjZjh5Wl4_YPdJGanoAl8tL8zH-HwqE8uHqjEfSt340RHdx-9tuCSIkZ8rFamZiGyYlgDGxCsmXjCH_1xk5eYM3ntFZRvJP_jndOKR7w1UAo9Tu0vrZyOLfqRpHIxYI5SymJJ-pfGCQw6QVpggBH-UgfjiFQ2JOxqxG0Jx94kW83c\/s1600\/logo-principal.jpg\" width=\"100%\" height=\"100\" \/><\/a><!--bestpublic-voz01--><!--desk-in-out-voz01--><br \/>\n<!--publicidad-voz02--><a href=\"https:\/\/www.hellincf.com\/\"><img decoding=\"async\" class=\"alignnone size-medium\" src=\"https:\/\/blogger.googleusercontent.com\/img\/b\/R29vZ2xl\/AVvXsEhuZ4-XfBVj3UtdP8-RZugy3WVrg-Zv28c53m4oV47qYCxL1rX_dqWX_YddsGSnpH5SRDqZ7bZeKPIfDVCDncpjVlhy3aQs2vojcJBn7Gdv9hC2_Nzct_pRFrnFE1a7KTCdY1bT_kAgnY3-iadRZrGeJf1fR2P5fu11bokx0pWjaypoy-ctwCjklldpEbA\/s1600\/logo-principal7.jpg\" width=\"100%\" height=\"100\" \/><\/a><!--bestpublic-voz02--><!--desk-in-out-voz02--><\/p>\n<p style=\"text-align: justify;\">Un \u201chito hist\u00f3rico\u201d que, en palabras de Santi Caba\u00f1ero, representa una ocasi\u00f3n singular para seguir reconociendo y ampliando la importancia que la presencia del Ala 14 tiene para Albacete y su significativo impacto en el desarrollo, la reputaci\u00f3n y el posicionamiento no s\u00f3lo de la provincia sino de toda la regi\u00f3n.<\/p>\n<p style=\"text-align: justify;\">Una efem\u00e9ride sobre la que el presidente de la Diputaci\u00f3n ha destacado \u201cla trascendencia y el valor de contar con el Ala 14\u201d en el territorio albacetense, subrayando esa firme convicci\u00f3n suya de que \u00abpocas cosas suceden por casualidad\u00bb ya que \u201ctodo suele responder a una causa\u00bb, para recordar c\u00f3mo aquella decisi\u00f3n que en 1974 design\u00f3 a Albacete como \u2018casa\u2019 de esa Unidad de nueva creaci\u00f3n del Ej\u00e9rcito del Aire, llamada a operar el m\u00edtico avi\u00f3n de combate Dassault Aviation Mirage F-1, no fue fruto de la suerte, sino que se bas\u00f3 en nuestra posici\u00f3n geogr\u00e1fica estrat\u00e9gica para situar la que era la principal baza de la defensa a\u00e9rea espa\u00f1ola de entonces, en plena Guerra Fr\u00eda.<\/p>\n<p style=\"text-align: justify;\">Un paso estrat\u00e9gico que ha considerado \u201cfundamental para posicionar a Albacete como un punto de dinamismo, negocios, reputaci\u00f3n y liderazgo\u201d, tambi\u00e9n desde el \u00e1mbito militar, del Mirage al Eurifighter (que lleg\u00f3 en 2011), recorriendo un camino repleto de transformaciones significativas que, al mismo tiempo que ampliaban el cometido, la capacidad y ese liderazgo de la Unidad, ensanchaban el orgullo de Albacete hacia ella, incluyendo la llegada de programas del calado mundial, como ese TLP con el que \u201cAlbacete est\u00e1 demostrando saber \u2018liderar\u2019 el \u2018Liderazgo\u2019\u201d.<\/p>\n<p style=\"text-align: justify;\">Aspectos que, ha insistido, han repercutido positivamente en toda la provincia durante estos 50 a\u00f1os de servicio que, ha afirmado, celebran \u201cla historia de un \u00e9xito colectivo\u201d, donde el Ala 14 ha dado mucho a Albacete y Albacete (desde toda la provincia) ha dado mucho a esa Unidad: sobre todo, \u201ccari\u00f1o, orgullo y respeto\u201d.<\/p>\n<p style=\"text-align: justify;\">Como ocurriera hace 25 a\u00f1os (entonces con motivo del cuarto de siglo del Ala 14), la Diputaci\u00f3n contribuir\u00e1 al homenaje con la instalaci\u00f3n de un monolito conmemorativo del 50 aniversario de vida de la Unidad<\/p>\n<p style=\"text-align: justify;\">Caba\u00f1ero ha explicado la acci\u00f3n con la que la Diputaci\u00f3n mostrar\u00e1 de forma m\u00e1s tangible su apoyo a la celebraci\u00f3n de este medio siglo de trabajo: \u201cCuando hace apenas un mes, tuve ocasi\u00f3n de mantener esa reuni\u00f3n con el Coronel, pudimos hablar mucho de todo esto\u2026 Y de c\u00f3mo precisamente hace 25 a\u00f1os, la Diputaci\u00f3n de Albacete sufrag\u00f3 el monolito que hay en la Base A\u00e9rea de Albacete conmemorando aquel cuarto de siglo del Ala 14 que hab\u00eda nacido en 1974\u2026 Y creo que es muy simb\u00f3lico que ahora, con motivo de la celebraci\u00f3n de estos cincuenta a\u00f1os que nos re\u00fane, de nuevo la Diputaci\u00f3n siga esa \u2018historia\u2019 y done l nuevo monolito que desean instalar en este mismo lugar, para recordar esa efem\u00e9ride\u201d, ha explicado.<\/p>\n<p style=\"text-align: justify;\">Un gesto, ha resaltado, que simboliza ese v\u00ednculo que buena parte de la poblaci\u00f3n siente con esta Unidad militar, as\u00ed como el compromiso para seguir fortaleciendo los lazos que unen a la provincia con el Ala 14 y su Base A\u00e9rea.<\/p>\n<p style=\"text-align: justify;\">El presidente de la Diputaci\u00f3n ha reafirmado la mano tendida de la instituci\u00f3n, tanto al Ala 14 como a la Base A\u00e9rea a la que une su historia, y ha animado a la poblaci\u00f3n a disfrutar y participar activamente en las muy diversas actividades que se est\u00e1n \u00faltimando para conmemorar su legado hasta la fecha y su papel clave en la provincia.<\/p>\n<p style=\"text-align: justify;\">Citas entre las que, como ejemplos, resaltan una jornada de puertas abiertas prevista para el 16 de junio (y a la que se espera que asistan miles de personas), una exhibici\u00f3n a\u00e9rea de (entre otras) la Patrulla \u00c1guila, una Jura de Bandera para personal civil (que ser\u00e1 el 28 de abril y estar\u00e1 a disposici\u00f3n de cualquier persona que, habiendo cumplido los 18 a\u00f1os y teniendo nacionalidad espa\u00f1ola, quiera mostrar su compromiso con los valores que simboliza el pa\u00eds), conferencias y exposiciones, entre otras.<\/p>\n<p style=\"text-align: justify;\">El presidente Caba\u00f1ero ha compartido esta presentaci\u00f3n, adem\u00e1s de con el ya citado Ignacio Zulueta Mart\u00edn, Coronel Jefe de la Base A\u00e9rea Los Llanos de Albacete y Ala 14, con el diputado provincial Jos\u00e9 Antonio G\u00f3mez; el alcalde de Albacete, Manuel Serrano (junto a parte de su Equipo de Gobierno); el subdelegado del Gobierno en Albacete, Miguel Juan Espinosa; Jes\u00fas Manuel Rodrigo, Teniente Coronel Jefe de la Comandancia de la Guardia Civil en Albacete; Antonio Bueno, Comisario Jefe de la Polic\u00eda Nacional en Albacete; Pascual Mart\u00ednez, Intendente Jefe de la Polic\u00eda Local de Albacete; as\u00ed como representantes de los Amigos de la Maestranza y el TLP, entre otros representantes civiles y militares.<\/p>\n<p><!--publicidad-voz03--><a href=\"https:\/\/www.facebook.com\/profile.php?id=100063593791305&amp;locale=es_ES\"><img decoding=\"async\" class=\"alignnone size-medium\" src=\"https:\/\/blogger.googleusercontent.com\/img\/b\/R29vZ2xl\/AVvXsEi8_n_ll8UOcGxCqzFvb_9Io4ICczlGC990BPtPj2w9Px-u7B3oqWUW5vtjZUqPNJ-nyjiUIorE0ATsib_l5tV8BVN-UJ03RTnU__IHJF_4DgDBtY4LIqXNG-FomrO-7ywes20CBCRM2Hcm7EJSh3UUw1dO-c_uTflUrtgY1i7uBRezj_DpympmEFkfbQY\/s1600\/logo-principal2.jpg\" width=\"100%\" height=\"100\" \/><\/a><!--bestpublic-voz03--><!--desk-in-out-voz03--><br \/>\n<!--publicidad-voz04--><a href=\"https:\/\/www.facebook.com\/profile.php?id=61557370768692&amp;locale=es_ES\"><img decoding=\"async\" class=\"alignnone size-medium\" src=\"https:\/\/blogger.googleusercontent.com\/img\/b\/R29vZ2xl\/AVvXsEgy5RdcfffrnrItnYTcV9bCJjgJwldsQLWssfVfrLbyfXeBNTFKgBf0rMIvhrUaGUhiXzVr9_eQgCbi-j63ZDpfTvLIty9w7s140y-m1yHe7eKmEK7v2NAHUJDVYGdfeiQFeRCqUjdwWmN1MX_AUxxz4IVdJ4WIM0APxit8bjWkXzrnEFGqBvW_1F13H1g\/s1600\/logo-principal5.jpg\" width=\"100%\" height=\"100\" \/><\/a><!--bestpublic-voz04--><!--desk-in-out-voz04--><br \/>\n<!--publicidad-voz05--><a href=\"https:\/\/www.facebook.com\/asociaciontamborileroshellin?locale=es_ES\"><img decoding=\"async\" class=\"alignnone size-medium\" src=\"https:\/\/blogger.googleusercontent.com\/img\/b\/R29vZ2xl\/AVvXsEhHEEpZsKK1VpwiYMrS7aE2ujtqIDZoLd4B5wtbiseSU9s2HdTdQfhF84So2XwEB1fv0BLw95GADm6hUl1bkKtzh-eIgVigXONuu_5RxeIMPhjk8q6uNX4EaEHbooKkbu7pCADWPpVJjhKIH5NQSJpWqedC-YBez4QAQeJYokkLot9bhrIaUAeztsGis6M\/s1600\/logo-principal3.jpg\" width=\"100%\" height=\"100\" \/><\/a><!--bestpublic-voz05--><!--desk-in-out-voz05--><br \/>\n<!--publicidad-voz06--><!--bestpublic-voz06--><!--desk-in-out-voz06--><br \/>\n<!--publicidad-voz07--><!--bestpublic-voz07--><!--desk-in-out-voz07--><br \/>\n<!--publicidad-voz08--><!--bestpublic-voz08--><!--desk-in-out-voz08--><br \/>\n<!--publicidad-voz09--><!--bestpublic-voz09--><!--desk-in-out-voz09--><br \/>\n<!--publicidad-voz10--><!--bestpublic-voz10--><!--desk-in-out-voz10--><br \/>\n<!--publicidad-voz11--><!--bestpublic-voz11--><!--desk-in-out-voz11--><br \/>\n<!--publicidad-voz12--><!--bestpublic-voz12--><!--desk-in-out-voz12--><br \/>\n<!--publicidad-voz13--><!--bestpublic-voz13--><!--desk-in-out-voz13--><br \/>\n<!--publicidad-voz14--><!--bestpublic-voz14--><!--desk-in-out-voz14--><br \/>\n<!--publicidad-voz15--><!--bestpublic-voz15--><!--desk-in-out-voz15--><br \/>\n<!--publicidad-voz16--><!--bestpublic-voz16--><!--desk-in-out-voz16--><\/p>\n","protected":false},"excerpt":{"rendered":"<p>Tal y como ya tuviera ocasi\u00f3n de adelantarle el presidente provincial hace algunas semanas al propio Coronel Jefe de la Base \u00c1rea de Los Llanos de Albacete, Ignacio Zulueta Mar\u00edn,&#8230;<\/p>\n","protected":false},"author":2,"featured_media":149353,"comment_status":"closed","ping_status":"closed","sticky":false,"template":"","format":"standard","meta":{"footnotes":""},"categories":[753,718,715,716,717],"tags":[],"class_list":["post-149352","post","type-post","status-publish","format-standard","has-post-thumbnail","hentry","category-blog-lv034","category-blogger","category-la-voz-de-hellin","category-la-voz-de-hellin-la-voz-de-hellin","category-noticias"],"_links":{"self":[{"href":"https:\/\/lavozdehellin.com\/noticias\/wp-json\/wp\/v2\/posts\/149352","targetHints":{"allow":["GET"]}}],"collection":[{"href":"https:\/\/lavozdehellin.com\/noticias\/wp-json\/wp\/v2\/posts"}],"about":[{"href":"https:\/\/lavozdehellin.com\/noticias\/wp-json\/wp\/v2\/types\/post"}],"author":[{"embeddable":true,"href":"https:\/\/lavozdehellin.com\/noticias\/wp-json\/wp\/v2\/users\/2"}],"replies":[{"embeddable":true,"href":"https:\/\/lavozdehellin.com\/noticias\/wp-json\/wp\/v2\/comments?post=149352"}],"version-history":[{"count":0,"href":"https:\/\/lavozdehellin.com\/noticias\/wp-json\/wp\/v2\/posts\/149352\/revisions"}],"wp:featuredmedia":[{"embeddable":true,"href":"https:\/\/lavozdehellin.com\/noticias\/wp-json\/wp\/v2\/media\/149353"}],"wp:attachment":[{"href":"https:\/\/lavozdehellin.com\/noticias\/wp-json\/wp\/v2\/media?parent=149352"}],"wp:term":[{"taxonomy":"category","embeddable":true,"href":"https:\/\/lavozdehellin.com\/noticias\/wp-json\/wp\/v2\/categories?post=149352"},{"taxonomy":"post_tag","embeddable":true,"href":"https:\/\/lavozdehellin.com\/noticias\/wp-json\/wp\/v2\/tags?post=149352"}],"curies":[{"name":"wp","href":"https:\/\/api.w.org\/{rel}","templated":true}]}}