{"id":149358,"date":"2024-03-14T09:54:05","date_gmt":"2024-03-14T08:54:05","guid":{"rendered":"https:\/\/lavozdehellin.com\/noticias\/?p=149358"},"modified":"2024-03-15T10:28:08","modified_gmt":"2024-03-15T09:28:08","slug":"v08-415-la-guardia-civil-detiene-a-cuatro-personas-por-la-comision-de-tres-delitos-de-robo-con-violencia-mediante-el-procedimiento-del-tiron","status":"publish","type":"post","link":"https:\/\/lavozdehellin.com\/noticias\/v08-415-la-guardia-civil-detiene-a-cuatro-personas-por-la-comision-de-tres-delitos-de-robo-con-violencia-mediante-el-procedimiento-del-tiron\/","title":{"rendered":"LVH NOTICIAS | LA GUARDIA CIVIL DETIENE A CUATRO PERSONAS POR LA COMISI\u00d3N DE TRES DELITOS DE ROBO CON VIOLENCIA MEDIANTE EL PROCEDIMIENTO DEL \u201cTIR\u00d3N\u201d"},"content":{"rendered":"<p style=\"text-align: justify;\">Los autores asaltaban a las v\u00edctimas cuando paseaban por la v\u00eda p\u00fablica, para sustraerles el bolso y apoderarse de sus pertenencias<\/p>\n<p><!--more--><br \/>\n<!--publicidad-voz01--><a href=\"https:\/\/www.facebook.com\/SoloRadioHellin\/?locale=es_ES\"><img decoding=\"async\" class=\"alignnone size-medium\" src=\"https:\/\/blogger.googleusercontent.com\/img\/b\/R29vZ2xl\/AVvXsEiNncirNnyGedv00mhjZjh5Wl4_YPdJGanoAl8tL8zH-HwqE8uHqjEfSt340RHdx-9tuCSIkZ8rFamZiGyYlgDGxCsmXjCH_1xk5eYM3ntFZRvJP_jndOKR7w1UAo9Tu0vrZyOLfqRpHIxYI5SymJJ-pfGCQw6QVpggBH-UgfjiFQ2JOxqxG0Jx94kW83c\/s1600\/logo-principal.jpg\" width=\"100%\" height=\"100\" \/><\/a><!--bestpublic-voz01--><!--desk-in-out-voz01--><br \/>\n<!--publicidad-voz02--><a href=\"https:\/\/www.hellincf.com\/\"><img decoding=\"async\" class=\"alignnone size-medium\" src=\"https:\/\/blogger.googleusercontent.com\/img\/b\/R29vZ2xl\/AVvXsEhuZ4-XfBVj3UtdP8-RZugy3WVrg-Zv28c53m4oV47qYCxL1rX_dqWX_YddsGSnpH5SRDqZ7bZeKPIfDVCDncpjVlhy3aQs2vojcJBn7Gdv9hC2_Nzct_pRFrnFE1a7KTCdY1bT_kAgnY3-iadRZrGeJf1fR2P5fu11bokx0pWjaypoy-ctwCjklldpEbA\/s1600\/logo-principal7.jpg\" width=\"100%\" height=\"100\" \/><\/a><!--bestpublic-voz02--><!--desk-in-out-voz02--><\/p>\n<p style=\"text-align: justify;\">Dos de las v\u00edctimas tuvieron que ser atendidas en el Hospital General almanse\u00f1o a consecuencia de las lesiones sufridas<\/p>\n<p style=\"text-align: justify;\">Efectivos del \u00c1rea de Investigaci\u00f3n del Puesto Principal de la Guardia Civil de Almansa han detenido a cuatro vecinos de la localidad almanse\u00f1a, dos mayores de edad, de 21 y 23 a\u00f1os, y otros dos menores, como presuntos autores de tres delitos de robo con violencia e intimidaci\u00f3n, mediante el procedimiento del \u201ctir\u00f3n\u201d, adem\u00e1s de por la comisi\u00f3n de otro delito de hurto.<\/p>\n<p style=\"text-align: justify;\">A consecuencia de los robos, dos de las v\u00edctimas resultaron heridas de diferente consideraci\u00f3n, teniendo que ser atendidas en el Hospital General de Almansa<\/p>\n<p style=\"text-align: justify;\">Actuaciones<\/p>\n<p style=\"text-align: justify;\">La Guardia Civil de Almansa inici\u00f3 unas investigaciones tras la comisi\u00f3n de una serie de robos con violencia e intimidaci\u00f3n cometidos en distintas zonas de la localidad en los que sus autores, mediante el procedimiento del \u201ctir\u00f3n\u201d se apoderaban violentamente de las pertenencias de personas que paseaban por la v\u00eda p\u00fablica, todas ellas mujeres de avanzada edad.<\/p>\n<p style=\"text-align: justify;\">En todos estos hechos, los autores utilizaron un alto nivel de violencia y contundencia para sustraer los bolsos que portaban las v\u00edctimas, llegando dos de ellas a caer al suelo tras el forcejeo y resistencia ante el robo, sufriendo a consecuencia lesiones de distinta consideraci\u00f3n. Una de las v\u00edctimas sufri\u00f3 una rotura de la clav\u00edcula y la otra fractura de varias costillas, lesiones por las que tuvieron que ser asistidas en el Hospital General de Almansa.<\/p>\n<p style=\"text-align: justify;\">Los bolsos sustra\u00eddos, portaban diversa documentaci\u00f3n personal, dinero en efectivo, tel\u00e9fonos m\u00f3viles y otros efectos personales, siendo uno de ellos recuperado en un parque de Almansa con todos los efectos en su interior, salvo el dinero, que ya ha sido entregado a su propietaria.<\/p>\n<p style=\"text-align: justify;\">Cuatro detenidos, vecinos de Almansa<\/p>\n<p style=\"text-align: justify;\">De las gestiones, investigaciones y servicios operativos que la Guardia Civil realiz\u00f3 con motivo de la comisi\u00f3n de estos graves hechos, r\u00e1pidamente se obtuvieron datos relevantes sobre su autor\u00eda, consiguiendo la identificaci\u00f3n de las cuatro personas que se encontraban detr\u00e1s de los mismos y que finalmente fueron detenidos.<br \/>\nColaboraci\u00f3n ciudadana, tel\u00e9fono de urgencias 062 y app ALERTCOPS<\/p>\n<p style=\"text-align: justify;\">La Guardia Civil quiere agradecer la colaboraci\u00f3n ciudadana, gracias a la cual se han podido esclarecer los delitos investigados y detener a sus autores, y pone a disposici\u00f3n de los ciudadanos su tel\u00e9fono de urgencias, 062, disponible las 24 horas del d\u00eda, para comunicar cualquier emergencia o incidencia que pueda requerir su intervenci\u00f3n.<\/p>\n<p style=\"text-align: justify;\">Igualmente se informa de la existencia de la aplicaci\u00f3n de m\u00f3vil gratuita ALERTCOPS para que ante cualquier eventualidad puedan ponerse en contacto con las Fuerzas y Cuerpos de Seguridad del Estado.<\/p>\n<p style=\"text-align: justify;\">Personal interviniente<\/p>\n<p style=\"text-align: justify;\">En el esclarecimiento de los hechos y en la pr\u00e1ctica de las detenciones de los autores de los mismos han intervenido, tanto efectivos del \u00c1rea de Investigaci\u00f3n como del resto del Puesto Principal de la Guardia Civil de Almansa.<\/p>\n<p style=\"text-align: justify;\">Diligencias \/ detenidos<\/p>\n<p style=\"text-align: justify;\">Las diligencias, instruidas por componentes del \u00c1rea de Investigaci\u00f3n de la Guardia Civil almanse\u00f1a, fueron entregadas, junto con los detenidos mayores de edad, en el Juzgado de Instrucci\u00f3n N\u00ba DOS de dicha localidad, decretando el ingreso en prisi\u00f3n provisional para uno de ellos y la puesta en libertad con cargos para el otro.<\/p>\n<p style=\"text-align: justify;\">Por su parte, la Fiscal\u00eda de Menores, orden\u00f3 la libertad bajo medidas cautelares de los dos menores.<\/p>\n<p><!--publicidad-voz03--><a href=\"https:\/\/www.facebook.com\/profile.php?id=100063593791305&amp;locale=es_ES\"><img decoding=\"async\" class=\"alignnone size-medium\" src=\"https:\/\/blogger.googleusercontent.com\/img\/b\/R29vZ2xl\/AVvXsEi8_n_ll8UOcGxCqzFvb_9Io4ICczlGC990BPtPj2w9Px-u7B3oqWUW5vtjZUqPNJ-nyjiUIorE0ATsib_l5tV8BVN-UJ03RTnU__IHJF_4DgDBtY4LIqXNG-FomrO-7ywes20CBCRM2Hcm7EJSh3UUw1dO-c_uTflUrtgY1i7uBRezj_DpympmEFkfbQY\/s1600\/logo-principal2.jpg\" width=\"100%\" height=\"100\" \/><\/a><!--bestpublic-voz03--><!--desk-in-out-voz03--><br \/>\n<!--publicidad-voz04--><a href=\"https:\/\/www.facebook.com\/profile.php?id=61557370768692&amp;locale=es_ES\"><img decoding=\"async\" class=\"alignnone size-medium\" src=\"https:\/\/blogger.googleusercontent.com\/img\/b\/R29vZ2xl\/AVvXsEgy5RdcfffrnrItnYTcV9bCJjgJwldsQLWssfVfrLbyfXeBNTFKgBf0rMIvhrUaGUhiXzVr9_eQgCbi-j63ZDpfTvLIty9w7s140y-m1yHe7eKmEK7v2NAHUJDVYGdfeiQFeRCqUjdwWmN1MX_AUxxz4IVdJ4WIM0APxit8bjWkXzrnEFGqBvW_1F13H1g\/s1600\/logo-principal5.jpg\" width=\"100%\" height=\"100\" \/><\/a><!--bestpublic-voz04--><!--desk-in-out-voz04--><br \/>\n<!--publicidad-voz05--><a href=\"https:\/\/www.facebook.com\/asociaciontamborileroshellin?locale=es_ES\"><img decoding=\"async\" class=\"alignnone size-medium\" src=\"https:\/\/blogger.googleusercontent.com\/img\/b\/R29vZ2xl\/AVvXsEhHEEpZsKK1VpwiYMrS7aE2ujtqIDZoLd4B5wtbiseSU9s2HdTdQfhF84So2XwEB1fv0BLw95GADm6hUl1bkKtzh-eIgVigXONuu_5RxeIMPhjk8q6uNX4EaEHbooKkbu7pCADWPpVJjhKIH5NQSJpWqedC-YBez4QAQeJYokkLot9bhrIaUAeztsGis6M\/s1600\/logo-principal3.jpg\" width=\"100%\" height=\"100\" \/><\/a><!--bestpublic-voz05--><!--desk-in-out-voz05--><br \/>\n<!--publicidad-voz06--><!--bestpublic-voz06--><!--desk-in-out-voz06--><br \/>\n<!--publicidad-voz07--><!--bestpublic-voz07--><!--desk-in-out-voz07--><br \/>\n<!--publicidad-voz08--><!--bestpublic-voz08--><!--desk-in-out-voz08--><br \/>\n<!--publicidad-voz09--><!--bestpublic-voz09--><!--desk-in-out-voz09--><br \/>\n<!--publicidad-voz10--><!--bestpublic-voz10--><!--desk-in-out-voz10--><br \/>\n<!--publicidad-voz11--><!--bestpublic-voz11--><!--desk-in-out-voz11--><br \/>\n<!--publicidad-voz12--><!--bestpublic-voz12--><!--desk-in-out-voz12--><br \/>\n<!--publicidad-voz13--><!--bestpublic-voz13--><!--desk-in-out-voz13--><br \/>\n<!--publicidad-voz14--><!--bestpublic-voz14--><!--desk-in-out-voz14--><br \/>\n<!--publicidad-voz15--><!--bestpublic-voz15--><!--desk-in-out-voz15--><br \/>\n<!--publicidad-voz16--><!--bestpublic-voz16--><!--desk-in-out-voz16--><\/p>\n","protected":false},"excerpt":{"rendered":"<p>Los autores asaltaban a las v\u00edctimas cuando paseaban por la v\u00eda p\u00fablica, para sustraerles el bolso y apoderarse de sus pertenencias<\/p>\n","protected":false},"author":2,"featured_media":149359,"comment_status":"closed","ping_status":"closed","sticky":false,"template":"","format":"standard","meta":{"footnotes":""},"categories":[753,718,715,716,717],"tags":[],"class_list":["post-149358","post","type-post","status-publish","format-standard","has-post-thumbnail","hentry","category-blog-lv034","category-blogger","category-la-voz-de-hellin","category-la-voz-de-hellin-la-voz-de-hellin","category-noticias"],"_links":{"self":[{"href":"https:\/\/lavozdehellin.com\/noticias\/wp-json\/wp\/v2\/posts\/149358","targetHints":{"allow":["GET"]}}],"collection":[{"href":"https:\/\/lavozdehellin.com\/noticias\/wp-json\/wp\/v2\/posts"}],"about":[{"href":"https:\/\/lavozdehellin.com\/noticias\/wp-json\/wp\/v2\/types\/post"}],"author":[{"embeddable":true,"href":"https:\/\/lavozdehellin.com\/noticias\/wp-json\/wp\/v2\/users\/2"}],"replies":[{"embeddable":true,"href":"https:\/\/lavozdehellin.com\/noticias\/wp-json\/wp\/v2\/comments?post=149358"}],"version-history":[{"count":0,"href":"https:\/\/lavozdehellin.com\/noticias\/wp-json\/wp\/v2\/posts\/149358\/revisions"}],"wp:featuredmedia":[{"embeddable":true,"href":"https:\/\/lavozdehellin.com\/noticias\/wp-json\/wp\/v2\/media\/149359"}],"wp:attachment":[{"href":"https:\/\/lavozdehellin.com\/noticias\/wp-json\/wp\/v2\/media?parent=149358"}],"wp:term":[{"taxonomy":"category","embeddable":true,"href":"https:\/\/lavozdehellin.com\/noticias\/wp-json\/wp\/v2\/categories?post=149358"},{"taxonomy":"post_tag","embeddable":true,"href":"https:\/\/lavozdehellin.com\/noticias\/wp-json\/wp\/v2\/tags?post=149358"}],"curies":[{"name":"wp","href":"https:\/\/api.w.org\/{rel}","templated":true}]}}