{"id":149361,"date":"2024-03-14T10:01:14","date_gmt":"2024-03-14T09:01:14","guid":{"rendered":"https:\/\/lavozdehellin.com\/noticias\/?p=149361"},"modified":"2024-03-15T10:28:08","modified_gmt":"2024-03-15T09:28:08","slug":"v08-416-la-guardia-civil-realiza-unas-jornadas-sobre-defensa-ante-emergencias-nrbq-nuclear-radiologica-biologica-y-quimica","status":"publish","type":"post","link":"https:\/\/lavozdehellin.com\/noticias\/v08-416-la-guardia-civil-realiza-unas-jornadas-sobre-defensa-ante-emergencias-nrbq-nuclear-radiologica-biologica-y-quimica\/","title":{"rendered":"LVH NOTICIAS | LA GUARDIA CIVIL REALIZA UNAS JORNADAS SOBRE DEFENSA ANTE EMERGENCIAS NRBQ (NUCLEAR, RADIOL\u00d3GICA, BIOL\u00d3GICA Y QU\u00cdMICA)"},"content":{"rendered":"<p style=\"text-align: justify;\">En estas pr\u00e1cticas ha participado personal del Cuerpo perteneciente a las provincias de Albacete, Valencia, Alicante, Castell\u00f3n y Mallorca<\/p>\n<p><!--more--><br \/>\n<!--publicidad-voz01--><a href=\"https:\/\/www.facebook.com\/SoloRadioHellin\/?locale=es_ES\"><img decoding=\"async\" class=\"alignnone size-medium\" src=\"https:\/\/blogger.googleusercontent.com\/img\/b\/R29vZ2xl\/AVvXsEiNncirNnyGedv00mhjZjh5Wl4_YPdJGanoAl8tL8zH-HwqE8uHqjEfSt340RHdx-9tuCSIkZ8rFamZiGyYlgDGxCsmXjCH_1xk5eYM3ntFZRvJP_jndOKR7w1UAo9Tu0vrZyOLfqRpHIxYI5SymJJ-pfGCQw6QVpggBH-UgfjiFQ2JOxqxG0Jx94kW83c\/s1600\/logo-principal.jpg\" width=\"100%\" height=\"100\" \/><\/a><!--bestpublic-voz01--><!--desk-in-out-voz01--><br \/>\n<!--publicidad-voz02--><a href=\"https:\/\/www.hellincf.com\/\"><img decoding=\"async\" class=\"alignnone size-medium\" src=\"https:\/\/blogger.googleusercontent.com\/img\/b\/R29vZ2xl\/AVvXsEhuZ4-XfBVj3UtdP8-RZugy3WVrg-Zv28c53m4oV47qYCxL1rX_dqWX_YddsGSnpH5SRDqZ7bZeKPIfDVCDncpjVlhy3aQs2vojcJBn7Gdv9hC2_Nzct_pRFrnFE1a7KTCdY1bT_kAgnY3-iadRZrGeJf1fR2P5fu11bokx0pWjaypoy-ctwCjklldpEbA\/s1600\/logo-principal7.jpg\" width=\"100%\" height=\"100\" \/><\/a><!--bestpublic-voz02--><!--desk-in-out-voz02--><\/p>\n<p style=\"text-align: justify;\">Uno de estos ejercicios se ha basado en la localizaci\u00f3n de un laboratorio en el que se estaba produciendo ricina.<\/p>\n<p style=\"text-align: justify;\">La Guardia Civil ha llevado a cabo, en la sede del Grupo de Reserva y Seguridad (GRS) n\u00famero 3 de Valencia, dentro del Programa Anual de Ejercicios NRBQ (PAEs) unas jornadas para actualizar conocimientos, as\u00ed como ejercicios y actividades de nivel t\u00e9cnico, cuya finalidad es la de mantener operativo el sistema NRBQ ante posibles incidentes de esta naturaleza que se produzcan en su \u00e1mbito territorial.<\/p>\n<p style=\"text-align: justify;\">Ejercidos dirigidos por la UCO-NRBQ del Cuerpo<\/p>\n<p style=\"text-align: justify;\">En los ejercicios te\u00f3rico-pr\u00e1cticos, dirigidos por la Unidad Central Operativa-NRBQ del Cuerpo, han participado, adem\u00e1s de la Unidad de Protecci\u00f3n e Intervenci\u00f3n del GRS N\u00ba 3, las Unidades de Primera Respuesta de las Comandancias de Albacete, Valencia, Alicante y Castell\u00f3n, adem\u00e1s del Grupo Especial de Desactivaci\u00f3n de Explosivos GEDEX-NRBQ de la Comandancia de la Benem\u00e9rita de Mallorca.<\/p>\n<p style=\"text-align: justify;\">Este programa anual de ejercicios y simulacros supervisa el grado de instrucci\u00f3n del personal de la Guardia Civil en el adecuado uso y mantenimiento del material NRBQ, ante incidencia de tipo Nuclear, Radiol\u00f3gica, Biol\u00f3gica y Qu\u00edmica.<\/p>\n<p style=\"text-align: justify;\">Uno de los ejercicios programados era la intervenci\u00f3n en un supuesto laboratorio clandestino donde se estaba produciendo una toxina, altamente letal, que pudiera utilizarse como arma biol\u00f3gica.<\/p>\n<p style=\"text-align: justify;\">Formaci\u00f3n continua<\/p>\n<p style=\"text-align: justify;\">La formaci\u00f3n en este campo NRBQ, trata de mantener la cohesi\u00f3n del personal integrante, unificando los procedimientos de actuaci\u00f3n y el adiestramiento del personal, abordando conocimientos te\u00f3ricos y pr\u00e1cticos de descontaminaci\u00f3n, as\u00ed como de manipulaci\u00f3n de agentes radiol\u00f3gicos, qu\u00edmicos o biol\u00f3gicos, contando el personal participante con los niveles I, II y III de instrucci\u00f3n N.R.B.Q.<\/p>\n<p style=\"text-align: justify;\">\u2022 Nivel I (Instrucci\u00f3n Individual B\u00e1sica)<\/p>\n<p style=\"text-align: justify;\">\u2022 Nivel II (Instrucci\u00f3n Individual Complementaria)<\/p>\n<p style=\"text-align: justify;\">\u2022 Nivel III (Instrucci\u00f3n Individual Especializada)<\/p>\n<p style=\"text-align: justify;\">Unidades de primera respuesta a nivel Comandancia<\/p>\n<p style=\"text-align: justify;\">Las Unidades de Primera Respuesta NRBQ se constituyen a nivel Comandancia, capacitando al personal para la adopci\u00f3n de las primeras medidas preventivas de reacci\u00f3n ante cualquier tipo de amenaza donde se encuentren presentes elementos nucleares, radiol\u00f3gicos, biol\u00f3gicos o qu\u00edmicos.<\/p>\n<p><!--publicidad-voz03--><a href=\"https:\/\/www.facebook.com\/profile.php?id=100063593791305&amp;locale=es_ES\"><img decoding=\"async\" class=\"alignnone size-medium\" src=\"https:\/\/blogger.googleusercontent.com\/img\/b\/R29vZ2xl\/AVvXsEi8_n_ll8UOcGxCqzFvb_9Io4ICczlGC990BPtPj2w9Px-u7B3oqWUW5vtjZUqPNJ-nyjiUIorE0ATsib_l5tV8BVN-UJ03RTnU__IHJF_4DgDBtY4LIqXNG-FomrO-7ywes20CBCRM2Hcm7EJSh3UUw1dO-c_uTflUrtgY1i7uBRezj_DpympmEFkfbQY\/s1600\/logo-principal2.jpg\" width=\"100%\" height=\"100\" \/><\/a><!--bestpublic-voz03--><!--desk-in-out-voz03--><br \/>\n<!--publicidad-voz04--><a href=\"https:\/\/www.facebook.com\/profile.php?id=61557370768692&amp;locale=es_ES\"><img decoding=\"async\" class=\"alignnone size-medium\" src=\"https:\/\/blogger.googleusercontent.com\/img\/b\/R29vZ2xl\/AVvXsEgy5RdcfffrnrItnYTcV9bCJjgJwldsQLWssfVfrLbyfXeBNTFKgBf0rMIvhrUaGUhiXzVr9_eQgCbi-j63ZDpfTvLIty9w7s140y-m1yHe7eKmEK7v2NAHUJDVYGdfeiQFeRCqUjdwWmN1MX_AUxxz4IVdJ4WIM0APxit8bjWkXzrnEFGqBvW_1F13H1g\/s1600\/logo-principal5.jpg\" width=\"100%\" height=\"100\" \/><\/a><!--bestpublic-voz04--><!--desk-in-out-voz04--><br \/>\n<!--publicidad-voz05--><a href=\"https:\/\/www.facebook.com\/asociaciontamborileroshellin?locale=es_ES\"><img decoding=\"async\" class=\"alignnone size-medium\" src=\"https:\/\/blogger.googleusercontent.com\/img\/b\/R29vZ2xl\/AVvXsEhHEEpZsKK1VpwiYMrS7aE2ujtqIDZoLd4B5wtbiseSU9s2HdTdQfhF84So2XwEB1fv0BLw95GADm6hUl1bkKtzh-eIgVigXONuu_5RxeIMPhjk8q6uNX4EaEHbooKkbu7pCADWPpVJjhKIH5NQSJpWqedC-YBez4QAQeJYokkLot9bhrIaUAeztsGis6M\/s1600\/logo-principal3.jpg\" width=\"100%\" height=\"100\" \/><\/a><!--bestpublic-voz05--><!--desk-in-out-voz05--><br \/>\n<!--publicidad-voz06--><!--bestpublic-voz06--><!--desk-in-out-voz06--><br \/>\n<!--publicidad-voz07--><!--bestpublic-voz07--><!--desk-in-out-voz07--><br \/>\n<!--publicidad-voz08--><!--bestpublic-voz08--><!--desk-in-out-voz08--><br \/>\n<!--publicidad-voz09--><!--bestpublic-voz09--><!--desk-in-out-voz09--><br \/>\n<!--publicidad-voz10--><!--bestpublic-voz10--><!--desk-in-out-voz10--><br \/>\n<!--publicidad-voz11--><!--bestpublic-voz11--><!--desk-in-out-voz11--><br \/>\n<!--publicidad-voz12--><!--bestpublic-voz12--><!--desk-in-out-voz12--><br \/>\n<!--publicidad-voz13--><!--bestpublic-voz13--><!--desk-in-out-voz13--><br \/>\n<!--publicidad-voz14--><!--bestpublic-voz14--><!--desk-in-out-voz14--><br \/>\n<!--publicidad-voz15--><!--bestpublic-voz15--><!--desk-in-out-voz15--><br \/>\n<!--publicidad-voz16--><!--bestpublic-voz16--><!--desk-in-out-voz16--><\/p>\n","protected":false},"excerpt":{"rendered":"<p>En estas pr\u00e1cticas ha participado personal del Cuerpo perteneciente a las provincias de Albacete, Valencia, Alicante, Castell\u00f3n y Mallorca<\/p>\n","protected":false},"author":2,"featured_media":149362,"comment_status":"closed","ping_status":"closed","sticky":false,"template":"","format":"standard","meta":{"footnotes":""},"categories":[753,718,715,716,717],"tags":[],"class_list":["post-149361","post","type-post","status-publish","format-standard","has-post-thumbnail","hentry","category-blog-lv034","category-blogger","category-la-voz-de-hellin","category-la-voz-de-hellin-la-voz-de-hellin","category-noticias"],"_links":{"self":[{"href":"https:\/\/lavozdehellin.com\/noticias\/wp-json\/wp\/v2\/posts\/149361","targetHints":{"allow":["GET"]}}],"collection":[{"href":"https:\/\/lavozdehellin.com\/noticias\/wp-json\/wp\/v2\/posts"}],"about":[{"href":"https:\/\/lavozdehellin.com\/noticias\/wp-json\/wp\/v2\/types\/post"}],"author":[{"embeddable":true,"href":"https:\/\/lavozdehellin.com\/noticias\/wp-json\/wp\/v2\/users\/2"}],"replies":[{"embeddable":true,"href":"https:\/\/lavozdehellin.com\/noticias\/wp-json\/wp\/v2\/comments?post=149361"}],"version-history":[{"count":0,"href":"https:\/\/lavozdehellin.com\/noticias\/wp-json\/wp\/v2\/posts\/149361\/revisions"}],"wp:featuredmedia":[{"embeddable":true,"href":"https:\/\/lavozdehellin.com\/noticias\/wp-json\/wp\/v2\/media\/149362"}],"wp:attachment":[{"href":"https:\/\/lavozdehellin.com\/noticias\/wp-json\/wp\/v2\/media?parent=149361"}],"wp:term":[{"taxonomy":"category","embeddable":true,"href":"https:\/\/lavozdehellin.com\/noticias\/wp-json\/wp\/v2\/categories?post=149361"},{"taxonomy":"post_tag","embeddable":true,"href":"https:\/\/lavozdehellin.com\/noticias\/wp-json\/wp\/v2\/tags?post=149361"}],"curies":[{"name":"wp","href":"https:\/\/api.w.org\/{rel}","templated":true}]}}