{"id":149364,"date":"2024-03-14T10:11:49","date_gmt":"2024-03-14T09:11:49","guid":{"rendered":"https:\/\/lavozdehellin.com\/noticias\/?p=149364"},"modified":"2024-03-15T10:28:08","modified_gmt":"2024-03-15T09:28:08","slug":"v08-417-la-coral-san-rafael-participara-en-la-xxiii-semana-de-musica-religiosa-de-hellin","status":"publish","type":"post","link":"https:\/\/lavozdehellin.com\/noticias\/v08-417-la-coral-san-rafael-participara-en-la-xxiii-semana-de-musica-religiosa-de-hellin\/","title":{"rendered":"LVH NOTICIAS | LA CORAL SAN RAFAEL PARTICIPAR\u00c1 EN LA XXIII SEMANA DE M\u00daSICA RELIGIOSA DE HELLIN"},"content":{"rendered":"<p style=\"text-align: justify;\">El pr\u00f3ximo lunes 18 de marzo a las 20:30 h en el Convento de Franciscanos, la Coral San Rafael de Hell\u00edn participar\u00e1 en la XXIII SEMANA DE M\u00daSICA RELIGIOSA DE HELL\u00cdN.<\/p>\n<p><!--more--><br \/>\n<!--publicidad-voz01--><a href=\"https:\/\/www.facebook.com\/SoloRadioHellin\/?locale=es_ES\"><img decoding=\"async\" class=\"alignnone size-medium\" src=\"https:\/\/blogger.googleusercontent.com\/img\/b\/R29vZ2xl\/AVvXsEiNncirNnyGedv00mhjZjh5Wl4_YPdJGanoAl8tL8zH-HwqE8uHqjEfSt340RHdx-9tuCSIkZ8rFamZiGyYlgDGxCsmXjCH_1xk5eYM3ntFZRvJP_jndOKR7w1UAo9Tu0vrZyOLfqRpHIxYI5SymJJ-pfGCQw6QVpggBH-UgfjiFQ2JOxqxG0Jx94kW83c\/s1600\/logo-principal.jpg\" width=\"100%\" height=\"100\" \/><\/a><!--bestpublic-voz01--><!--desk-in-out-voz01--><br \/>\n<!--publicidad-voz02--><a href=\"https:\/\/www.hellincf.com\/\"><img decoding=\"async\" class=\"alignnone size-medium\" src=\"https:\/\/blogger.googleusercontent.com\/img\/b\/R29vZ2xl\/AVvXsEhuZ4-XfBVj3UtdP8-RZugy3WVrg-Zv28c53m4oV47qYCxL1rX_dqWX_YddsGSnpH5SRDqZ7bZeKPIfDVCDncpjVlhy3aQs2vojcJBn7Gdv9hC2_Nzct_pRFrnFE1a7KTCdY1bT_kAgnY3-iadRZrGeJf1fR2P5fu11bokx0pWjaypoy-ctwCjklldpEbA\/s1600\/logo-principal7.jpg\" width=\"100%\" height=\"100\" \/><\/a><!--bestpublic-voz02--><!--desk-in-out-voz02--><\/p>\n<p style=\"text-align: justify;\">El repertorio que podremos escuchar versar\u00e1 sobre la Historia de la M\u00fasica Coral a trav\u00e9s del tiempo.<\/p>\n<p style=\"text-align: justify;\">Escucharemos canciones de estilo medieval, canciones del baroco, del estilo cl\u00e1sico y del siglo XX.<\/p>\n<p style=\"text-align: justify;\">El trabajo realizado por la Coral para este concierto ha sido muy duro para poder ofrecer al p\u00fablico de Hell\u00edn un repertorio de obras de distintos estilos y a la vez que puedan disfrutar de la m\u00fasica coral a trav\u00e9s de la Historia.<\/p>\n<p style=\"text-align: justify;\">El repertorio de la Coral San Rafael, lo integran canciones religiosas y profanas, a capella y con acompa\u00f1amiento musical, para las cuales nos acompa\u00f1a desde hace varios a\u00f1os, el pianista D. L\u00e1zaro Fern\u00e1ndez-Falc\u00f3n Gonz\u00e1lez.<\/p>\n<p style=\"text-align: justify;\">Han participado en diferentes eventos culturales y religiosos tanto locales como provinciales e interprovinciales, participando en la grabaci\u00f3n del CD \u201cALBACETE CANTO CORAL\u201d, o en la grabaci\u00f3n del CD HELL\u00cdN SENTIMIENTO DE FE, para conmemorar el X Aniversario de la misma. Y hace pocos d\u00edas, el 17 de octubre presentamos un libro para conmemorar nuestro XX Aniversario, con el t\u00edtulo CORAL SAN RAFAEL, HELLIN VEINTE A\u00d1OS DE MUSICA Y CANCI\u00d3N y que ustedes pueden tener dando un donativo de 10 euros que van destinados ayudar con los gastos del arreglo de la ermita de San Rafael y del Santuario del Rosario.<\/p>\n<p style=\"text-align: justify;\">Tambi\u00e9n y cada vez m\u00e1s esta coral realiza salidas a distintas poblaciones, tanto de nuestra Comunidad como de Comunidades vecinas como la Comunidad Valenciana.<br \/>\nEl director de esta Agrupaci\u00f3n Coral, desde su creaci\u00f3n, es D. Francisco Javier Garc\u00eda Cobos, profesor de viento metal en la Escuela Municipal de M\u00fasica de Hell\u00edn y director de la Banda Municipal de Hell\u00edn.<\/p>\n<p><!--publicidad-voz03--><a href=\"https:\/\/www.facebook.com\/profile.php?id=100063593791305&amp;locale=es_ES\"><img decoding=\"async\" class=\"alignnone size-medium\" src=\"https:\/\/blogger.googleusercontent.com\/img\/b\/R29vZ2xl\/AVvXsEi8_n_ll8UOcGxCqzFvb_9Io4ICczlGC990BPtPj2w9Px-u7B3oqWUW5vtjZUqPNJ-nyjiUIorE0ATsib_l5tV8BVN-UJ03RTnU__IHJF_4DgDBtY4LIqXNG-FomrO-7ywes20CBCRM2Hcm7EJSh3UUw1dO-c_uTflUrtgY1i7uBRezj_DpympmEFkfbQY\/s1600\/logo-principal2.jpg\" width=\"100%\" height=\"100\" \/><\/a><!--bestpublic-voz03--><!--desk-in-out-voz03--><br \/>\n<!--publicidad-voz04--><a href=\"https:\/\/www.facebook.com\/profile.php?id=61557370768692&amp;locale=es_ES\"><img decoding=\"async\" class=\"alignnone size-medium\" src=\"https:\/\/blogger.googleusercontent.com\/img\/b\/R29vZ2xl\/AVvXsEgy5RdcfffrnrItnYTcV9bCJjgJwldsQLWssfVfrLbyfXeBNTFKgBf0rMIvhrUaGUhiXzVr9_eQgCbi-j63ZDpfTvLIty9w7s140y-m1yHe7eKmEK7v2NAHUJDVYGdfeiQFeRCqUjdwWmN1MX_AUxxz4IVdJ4WIM0APxit8bjWkXzrnEFGqBvW_1F13H1g\/s1600\/logo-principal5.jpg\" width=\"100%\" height=\"100\" \/><\/a><!--bestpublic-voz04--><!--desk-in-out-voz04--><br \/>\n<!--publicidad-voz05--><a href=\"https:\/\/www.facebook.com\/asociaciontamborileroshellin?locale=es_ES\"><img decoding=\"async\" class=\"alignnone size-medium\" src=\"https:\/\/blogger.googleusercontent.com\/img\/b\/R29vZ2xl\/AVvXsEhHEEpZsKK1VpwiYMrS7aE2ujtqIDZoLd4B5wtbiseSU9s2HdTdQfhF84So2XwEB1fv0BLw95GADm6hUl1bkKtzh-eIgVigXONuu_5RxeIMPhjk8q6uNX4EaEHbooKkbu7pCADWPpVJjhKIH5NQSJpWqedC-YBez4QAQeJYokkLot9bhrIaUAeztsGis6M\/s1600\/logo-principal3.jpg\" width=\"100%\" height=\"100\" \/><\/a><!--bestpublic-voz05--><!--desk-in-out-voz05--><br \/>\n<!--publicidad-voz06--><!--bestpublic-voz06--><!--desk-in-out-voz06--><br \/>\n<!--publicidad-voz07--><!--bestpublic-voz07--><!--desk-in-out-voz07--><br \/>\n<!--publicidad-voz08--><!--bestpublic-voz08--><!--desk-in-out-voz08--><br \/>\n<!--publicidad-voz09--><!--bestpublic-voz09--><!--desk-in-out-voz09--><br \/>\n<!--publicidad-voz10--><!--bestpublic-voz10--><!--desk-in-out-voz10--><br \/>\n<!--publicidad-voz11--><!--bestpublic-voz11--><!--desk-in-out-voz11--><br \/>\n<!--publicidad-voz12--><!--bestpublic-voz12--><!--desk-in-out-voz12--><br \/>\n<!--publicidad-voz13--><!--bestpublic-voz13--><!--desk-in-out-voz13--><br \/>\n<!--publicidad-voz14--><!--bestpublic-voz14--><!--desk-in-out-voz14--><br \/>\n<!--publicidad-voz15--><!--bestpublic-voz15--><!--desk-in-out-voz15--><br \/>\n<!--publicidad-voz16--><!--bestpublic-voz16--><!--desk-in-out-voz16--><\/p>\n","protected":false},"excerpt":{"rendered":"<p>El pr\u00f3ximo lunes 18 de marzo a las 20:30 h en el Convento de Franciscanos, la Coral San Rafael de Hell\u00edn participar\u00e1 en la XXIII SEMANA DE M\u00daSICA RELIGIOSA DE&#8230;<\/p>\n","protected":false},"author":2,"featured_media":149389,"comment_status":"closed","ping_status":"closed","sticky":false,"template":"","format":"standard","meta":{"footnotes":""},"categories":[753,718,715,716,717],"tags":[],"class_list":["post-149364","post","type-post","status-publish","format-standard","has-post-thumbnail","hentry","category-blog-lv034","category-blogger","category-la-voz-de-hellin","category-la-voz-de-hellin-la-voz-de-hellin","category-noticias"],"_links":{"self":[{"href":"https:\/\/lavozdehellin.com\/noticias\/wp-json\/wp\/v2\/posts\/149364","targetHints":{"allow":["GET"]}}],"collection":[{"href":"https:\/\/lavozdehellin.com\/noticias\/wp-json\/wp\/v2\/posts"}],"about":[{"href":"https:\/\/lavozdehellin.com\/noticias\/wp-json\/wp\/v2\/types\/post"}],"author":[{"embeddable":true,"href":"https:\/\/lavozdehellin.com\/noticias\/wp-json\/wp\/v2\/users\/2"}],"replies":[{"embeddable":true,"href":"https:\/\/lavozdehellin.com\/noticias\/wp-json\/wp\/v2\/comments?post=149364"}],"version-history":[{"count":0,"href":"https:\/\/lavozdehellin.com\/noticias\/wp-json\/wp\/v2\/posts\/149364\/revisions"}],"wp:featuredmedia":[{"embeddable":true,"href":"https:\/\/lavozdehellin.com\/noticias\/wp-json\/wp\/v2\/media\/149389"}],"wp:attachment":[{"href":"https:\/\/lavozdehellin.com\/noticias\/wp-json\/wp\/v2\/media?parent=149364"}],"wp:term":[{"taxonomy":"category","embeddable":true,"href":"https:\/\/lavozdehellin.com\/noticias\/wp-json\/wp\/v2\/categories?post=149364"},{"taxonomy":"post_tag","embeddable":true,"href":"https:\/\/lavozdehellin.com\/noticias\/wp-json\/wp\/v2\/tags?post=149364"}],"curies":[{"name":"wp","href":"https:\/\/api.w.org\/{rel}","templated":true}]}}