{"id":149369,"date":"2024-03-14T11:07:31","date_gmt":"2024-03-14T10:07:31","guid":{"rendered":"https:\/\/lavozdehellin.com\/noticias\/?p=149369"},"modified":"2024-03-15T10:28:07","modified_gmt":"2024-03-15T09:28:07","slug":"v08-419-el-deporte-escolar-vive-un-fin-de-semana-de-intensa-actividad","status":"publish","type":"post","link":"https:\/\/lavozdehellin.com\/noticias\/v08-419-el-deporte-escolar-vive-un-fin-de-semana-de-intensa-actividad\/","title":{"rendered":"LVH NOTICIAS | EL DEPORTE ESCOLAR VIVE UN FIN DE SEMANA DE INTENSA ACTIVIDAD"},"content":{"rendered":"<p style=\"text-align: justify;\">Castilla-La Mancha \u2018Somos Deporte\u2019<\/p>\n<p><!--more--><br \/>\n<!--publicidad-voz01--><a href=\"https:\/\/www.facebook.com\/SoloRadioHellin\/?locale=es_ES\"><img decoding=\"async\" class=\"alignnone size-medium\" src=\"https:\/\/blogger.googleusercontent.com\/img\/b\/R29vZ2xl\/AVvXsEiNncirNnyGedv00mhjZjh5Wl4_YPdJGanoAl8tL8zH-HwqE8uHqjEfSt340RHdx-9tuCSIkZ8rFamZiGyYlgDGxCsmXjCH_1xk5eYM3ntFZRvJP_jndOKR7w1UAo9Tu0vrZyOLfqRpHIxYI5SymJJ-pfGCQw6QVpggBH-UgfjiFQ2JOxqxG0Jx94kW83c\/s1600\/logo-principal.jpg\" width=\"100%\" height=\"100\" \/><\/a><!--bestpublic-voz01--><!--desk-in-out-voz01--><br \/>\n<!--publicidad-voz02--><a href=\"https:\/\/www.hellincf.com\/\"><img decoding=\"async\" class=\"alignnone size-medium\" src=\"https:\/\/blogger.googleusercontent.com\/img\/b\/R29vZ2xl\/AVvXsEhuZ4-XfBVj3UtdP8-RZugy3WVrg-Zv28c53m4oV47qYCxL1rX_dqWX_YddsGSnpH5SRDqZ7bZeKPIfDVCDncpjVlhy3aQs2vojcJBn7Gdv9hC2_Nzct_pRFrnFE1a7KTCdY1bT_kAgnY3-iadRZrGeJf1fR2P5fu11bokx0pWjaypoy-ctwCjklldpEbA\/s1600\/logo-principal7.jpg\" width=\"100%\" height=\"100\" \/><\/a><!--bestpublic-voz02--><!--desk-in-out-voz02--><\/p>\n<p style=\"text-align: justify;\">El Deporte Escolar vive un fin de semana de intensa actividad<\/p>\n<p style=\"text-align: justify;\">Ajedrez, ciclismo, nataci\u00f3n art\u00edstica, judo, p\u00e1del, atletismo y BTT son las modalidades que tuvieron competici\u00f3n en nuestra provincia<\/p>\n<p style=\"text-align: justify;\">Intenso fin de semana en el Calendario de Deporte Escolar 2023\/2024 organizado por la Diputaci\u00f3n Provincial de Albacete, al amparo del convenio suscrito con la Direcci\u00f3n General de Deportes de la Junta de Comunidades de Castilla-La Mancha. Hubo ajedrez en Pozohondo, ciclismo en Ontur, nataci\u00f3n art\u00edstica en Albacete, judo tambi\u00e9n en la capital, p\u00e1del en Ontur y Montealegre del Castillo, atletismo en pista en Albacete y BTT en Tobarra.<\/p>\n<p style=\"text-align: justify;\">La Fase Provincial de Ajedrez celebr\u00f3 en Pozohondo la tercera de sus cuatro citas, en una competici\u00f3n organizada gracias a la colaboraci\u00f3n de la Federaci\u00f3n de Ajedrez de Castilla-La Mancha. M\u00e1s de 150 escolares participaron en las categor\u00edas Infantil y Cadete, representando a los clubes Albacete, Excalibur, Parque Sur, AMPA Valdeganga, La Felipa, Almansa, La Roda, Villarrobledo, EDM Caudete, EMD Ontur, Elche de la Sierra, Pozohondo y Madrigueras.<\/p>\n<p style=\"text-align: justify;\">Ontur acogi\u00f3 la prueba de Ciclismo Escuelas para la categor\u00eda cadete, organizada gracias a la colaboraci\u00f3n de la Federaci\u00f3n de Ciclismo de Castilla-La Mancha y con el apoyo del ayuntamiento de la localidad y de la Pe\u00f1a Ciclista Ortega y Del Ramo. El mal tiempo merm\u00f3 la participaci\u00f3n a \u00faltima hora en este I Trofeo Cadetes El Madro\u00f1o. Pablo Machancoses Salas (Infinobras \u2013 Grupo Sime) fue el campe\u00f3n, llegando en solitario a la l\u00ednea de meta. En el p\u00f3dium estuvo acompa\u00f1ado por Daniel S\u00e1nchez Moreno (Grupo Deportivo Llopis) y Jos\u00e9 Antonio Fern\u00e1ndez Cerd\u00e1n (Juan Giner \u2013 Ulevel \u2013 Vitadinsport).<\/p>\n<p style=\"text-align: justify;\">La piscina Juan de Toledo de Albacete acogi\u00f3 el Campeonato Escolar de nataci\u00f3n art\u00edstica (nataci\u00f3n sincronizada). El Club Sincro Alba fue nuestro representante, con un total de 50 participantes, en una competici\u00f3n que congreg\u00f3 a m\u00e1s de 150 escolares, ya que tambi\u00e9n hubo participaci\u00f3n de clubes de Toledo, Guadalajara, Ugena, Villaseca de la Sagra, Lorca y Alhama. Las nadadoras albacete\u00f1as cosecharon magn\u00edficos resultados, con muy buenas actuaciones y una gran cantidad de medallas.<\/p>\n<p style=\"text-align: justify;\">La I Fase del Campeonato de Judo en categor\u00eda alev\u00edn se celebr\u00f3 en el Pabell\u00f3n de la Feria de Albacete, organizado por la Federaci\u00f3n de Judo de Castilla-La Mancha y el C.D. Judo Club Albacete Escolapios-Formas. En esta prueba se dieron cita m\u00e1s de 160 judocas de toda la regi\u00f3n, con el deseo de empezar la temporada de competici\u00f3n con buen pie. En cuanto a la representaci\u00f3n albacete\u00f1a, los judocas del Judo Club Albacete Escolapios-Formas lograron 3 oros, 1 plata y 2 bronces, mientras que los integrantes del Judo Casas Ib\u00e1\u00f1ez se colgaron 1 oro, 1 plata y 7 bronces.<\/p>\n<p style=\"text-align: justify;\">Jornada dominical<\/p>\n<p style=\"text-align: justify;\">El Campeonato Provincial de P\u00e1del celebr\u00f3 la segunda cita de la temporada en las localidades de Ontur y Montealegre del Castillo, de la mano de la Federaci\u00f3n de P\u00e1del de Castilla-La Mancha y con el apoyo de los ayuntamientos implicados. En Ontur se disput\u00f3 la categor\u00eda Infantil Masculino. En la final del torneo, \u00c1ngel Egido y Juan Mart\u00ednez fueron los campeones, venciendo a Unai Garc\u00eda y Borja Almendo en dos sets, por un doble 6-2. Por su parte, en Montealegre del Castillo se celebraron el resto de categor\u00edas. En Alev\u00edn Femenino ganaron Irene Hern\u00e1ndez y Carolina Vizca\u00edno, con Alicia Y\u00e1\u00f1ez y Daniela Cuenca como subcampeonas. En Alev\u00edn Masculino los campeones fueron Eloy Delicado y Guillermo Moreno, con Aurelio Tobarra y \u00c1lvaro Garc\u00eda en el segundo puesto. Aitana Mart\u00ednez y Laura Mart\u00ednez fueron las campeonas en Infantil Femenino, con Carla Abell\u00e1n e Isabel Guerrero como segundas. Por \u00faltimo, en Cadete Masculino los campeones fueron Ezequiel S\u00e1ez y Andr\u00e9s S\u00e1ez, con Sergio Ramos y \u00c1lvaro Mart\u00ednez como subcampeones.<\/p>\n<p style=\"text-align: justify;\">Las Pistas de Atletismo de Albacete acogieron la segunda jornada del Campeonato Provincial de Atletismo en Pista al Aire Libre para las categor\u00edas sub 14, sub 16 y sub 18, gracias a la colaboraci\u00f3n de la Federaci\u00f3n de Atletismo de Castilla-La Mancha y al apoyo del Ayuntamiento de Albacete, a trav\u00e9s del Instituto Municipal de Deportes. En esta segunda cita se disputaron pruebas de 300 metros lisos, 400 metros, 1.000 metros, 1.500 metros, 5.000 metros, 80 metros vallas, 100 vallas, 110 vallas, 2.000 metros marcha, 3.000 marcha, 5.000 marcha, salto de longitud, triple salto, lanzamiento de peso y jabalina.<\/p>\n<p style=\"text-align: justify;\">El Campeonato de BTT de Deporte Escolar celebr\u00f3 su primera prueba en la localidad de Bogarra con la presencia de m\u00e1s de 50 corredores. Los campeones de las diferentes categor\u00edas fueron los siguientes: Bruno L\u00f3pez Chiclano y Sof\u00eda Ruiz Mart\u00ednez (Principiante), Francisco Jos\u00e9 Mar\u00edn S\u00e1nchez y Elena Sevilla Almansa (Promesas), Pablo Lara Mart\u00ednez y Magdalena Pulp\u00f3n Nieves (Alev\u00edn), Daniel Mar\u00edn L\u00f3pez y Vega Garc\u00eda Garc\u00eda (Infantil), Mario Navarro Pi\u00f1era y Gema Tornero Ortega (Cadete).<\/p>\n<p style=\"text-align: justify;\">Pr\u00f3ximo fin de semana<\/p>\n<p style=\"text-align: justify;\">El Calendario de Deporte Escolar continuar\u00e1 el pr\u00f3ximo fin de semana, en esta ocasi\u00f3n con las modalidades de ajedrez, duatl\u00f3n, gimnasia r\u00edtmica, tenis, BTT, atletismo, p\u00e1del, orientaci\u00f3n y gimnasia est\u00e9tica de grupo.<\/p>\n<p><!--publicidad-voz03--><a href=\"https:\/\/www.facebook.com\/profile.php?id=100063593791305&amp;locale=es_ES\"><img decoding=\"async\" class=\"alignnone size-medium\" src=\"https:\/\/blogger.googleusercontent.com\/img\/b\/R29vZ2xl\/AVvXsEi8_n_ll8UOcGxCqzFvb_9Io4ICczlGC990BPtPj2w9Px-u7B3oqWUW5vtjZUqPNJ-nyjiUIorE0ATsib_l5tV8BVN-UJ03RTnU__IHJF_4DgDBtY4LIqXNG-FomrO-7ywes20CBCRM2Hcm7EJSh3UUw1dO-c_uTflUrtgY1i7uBRezj_DpympmEFkfbQY\/s1600\/logo-principal2.jpg\" width=\"100%\" height=\"100\" \/><\/a><!--bestpublic-voz03--><!--desk-in-out-voz03--><br \/>\n<!--publicidad-voz04--><a href=\"https:\/\/www.facebook.com\/profile.php?id=61557370768692&amp;locale=es_ES\"><img decoding=\"async\" class=\"alignnone size-medium\" src=\"https:\/\/blogger.googleusercontent.com\/img\/b\/R29vZ2xl\/AVvXsEgy5RdcfffrnrItnYTcV9bCJjgJwldsQLWssfVfrLbyfXeBNTFKgBf0rMIvhrUaGUhiXzVr9_eQgCbi-j63ZDpfTvLIty9w7s140y-m1yHe7eKmEK7v2NAHUJDVYGdfeiQFeRCqUjdwWmN1MX_AUxxz4IVdJ4WIM0APxit8bjWkXzrnEFGqBvW_1F13H1g\/s1600\/logo-principal5.jpg\" width=\"100%\" height=\"100\" \/><\/a><!--bestpublic-voz04--><!--desk-in-out-voz04--><br \/>\n<!--publicidad-voz05--><a href=\"https:\/\/www.facebook.com\/asociaciontamborileroshellin?locale=es_ES\"><img decoding=\"async\" class=\"alignnone size-medium\" src=\"https:\/\/blogger.googleusercontent.com\/img\/b\/R29vZ2xl\/AVvXsEhHEEpZsKK1VpwiYMrS7aE2ujtqIDZoLd4B5wtbiseSU9s2HdTdQfhF84So2XwEB1fv0BLw95GADm6hUl1bkKtzh-eIgVigXONuu_5RxeIMPhjk8q6uNX4EaEHbooKkbu7pCADWPpVJjhKIH5NQSJpWqedC-YBez4QAQeJYokkLot9bhrIaUAeztsGis6M\/s1600\/logo-principal3.jpg\" width=\"100%\" height=\"100\" \/><\/a><!--bestpublic-voz05--><!--desk-in-out-voz05--><br \/>\n<!--publicidad-voz06--><!--bestpublic-voz06--><!--desk-in-out-voz06--><br \/>\n<!--publicidad-voz07--><!--bestpublic-voz07--><!--desk-in-out-voz07--><br \/>\n<!--publicidad-voz08--><!--bestpublic-voz08--><!--desk-in-out-voz08--><br \/>\n<!--publicidad-voz09--><!--bestpublic-voz09--><!--desk-in-out-voz09--><br \/>\n<!--publicidad-voz10--><!--bestpublic-voz10--><!--desk-in-out-voz10--><br \/>\n<!--publicidad-voz11--><!--bestpublic-voz11--><!--desk-in-out-voz11--><br \/>\n<!--publicidad-voz12--><!--bestpublic-voz12--><!--desk-in-out-voz12--><br \/>\n<!--publicidad-voz13--><!--bestpublic-voz13--><!--desk-in-out-voz13--><br \/>\n<!--publicidad-voz14--><!--bestpublic-voz14--><!--desk-in-out-voz14--><br \/>\n<!--publicidad-voz15--><!--bestpublic-voz15--><!--desk-in-out-voz15--><br \/>\n<!--publicidad-voz16--><!--bestpublic-voz16--><!--desk-in-out-voz16--><\/p>\n","protected":false},"excerpt":{"rendered":"<p>Castilla-La Mancha \u2018Somos Deporte\u2019<\/p>\n","protected":false},"author":2,"featured_media":149370,"comment_status":"closed","ping_status":"closed","sticky":false,"template":"","format":"standard","meta":{"footnotes":""},"categories":[753,718,715,716,717],"tags":[],"class_list":["post-149369","post","type-post","status-publish","format-standard","has-post-thumbnail","hentry","category-blog-lv034","category-blogger","category-la-voz-de-hellin","category-la-voz-de-hellin-la-voz-de-hellin","category-noticias"],"_links":{"self":[{"href":"https:\/\/lavozdehellin.com\/noticias\/wp-json\/wp\/v2\/posts\/149369","targetHints":{"allow":["GET"]}}],"collection":[{"href":"https:\/\/lavozdehellin.com\/noticias\/wp-json\/wp\/v2\/posts"}],"about":[{"href":"https:\/\/lavozdehellin.com\/noticias\/wp-json\/wp\/v2\/types\/post"}],"author":[{"embeddable":true,"href":"https:\/\/lavozdehellin.com\/noticias\/wp-json\/wp\/v2\/users\/2"}],"replies":[{"embeddable":true,"href":"https:\/\/lavozdehellin.com\/noticias\/wp-json\/wp\/v2\/comments?post=149369"}],"version-history":[{"count":0,"href":"https:\/\/lavozdehellin.com\/noticias\/wp-json\/wp\/v2\/posts\/149369\/revisions"}],"wp:featuredmedia":[{"embeddable":true,"href":"https:\/\/lavozdehellin.com\/noticias\/wp-json\/wp\/v2\/media\/149370"}],"wp:attachment":[{"href":"https:\/\/lavozdehellin.com\/noticias\/wp-json\/wp\/v2\/media?parent=149369"}],"wp:term":[{"taxonomy":"category","embeddable":true,"href":"https:\/\/lavozdehellin.com\/noticias\/wp-json\/wp\/v2\/categories?post=149369"},{"taxonomy":"post_tag","embeddable":true,"href":"https:\/\/lavozdehellin.com\/noticias\/wp-json\/wp\/v2\/tags?post=149369"}],"curies":[{"name":"wp","href":"https:\/\/api.w.org\/{rel}","templated":true}]}}