{"id":149372,"date":"2024-03-14T11:14:36","date_gmt":"2024-03-14T10:14:36","guid":{"rendered":"https:\/\/lavozdehellin.com\/noticias\/?p=149372"},"modified":"2024-03-15T10:28:07","modified_gmt":"2024-03-15T09:28:07","slug":"v08-420-el-grupo-municipal-del-psoe-critica-la-ausencia-de-acto-institucional-conmemorativo-del-dia-internacional-de-la-mujer","status":"publish","type":"post","link":"https:\/\/lavozdehellin.com\/noticias\/v08-420-el-grupo-municipal-del-psoe-critica-la-ausencia-de-acto-institucional-conmemorativo-del-dia-internacional-de-la-mujer\/","title":{"rendered":"LVH NOTICIAS | EL GRUPO MUNICIPAL DEL PSOE CRITICA LA AUSENCIA DE ACTO INSTITUCIONAL CONMEMORATIVO DEL D\u00cdA INTERNACIONAL DE LA MUJER"},"content":{"rendered":"<p style=\"text-align: justify;\">Nota de prensa.<\/p>\n<p><!--more--><br \/>\n<!--publicidad-voz01--><a href=\"https:\/\/www.facebook.com\/SoloRadioHellin\/?locale=es_ES\"><img decoding=\"async\" class=\"alignnone size-medium\" src=\"https:\/\/blogger.googleusercontent.com\/img\/b\/R29vZ2xl\/AVvXsEiNncirNnyGedv00mhjZjh5Wl4_YPdJGanoAl8tL8zH-HwqE8uHqjEfSt340RHdx-9tuCSIkZ8rFamZiGyYlgDGxCsmXjCH_1xk5eYM3ntFZRvJP_jndOKR7w1UAo9Tu0vrZyOLfqRpHIxYI5SymJJ-pfGCQw6QVpggBH-UgfjiFQ2JOxqxG0Jx94kW83c\/s1600\/logo-principal.jpg\" width=\"100%\" height=\"100\" \/><\/a><!--bestpublic-voz01--><!--desk-in-out-voz01--><br \/>\n<!--publicidad-voz02--><a href=\"https:\/\/www.hellincf.com\/\"><img decoding=\"async\" class=\"alignnone size-medium\" src=\"https:\/\/blogger.googleusercontent.com\/img\/b\/R29vZ2xl\/AVvXsEhuZ4-XfBVj3UtdP8-RZugy3WVrg-Zv28c53m4oV47qYCxL1rX_dqWX_YddsGSnpH5SRDqZ7bZeKPIfDVCDncpjVlhy3aQs2vojcJBn7Gdv9hC2_Nzct_pRFrnFE1a7KTCdY1bT_kAgnY3-iadRZrGeJf1fR2P5fu11bokx0pWjaypoy-ctwCjklldpEbA\/s1600\/logo-principal7.jpg\" width=\"100%\" height=\"100\" \/><\/a><!--bestpublic-voz02--><!--desk-in-out-voz02--><\/p>\n<p style=\"text-align: justify;\">El Grupo Municipal del PSOE critica la ausencia de acto institucional conmemorativo del D\u00eda Internacional de la Mujer<\/p>\n<p style=\"text-align: justify;\">Para el principal grupo de la oposici\u00f3n, los problemas administrativos del sal\u00f3n de actos del MUSS son s\u00f3lo una excusa y una total falta de previsi\u00f3n por parte del equipo de gobierno.<\/p>\n<p style=\"text-align: justify;\">La concejala socialista Luci Carreres, acompa\u00f1ada por Ana Bel\u00e9n L\u00f3pez, ha comparecido ante los medios de comunicaci\u00f3n en la ma\u00f1ana de este lunes para criticar la ausencia de acto institucional conmemorativo del D\u00eda Internacional de la Mujer.<\/p>\n<p style=\"text-align: justify;\">Este a\u00f1o el acto central de esta conmemoraci\u00f3n estaba previsto realizarse en el Sal\u00f3n de Actos del MUSS, pero apenas tres d\u00edas antes, desde el equipo de gobierno emit\u00edan un comunicado en el que informaban sobre el aplazamiento de este evento aludiendo a que se est\u00e1 en proceso de legalizaci\u00f3n de la instalaci\u00f3n el\u00e9ctrica de dicho sal\u00f3n.<\/p>\n<p style=\"text-align: justify;\">Este proceso se est\u00e1 dilatando en el tiempo durante varios meses, motivo por el cu\u00e1l en anteriores ocasiones ya se han tenido que reubicar diversos eventos programados en este espacio. Y la primera pregunta que surge es \u00bfpor qu\u00e9 desde el equipo de gobierno no se ha trabajado en buscar espacios alternativos al sal\u00f3n de actos del MUSS si esta problem\u00e1tica era previsible?<\/p>\n<p style=\"text-align: justify;\">Continuaba planteando Carreres cuestiones como \u201c\u00bfAcaso la Casa de la Cultura no re\u00fane condiciones para ello? \u00bfO el propio Teatro Victoria? La propia Asociaci\u00f3n Teatro Victoria, al tener conocimiento de este comunicado puso a disposici\u00f3n del Ayuntamiento estas dependencias, donde por cierto ya se ha celebrado en a\u00f1os anteriores con un rotundo \u00e9xito. \u00bfPor qu\u00e9 este a\u00f1o no ha podido ser?<\/p>\n<p style=\"text-align: justify;\">Por estos motivos, el Grupo Municipal del PSOE ha mostrado su convicci\u00f3n de que la ausencia de celebraci\u00f3n de este acto institucional el 8M se debe a una burda excusa y una falta de previsi\u00f3n absoluta por parte del equipo de gobierno y su m\u00e1ximo responsable, el alcalde Manuel Serena.<\/p>\n<p style=\"text-align: justify;\">Un acto en el que, adem\u00e1s, desde hace unos a\u00f1os, se entrega un reconocimiento en el que poner en valor el trabajo en materia de igualdad de una persona o instituci\u00f3n. Este a\u00f1o este galard\u00f3n ha reca\u00eddo en el equipo de orientaci\u00f3n del IES Justo Mill\u00e1n. Y desde el PSOE se vuelven a preguntar: \u00bfcu\u00e1ndo lo piensan entregar, por qu\u00e9 no han dado una pr\u00f3xima fecha y qu\u00e9 sentido tiene este aplazamiento?<\/p>\n<p style=\"text-align: justify;\">Seg\u00fan hac\u00eda hincapi\u00e9 la concejala \u201ces cierto que el D\u00eda de la Mujer se debe trabajar los 365 d\u00edas del a\u00f1o, pero Hell\u00edn, una ciudad con m\u00e1s de 30.000 habitantes merece tener su acto institucional el 8M para conmemorar y reconocer a las mujeres\u201d.<\/p>\n<p style=\"text-align: justify;\">Desde el principal grupo de la oposici\u00f3n consideran que el 8M y todos los actos que se programan en torno a esta fecha, tienen un sentido reivindicativo, conmemorativo, de reconocimiento a la lucha de muchas mujeres. \u201cY no es de recibo que una excusa como la que han puesto, haga que pierda todo este sentido\u201d, aseveraba Luci Carreres quien de nuevo se preguntaba c\u00faando pretende el equipo de gobierno celebrar este acto institucional, \u201c\u00bfdespu\u00e9s de Semana Santa? Y si se demoran los tr\u00e1mites administrativos del sal\u00f3n de actos del MUSS, \u00bflo dejamos para el verano? \u00bfy por qu\u00e9 no para la feria?\u201d<\/p>\n<p style=\"text-align: justify;\">As\u00ed mismo, dentro de la programaci\u00f3n de los actos conmemorativos se incluye para este jueves un recital de poes\u00eda que tambi\u00e9n estaba previsto en el sal\u00f3n de actos del MUSS\u2026 Y de nuevo surge la pregunta de si lo volver\u00e1n a aplazar una vez m\u00e1s avisando a la ciudadan\u00eda unas horas antes.<\/p>\n<p style=\"text-align: justify;\">\u201cY puestos a preguntarnos cosas, continuaba Luci Carreres, \u201cestamos a mediados del mes de marzo y seguimos sin contar con presupuestos en el Ayuntamiento de Hell\u00edn. Dada la composici\u00f3n de la Corporaci\u00f3n, el equipo de gobierno va a tener que dialogar con los grupos de la oposici\u00f3n para sacar adelante las cuentas. \u00bfY si esta excusa de aplazamiento del Acto Institucional de la Mujer no es s\u00f3lo una concesi\u00f3n a VOX para que le vote a favor de los presupuestos? No lo sabemos, pero lo cierto es que Hell\u00edn se ha quedado sin su acto institucional el 8M por una decisi\u00f3n pol\u00edtica, una burda excusa y falta de previsi\u00f3n del gobierno del PP con el alcalde a la cabeza\u201d<\/p>\n<p style=\"text-align: justify;\">\u201cEl que quiere, puede, y el que no quiere, pone excusas\u201d finalizaba tajante Carreres.<\/p>\n<p><!--publicidad-voz03--><a href=\"https:\/\/www.facebook.com\/profile.php?id=100063593791305&amp;locale=es_ES\"><img decoding=\"async\" class=\"alignnone size-medium\" src=\"https:\/\/blogger.googleusercontent.com\/img\/b\/R29vZ2xl\/AVvXsEi8_n_ll8UOcGxCqzFvb_9Io4ICczlGC990BPtPj2w9Px-u7B3oqWUW5vtjZUqPNJ-nyjiUIorE0ATsib_l5tV8BVN-UJ03RTnU__IHJF_4DgDBtY4LIqXNG-FomrO-7ywes20CBCRM2Hcm7EJSh3UUw1dO-c_uTflUrtgY1i7uBRezj_DpympmEFkfbQY\/s1600\/logo-principal2.jpg\" width=\"100%\" height=\"100\" \/><\/a><!--bestpublic-voz03--><!--desk-in-out-voz03--><br \/>\n<!--publicidad-voz04--><a href=\"https:\/\/www.facebook.com\/profile.php?id=61557370768692&amp;locale=es_ES\"><img decoding=\"async\" class=\"alignnone size-medium\" src=\"https:\/\/blogger.googleusercontent.com\/img\/b\/R29vZ2xl\/AVvXsEgy5RdcfffrnrItnYTcV9bCJjgJwldsQLWssfVfrLbyfXeBNTFKgBf0rMIvhrUaGUhiXzVr9_eQgCbi-j63ZDpfTvLIty9w7s140y-m1yHe7eKmEK7v2NAHUJDVYGdfeiQFeRCqUjdwWmN1MX_AUxxz4IVdJ4WIM0APxit8bjWkXzrnEFGqBvW_1F13H1g\/s1600\/logo-principal5.jpg\" width=\"100%\" height=\"100\" \/><\/a><!--bestpublic-voz04--><!--desk-in-out-voz04--><br \/>\n<!--publicidad-voz05--><a href=\"https:\/\/www.facebook.com\/asociaciontamborileroshellin?locale=es_ES\"><img decoding=\"async\" class=\"alignnone size-medium\" src=\"https:\/\/blogger.googleusercontent.com\/img\/b\/R29vZ2xl\/AVvXsEhHEEpZsKK1VpwiYMrS7aE2ujtqIDZoLd4B5wtbiseSU9s2HdTdQfhF84So2XwEB1fv0BLw95GADm6hUl1bkKtzh-eIgVigXONuu_5RxeIMPhjk8q6uNX4EaEHbooKkbu7pCADWPpVJjhKIH5NQSJpWqedC-YBez4QAQeJYokkLot9bhrIaUAeztsGis6M\/s1600\/logo-principal3.jpg\" width=\"100%\" height=\"100\" \/><\/a><!--bestpublic-voz05--><!--desk-in-out-voz05--><br \/>\n<!--publicidad-voz06--><!--bestpublic-voz06--><!--desk-in-out-voz06--><br \/>\n<!--publicidad-voz07--><!--bestpublic-voz07--><!--desk-in-out-voz07--><br \/>\n<!--publicidad-voz08--><!--bestpublic-voz08--><!--desk-in-out-voz08--><br \/>\n<!--publicidad-voz09--><!--bestpublic-voz09--><!--desk-in-out-voz09--><br \/>\n<!--publicidad-voz10--><!--bestpublic-voz10--><!--desk-in-out-voz10--><br \/>\n<!--publicidad-voz11--><!--bestpublic-voz11--><!--desk-in-out-voz11--><br \/>\n<!--publicidad-voz12--><!--bestpublic-voz12--><!--desk-in-out-voz12--><br \/>\n<!--publicidad-voz13--><!--bestpublic-voz13--><!--desk-in-out-voz13--><br \/>\n<!--publicidad-voz14--><!--bestpublic-voz14--><!--desk-in-out-voz14--><br \/>\n<!--publicidad-voz15--><!--bestpublic-voz15--><!--desk-in-out-voz15--><br \/>\n<!--publicidad-voz16--><!--bestpublic-voz16--><!--desk-in-out-voz16--><\/p>\n","protected":false},"excerpt":{"rendered":"<p>Nota de prensa.<\/p>\n","protected":false},"author":2,"featured_media":149390,"comment_status":"closed","ping_status":"closed","sticky":false,"template":"","format":"standard","meta":{"footnotes":""},"categories":[753,718,715,716,717],"tags":[],"class_list":["post-149372","post","type-post","status-publish","format-standard","has-post-thumbnail","hentry","category-blog-lv034","category-blogger","category-la-voz-de-hellin","category-la-voz-de-hellin-la-voz-de-hellin","category-noticias"],"_links":{"self":[{"href":"https:\/\/lavozdehellin.com\/noticias\/wp-json\/wp\/v2\/posts\/149372","targetHints":{"allow":["GET"]}}],"collection":[{"href":"https:\/\/lavozdehellin.com\/noticias\/wp-json\/wp\/v2\/posts"}],"about":[{"href":"https:\/\/lavozdehellin.com\/noticias\/wp-json\/wp\/v2\/types\/post"}],"author":[{"embeddable":true,"href":"https:\/\/lavozdehellin.com\/noticias\/wp-json\/wp\/v2\/users\/2"}],"replies":[{"embeddable":true,"href":"https:\/\/lavozdehellin.com\/noticias\/wp-json\/wp\/v2\/comments?post=149372"}],"version-history":[{"count":0,"href":"https:\/\/lavozdehellin.com\/noticias\/wp-json\/wp\/v2\/posts\/149372\/revisions"}],"wp:featuredmedia":[{"embeddable":true,"href":"https:\/\/lavozdehellin.com\/noticias\/wp-json\/wp\/v2\/media\/149390"}],"wp:attachment":[{"href":"https:\/\/lavozdehellin.com\/noticias\/wp-json\/wp\/v2\/media?parent=149372"}],"wp:term":[{"taxonomy":"category","embeddable":true,"href":"https:\/\/lavozdehellin.com\/noticias\/wp-json\/wp\/v2\/categories?post=149372"},{"taxonomy":"post_tag","embeddable":true,"href":"https:\/\/lavozdehellin.com\/noticias\/wp-json\/wp\/v2\/tags?post=149372"}],"curies":[{"name":"wp","href":"https:\/\/api.w.org\/{rel}","templated":true}]}}