{"id":149434,"date":"2024-03-19T11:38:46","date_gmt":"2024-03-19T10:38:46","guid":{"rendered":"https:\/\/lavozdehellin.com\/noticias\/?p=149434"},"modified":"2024-04-08T07:18:32","modified_gmt":"2024-04-08T06:18:32","slug":"v08-427-la-policia-nacional-desmantela-dos-puntos-de-venta-de-droga-en-albacete-y-desarticula-el-clan-familiar-que-los-regentaba","status":"publish","type":"post","link":"https:\/\/lavozdehellin.com\/noticias\/v08-427-la-policia-nacional-desmantela-dos-puntos-de-venta-de-droga-en-albacete-y-desarticula-el-clan-familiar-que-los-regentaba\/","title":{"rendered":"LVH NOTICIAS | LA POLIC\u00cdA NACIONAL DESMANTELA DOS PUNTOS DE VENTA DE DROGA EN ALBACETE Y DESARTICULA EL CLAN FAMILIAR QUE LOS REGENTABA"},"content":{"rendered":"<p style=\"text-align: justify;\">DIRECCI\u00d3N GENERAL DE LA POLIC\u00cdA &#8211; COMISAR\u00cdA PROVINCIAL DE ALBACETE<\/p>\n<p><!--more--><br \/>\n<!--publicidad-voz01--><a href=\"https:\/\/www.facebook.com\/SoloRadioHellin\/?locale=es_ES\"><img decoding=\"async\" class=\"alignnone size-medium\" src=\"https:\/\/blogger.googleusercontent.com\/img\/b\/R29vZ2xl\/AVvXsEiNncirNnyGedv00mhjZjh5Wl4_YPdJGanoAl8tL8zH-HwqE8uHqjEfSt340RHdx-9tuCSIkZ8rFamZiGyYlgDGxCsmXjCH_1xk5eYM3ntFZRvJP_jndOKR7w1UAo9Tu0vrZyOLfqRpHIxYI5SymJJ-pfGCQw6QVpggBH-UgfjiFQ2JOxqxG0Jx94kW83c\/s1600\/logo-principal.jpg\" width=\"100%\" height=\"100\" \/><\/a><!--bestpublic-voz01--><!--desk-in-out-voz01--><br \/>\n<!--publicidad-voz02--><a href=\"https:\/\/www.hellincf.com\/\"><img decoding=\"async\" class=\"alignnone size-medium\" src=\"https:\/\/blogger.googleusercontent.com\/img\/b\/R29vZ2xl\/AVvXsEhuZ4-XfBVj3UtdP8-RZugy3WVrg-Zv28c53m4oV47qYCxL1rX_dqWX_YddsGSnpH5SRDqZ7bZeKPIfDVCDncpjVlhy3aQs2vojcJBn7Gdv9hC2_Nzct_pRFrnFE1a7KTCdY1bT_kAgnY3-iadRZrGeJf1fR2P5fu11bokx0pWjaypoy-ctwCjklldpEbA\/s1600\/logo-principal7.jpg\" width=\"100%\" height=\"100\" \/><\/a><!--bestpublic-voz02--><!--desk-in-out-voz02--><\/p>\n<p style=\"text-align: justify;\">Estaban asentados en los barrios de La Milagrosa y San Antonio Abad<\/p>\n<p style=\"text-align: justify;\">La operaci\u00f3n policial ha culminado con la detenci\u00f3n de siete personas y la incautaci\u00f3n de 2 kilos de hach\u00eds, 828 gramos de coca\u00edna y 194 gramos de marihuana, adem\u00e1s de 46.576 euros<\/p>\n<p style=\"text-align: justify;\">Operaban desde dos viviendas ocupadas que funcionaban como aut\u00e9nticos \u00abchiringuitos\u00bb de la droga desde los que distribu\u00edan todo tipo de sustancias en horario ininterrumpido<\/p>\n<p style=\"text-align: justify;\">Agentes de la Polic\u00eda Nacional han detenido en Albacete a siete personas, todos ellos integrantes de un mismo clan familiar, que presuntamente se dedicaban a la venta de coca\u00edna, hach\u00eds y marihuana, y contaban con varios puntos de venta activos en la localidad de Albacete.<\/p>\n<p style=\"text-align: justify;\">La investigaci\u00f3n arranc\u00f3 en el mes de enero de este mismo a\u00f1o, despu\u00e9s de que llegaran hasta los investigadores varias informaciones acerca de un grupo de personas de la misma familia que presuntamente podr\u00eda estar dedic\u00e1ndose desde hace tiempo al tr\u00e1fico de drogas en los barrios de La Milagrosa y San Antonio Abad.<\/p>\n<p style=\"text-align: justify;\">Tan pronto se tuvo noticia de estos hechos, los investigadores comenzaron con las primeras indagaciones para determinar la veracidad de estas informaciones, la localizaci\u00f3n exacta de los supuestos puntos de venta de droga, as\u00ed como la identificaci\u00f3n de las personas que estar\u00edan implicadas en el desarrollo de esta actividad il\u00edcita.<\/p>\n<p style=\"text-align: justify;\">Las vigilancias y seguimientos efectuadas en torno al edificio en que se encontraban las viviendas sospechosas, permitieron corroborar que efectivamente varios miembros de un clan familiar hab\u00edan ocupado ilegalmente dos viviendas sociales y las hab\u00edan convertido en aut\u00e9nticos \u201cchiringuitos\u201d de droga, desde los que distribu\u00edan dosis de coca\u00edna, hach\u00eds y marihuana en horario ininterrumpido directamente a los consumidores de estas sustancias, algunos de los cuales eran menores de edad.<\/p>\n<p style=\"text-align: justify;\">Desmantelados dos puntos de venta de droga y una vivienda \u00abguarder\u00eda\u00bb<\/p>\n<p style=\"text-align: justify;\">Las vigilancias realizadas tambi\u00e9n permitieron descubrir que el clan familiar dispon\u00eda de una \u201cvivienda de seguridad\u201d en el mismo edificio donde llevaban a cabo la venta de droga. Se trataba de una vivienda de alquiler social cuya inquilina colaboraba con los traficantes haciendo labores de \u201cguardadora\u201d de droga y de dinero en efectivo. De hecho, fue en una caja fuerte instalada en esta vivienda donde se encontr\u00f3 la mayor cantidad de sustancia estupefaciente y la pr\u00e1ctica totalidad del dinero en efectivo intervenido.<\/p>\n<p style=\"text-align: justify;\">En esta operaci\u00f3n policial se han practicado cuatro registros domiciliarios, uno de ellos en el barrio de la Milagrosa y los otros tres en el de San Antonio Abad.<\/p>\n<p style=\"text-align: justify;\">En ellos se han incautado 2 kilogramos gramos de hach\u00eds 828 gramos de coca\u00edna, y 194 gramos de marihuana, adem\u00e1s de 46.576 euros en efectivo, tres b\u00e1sculas de precisi\u00f3n y varios efectos e instrumentos utilizados para la dosificaci\u00f3n y distribuci\u00f3n de sustancias estupefacientes.<\/p>\n<p style=\"text-align: justify;\">Con esta actuaci\u00f3n policial no s\u00f3lo se ha desarticulado este grupo criminal gracias a la detenci\u00f3n de sus siete integrantes, sino que adem\u00e1s se han desmantelado dos puntos de venta de droga que presentaban una gran actividad en los \u00faltimos meses.<\/p>\n<p style=\"text-align: justify;\">En la investigaci\u00f3n, detenciones y registros han participado agentes de la Polic\u00eda Nacional de la Comisar\u00eda de Albacete adscritos a los grupos de estupefacientes, as\u00ed como de la Unidad de Prevenci\u00f3n y Reacci\u00f3n (UPR).<\/p>\n<p><!--publicidad-voz03--><a href=\"https:\/\/www.facebook.com\/profile.php?id=100063593791305&amp;locale=es_ES\"><img decoding=\"async\" class=\"alignnone size-medium\" src=\"https:\/\/blogger.googleusercontent.com\/img\/b\/R29vZ2xl\/AVvXsEi8_n_ll8UOcGxCqzFvb_9Io4ICczlGC990BPtPj2w9Px-u7B3oqWUW5vtjZUqPNJ-nyjiUIorE0ATsib_l5tV8BVN-UJ03RTnU__IHJF_4DgDBtY4LIqXNG-FomrO-7ywes20CBCRM2Hcm7EJSh3UUw1dO-c_uTflUrtgY1i7uBRezj_DpympmEFkfbQY\/s1600\/logo-principal2.jpg\" width=\"100%\" height=\"100\" \/><\/a><!--bestpublic-voz03--><!--desk-in-out-voz03--><br \/>\n<!--publicidad-voz04--><a href=\"https:\/\/www.facebook.com\/profile.php?id=61557370768692&amp;locale=es_ES\"><img decoding=\"async\" class=\"alignnone size-medium\" src=\"https:\/\/blogger.googleusercontent.com\/img\/b\/R29vZ2xl\/AVvXsEgy5RdcfffrnrItnYTcV9bCJjgJwldsQLWssfVfrLbyfXeBNTFKgBf0rMIvhrUaGUhiXzVr9_eQgCbi-j63ZDpfTvLIty9w7s140y-m1yHe7eKmEK7v2NAHUJDVYGdfeiQFeRCqUjdwWmN1MX_AUxxz4IVdJ4WIM0APxit8bjWkXzrnEFGqBvW_1F13H1g\/s1600\/logo-principal5.jpg\" width=\"100%\" height=\"100\" \/><\/a><!--bestpublic-voz04--><!--desk-in-out-voz04--><br \/>\n<!--publicidad-voz05--><a href=\"https:\/\/www.facebook.com\/asociaciontamborileroshellin?locale=es_ES\"><img decoding=\"async\" class=\"alignnone size-medium\" src=\"https:\/\/blogger.googleusercontent.com\/img\/b\/R29vZ2xl\/AVvXsEhHEEpZsKK1VpwiYMrS7aE2ujtqIDZoLd4B5wtbiseSU9s2HdTdQfhF84So2XwEB1fv0BLw95GADm6hUl1bkKtzh-eIgVigXONuu_5RxeIMPhjk8q6uNX4EaEHbooKkbu7pCADWPpVJjhKIH5NQSJpWqedC-YBez4QAQeJYokkLot9bhrIaUAeztsGis6M\/s1600\/logo-principal3.jpg\" width=\"100%\" height=\"100\" \/><\/a><!--bestpublic-voz05--><!--desk-in-out-voz05--><br \/>\n<!--publicidad-voz06--><!--bestpublic-voz06--><!--desk-in-out-voz06--><br \/>\n<!--publicidad-voz07--><!--bestpublic-voz07--><!--desk-in-out-voz07--><br \/>\n<!--publicidad-voz08--><!--bestpublic-voz08--><!--desk-in-out-voz08--><br \/>\n<!--publicidad-voz09--><!--bestpublic-voz09--><!--desk-in-out-voz09--><br \/>\n<!--publicidad-voz10--><!--bestpublic-voz10--><!--desk-in-out-voz10--><br \/>\n<!--publicidad-voz11--><!--bestpublic-voz11--><!--desk-in-out-voz11--><br \/>\n<!--publicidad-voz12--><!--bestpublic-voz12--><!--desk-in-out-voz12--><br \/>\n<!--publicidad-voz13--><!--bestpublic-voz13--><!--desk-in-out-voz13--><br \/>\n<!--publicidad-voz14--><!--bestpublic-voz14--><!--desk-in-out-voz14--><br \/>\n<!--publicidad-voz15--><!--bestpublic-voz15--><!--desk-in-out-voz15--><br \/>\n<!--publicidad-voz16--><!--bestpublic-voz16--><!--desk-in-out-voz16--><\/p>\n","protected":false},"excerpt":{"rendered":"<p>DIRECCI\u00d3N GENERAL DE LA POLIC\u00cdA &#8211; COMISAR\u00cdA PROVINCIAL DE ALBACETE<\/p>\n","protected":false},"author":2,"featured_media":149435,"comment_status":"closed","ping_status":"closed","sticky":false,"template":"","format":"standard","meta":{"footnotes":""},"categories":[753,718,715,716,717],"tags":[],"class_list":["post-149434","post","type-post","status-publish","format-standard","has-post-thumbnail","hentry","category-blog-lv034","category-blogger","category-la-voz-de-hellin","category-la-voz-de-hellin-la-voz-de-hellin","category-noticias"],"_links":{"self":[{"href":"https:\/\/lavozdehellin.com\/noticias\/wp-json\/wp\/v2\/posts\/149434","targetHints":{"allow":["GET"]}}],"collection":[{"href":"https:\/\/lavozdehellin.com\/noticias\/wp-json\/wp\/v2\/posts"}],"about":[{"href":"https:\/\/lavozdehellin.com\/noticias\/wp-json\/wp\/v2\/types\/post"}],"author":[{"embeddable":true,"href":"https:\/\/lavozdehellin.com\/noticias\/wp-json\/wp\/v2\/users\/2"}],"replies":[{"embeddable":true,"href":"https:\/\/lavozdehellin.com\/noticias\/wp-json\/wp\/v2\/comments?post=149434"}],"version-history":[{"count":0,"href":"https:\/\/lavozdehellin.com\/noticias\/wp-json\/wp\/v2\/posts\/149434\/revisions"}],"wp:featuredmedia":[{"embeddable":true,"href":"https:\/\/lavozdehellin.com\/noticias\/wp-json\/wp\/v2\/media\/149435"}],"wp:attachment":[{"href":"https:\/\/lavozdehellin.com\/noticias\/wp-json\/wp\/v2\/media?parent=149434"}],"wp:term":[{"taxonomy":"category","embeddable":true,"href":"https:\/\/lavozdehellin.com\/noticias\/wp-json\/wp\/v2\/categories?post=149434"},{"taxonomy":"post_tag","embeddable":true,"href":"https:\/\/lavozdehellin.com\/noticias\/wp-json\/wp\/v2\/tags?post=149434"}],"curies":[{"name":"wp","href":"https:\/\/api.w.org\/{rel}","templated":true}]}}