{"id":149444,"date":"2024-03-20T10:19:41","date_gmt":"2024-03-20T09:19:41","guid":{"rendered":"https:\/\/lavozdehellin.com\/noticias\/?p=149444"},"modified":"2024-04-08T07:18:31","modified_gmt":"2024-04-08T06:18:31","slug":"v08-430-actuacion-de-iluni-musica-actuara-hoy-en-el-convento-de-franciscanos","status":"publish","type":"post","link":"https:\/\/lavozdehellin.com\/noticias\/v08-430-actuacion-de-iluni-musica-actuara-hoy-en-el-convento-de-franciscanos\/","title":{"rendered":"LVH NOTICIAS | ACTUACI\u00d3N DE ILUNI MUSICA ACTUARA HOY EN EL CONVENTO DE FRANCISCANOS"},"content":{"rendered":"<p style=\"text-align: justify;\">Hoy mi\u00e9rcoles 20 de marzo, en la Semana de M\u00fasica Religiosa de Hell\u00edn tenemos la actuaci\u00f3n de ILUNI MUSICA, en el Convento de Franciscanos a las 20.30 h.<\/p>\n<p><!--more--><br \/>\n<!--publicidad-voz01--><a href=\"https:\/\/www.facebook.com\/SoloRadioHellin\/?locale=es_ES\"><img decoding=\"async\" class=\"alignnone size-medium\" src=\"https:\/\/blogger.googleusercontent.com\/img\/b\/R29vZ2xl\/AVvXsEiNncirNnyGedv00mhjZjh5Wl4_YPdJGanoAl8tL8zH-HwqE8uHqjEfSt340RHdx-9tuCSIkZ8rFamZiGyYlgDGxCsmXjCH_1xk5eYM3ntFZRvJP_jndOKR7w1UAo9Tu0vrZyOLfqRpHIxYI5SymJJ-pfGCQw6QVpggBH-UgfjiFQ2JOxqxG0Jx94kW83c\/s1600\/logo-principal.jpg\" width=\"100%\" height=\"100\" \/><\/a><!--bestpublic-voz01--><!--desk-in-out-voz01--><br \/>\n<!--publicidad-voz02--><a href=\"https:\/\/www.hellincf.com\/\"><img decoding=\"async\" class=\"alignnone size-medium\" src=\"https:\/\/blogger.googleusercontent.com\/img\/b\/R29vZ2xl\/AVvXsEhuZ4-XfBVj3UtdP8-RZugy3WVrg-Zv28c53m4oV47qYCxL1rX_dqWX_YddsGSnpH5SRDqZ7bZeKPIfDVCDncpjVlhy3aQs2vojcJBn7Gdv9hC2_Nzct_pRFrnFE1a7KTCdY1bT_kAgnY3-iadRZrGeJf1fR2P5fu11bokx0pWjaypoy-ctwCjklldpEbA\/s1600\/logo-principal7.jpg\" width=\"100%\" height=\"100\" \/><\/a><!--bestpublic-voz02--><!--desk-in-out-voz02--><\/p>\n<p style=\"text-align: justify;\">Entrada libre<\/p>\n<p style=\"text-align: justify;\">Programa:<\/p>\n<p style=\"text-align: justify;\">\u2022 ALESSANDRO SCARLATTI (1659- 1725): CONCERTO GROSSO PARA FLAUTA, CUERDA Y CONTINUO EN LA M. VIVACE \/ ADAGIO \/ ALLEGRO \/ ADAGIO \/ ALLEGRO<\/p>\n<p style=\"text-align: justify;\">\u2022 GIN\u00c9S DE BOLUDA (C. 1545-1611): ASPERGES ME HIMNOS IESU, CORONA PANGE LINGUA Y GLOSADO DE BERMUDO DEUS TUORUM<\/p>\n<p style=\"text-align: justify;\">\u2022 FRANCISCO CORREA DE ARAUXO (1584-1654): CANTO LLANO Y GLOSAS SOBRE LA INMACULADA CONCEPCI\u00d3N<\/p>\n<p style=\"text-align: justify;\">\u2022 JOHANN SEBASTIAN BACH (1685-1750): CANTATA PARA SOPRANO, FLAUTA, CUERDA Y CONTINUO BWV 82 A \/ ARIA ICH HABE GENUG \/ RECITATIVO ICH HABE GENUG \/ ARIA SCHLUMMER EIN \/ RECITATIVO MEIN GOTT! \/ ARIA ICH FREUE MICH<\/p>\n<p style=\"text-align: justify;\">ILUNI MUSICA<\/p>\n<p style=\"text-align: justify;\">Creado en 1978, el grupo Iluni Musica ha venido desarrollando durante muchos a\u00f1os una continuada actividad concert\u00edstica encaminada a difundir la m\u00fasica anterior al siglo XIX.<\/p>\n<p style=\"text-align: justify;\">La formaci\u00f3n de sus componentes se ha realizado con diferentes maestros de prestigio internacional.<\/p>\n<p style=\"text-align: justify;\">El repertorio, que ha incluido obras medievales y renacentistas, est\u00e1 centrado en la actualidad en el periodo barroco y precl\u00e1sico. Las interpretaciones se realizan con instrumentos originales y criterios historicistas para conseguir recrear los m\u00e1s fielmente posible la sonoridad de cada \u00e9poca, disponiendo de una amplia colecci\u00f3n de r\u00e9plicas exactas de instrumentos antiguos.<\/p>\n<p style=\"text-align: justify;\">Iluni M\u00fasica ha actuado en diferentes ciudades y pueblos de toda Espa\u00f1a.<\/p>\n<p style=\"text-align: justify;\">Destacan los conciertos en Estella, Burgos, Le\u00f3n y Santiago (a lo largo del camino), Toledo \u2013homenaje a Diego Ortiz- Madrid, Murcia, Valencia, etc.<\/p>\n<p style=\"text-align: justify;\">En 1986 fue seleccionado para la Muestra Nacional de M\u00fasica de C\u00e1mara, celebrada en Ja\u00e9n.<\/p>\n<p style=\"text-align: justify;\">As\u00ed mismo sus componentes son fundadores del grupo de M\u00fasica Antigua de la Universidad de Murcia, del Concentus Torrej\u00f3n y Velasco de Albacete y colaboradores habituales de orquestas y grupos de m\u00fasica antigua.<\/p>\n<p style=\"text-align: justify;\">Entre sus intervenciones discogr\u00e1ficas han colaborado en la primera grabaci\u00f3n mundial de la obra del polifonista hellinense del siglo XVI, Gin\u00e9s de Boluda, as\u00ed como en otras de maestros de capilla de la Catedral de Cuenca.<\/p>\n<p style=\"text-align: justify;\">Con diferentes agrupaciones ha efectuado giras por Europa, Egipto, EE.UU., etc. Durante el mes de septiembre de 2005 realiz\u00f3 una gira por el estado de Guanajuato (M\u00e9xico), interpretando un programa de m\u00fasica del Quijote, junto a la soprano Ana Luisa Espinosa. Ha actuado en el prestigioso Festival de M\u00fasica Renacentista y Barroca, que se celebra todos los a\u00f1os en el Castillo de V\u00e9lez &#8211; Blanco (Almer\u00eda) con la soprano Carmen Lorenzo, y en el cual tambi\u00e9n se utiliza parte de su colecci\u00f3n instrumental.<\/p>\n<p style=\"text-align: justify;\">ILUNI MUSICA<\/p>\n<p style=\"text-align: justify;\">Carmen Lorenzo, soprano<\/p>\n<p style=\"text-align: justify;\">Juan Valenciano, canto llano.<\/p>\n<p style=\"text-align: justify;\">Ana P\u00e9rez, flautas<\/p>\n<p style=\"text-align: justify;\">Laura Beamud y Emiliano Avil\u00e9s, violines<\/p>\n<p style=\"text-align: justify;\">Lu\u00eds Ferr\u00e1n, viola<\/p>\n<p style=\"text-align: justify;\">Jos\u00e9 Ram\u00f3n S\u00e1ez, violoncello y viola de gamba<\/p>\n<p style=\"text-align: justify;\">Antonio Jim\u00e9nez, contrabajo<\/p>\n<p style=\"text-align: justify;\">Gregorio Garc\u00eda, \u00f3rgano<\/p>\n<p><!--publicidad-voz03--><a href=\"https:\/\/www.facebook.com\/profile.php?id=100063593791305&amp;locale=es_ES\"><img decoding=\"async\" class=\"alignnone size-medium\" src=\"https:\/\/blogger.googleusercontent.com\/img\/b\/R29vZ2xl\/AVvXsEi8_n_ll8UOcGxCqzFvb_9Io4ICczlGC990BPtPj2w9Px-u7B3oqWUW5vtjZUqPNJ-nyjiUIorE0ATsib_l5tV8BVN-UJ03RTnU__IHJF_4DgDBtY4LIqXNG-FomrO-7ywes20CBCRM2Hcm7EJSh3UUw1dO-c_uTflUrtgY1i7uBRezj_DpympmEFkfbQY\/s1600\/logo-principal2.jpg\" width=\"100%\" height=\"100\" \/><\/a><!--bestpublic-voz03--><!--desk-in-out-voz03--><br \/>\n<!--publicidad-voz04--><a href=\"https:\/\/www.facebook.com\/profile.php?id=61557370768692&amp;locale=es_ES\"><img decoding=\"async\" class=\"alignnone size-medium\" src=\"https:\/\/blogger.googleusercontent.com\/img\/b\/R29vZ2xl\/AVvXsEgy5RdcfffrnrItnYTcV9bCJjgJwldsQLWssfVfrLbyfXeBNTFKgBf0rMIvhrUaGUhiXzVr9_eQgCbi-j63ZDpfTvLIty9w7s140y-m1yHe7eKmEK7v2NAHUJDVYGdfeiQFeRCqUjdwWmN1MX_AUxxz4IVdJ4WIM0APxit8bjWkXzrnEFGqBvW_1F13H1g\/s1600\/logo-principal5.jpg\" width=\"100%\" height=\"100\" \/><\/a><!--bestpublic-voz04--><!--desk-in-out-voz04--><br \/>\n<!--publicidad-voz05--><a href=\"https:\/\/www.facebook.com\/asociaciontamborileroshellin?locale=es_ES\"><img decoding=\"async\" class=\"alignnone size-medium\" src=\"https:\/\/blogger.googleusercontent.com\/img\/b\/R29vZ2xl\/AVvXsEhHEEpZsKK1VpwiYMrS7aE2ujtqIDZoLd4B5wtbiseSU9s2HdTdQfhF84So2XwEB1fv0BLw95GADm6hUl1bkKtzh-eIgVigXONuu_5RxeIMPhjk8q6uNX4EaEHbooKkbu7pCADWPpVJjhKIH5NQSJpWqedC-YBez4QAQeJYokkLot9bhrIaUAeztsGis6M\/s1600\/logo-principal3.jpg\" width=\"100%\" height=\"100\" \/><\/a><!--bestpublic-voz05--><!--desk-in-out-voz05--><br \/>\n<!--publicidad-voz06--><!--bestpublic-voz06--><!--desk-in-out-voz06--><br \/>\n<!--publicidad-voz07--><!--bestpublic-voz07--><!--desk-in-out-voz07--><br \/>\n<!--publicidad-voz08--><!--bestpublic-voz08--><!--desk-in-out-voz08--><br \/>\n<!--publicidad-voz09--><!--bestpublic-voz09--><!--desk-in-out-voz09--><br \/>\n<!--publicidad-voz10--><!--bestpublic-voz10--><!--desk-in-out-voz10--><br \/>\n<!--publicidad-voz11--><!--bestpublic-voz11--><!--desk-in-out-voz11--><br \/>\n<!--publicidad-voz12--><!--bestpublic-voz12--><!--desk-in-out-voz12--><br \/>\n<!--publicidad-voz13--><!--bestpublic-voz13--><!--desk-in-out-voz13--><br \/>\n<!--publicidad-voz14--><!--bestpublic-voz14--><!--desk-in-out-voz14--><br \/>\n<!--publicidad-voz15--><!--bestpublic-voz15--><!--desk-in-out-voz15--><br \/>\n<!--publicidad-voz16--><!--bestpublic-voz16--><!--desk-in-out-voz16--><\/p>\n","protected":false},"excerpt":{"rendered":"<p>Hoy mi\u00e9rcoles 20 de marzo, en la Semana de M\u00fasica Religiosa de Hell\u00edn tenemos la actuaci\u00f3n de ILUNI MUSICA, en el Convento de Franciscanos a las 20.30 h.<\/p>\n","protected":false},"author":2,"featured_media":149445,"comment_status":"closed","ping_status":"closed","sticky":false,"template":"","format":"standard","meta":{"footnotes":""},"categories":[753,718,715,716,717],"tags":[],"class_list":["post-149444","post","type-post","status-publish","format-standard","has-post-thumbnail","hentry","category-blog-lv034","category-blogger","category-la-voz-de-hellin","category-la-voz-de-hellin-la-voz-de-hellin","category-noticias"],"_links":{"self":[{"href":"https:\/\/lavozdehellin.com\/noticias\/wp-json\/wp\/v2\/posts\/149444","targetHints":{"allow":["GET"]}}],"collection":[{"href":"https:\/\/lavozdehellin.com\/noticias\/wp-json\/wp\/v2\/posts"}],"about":[{"href":"https:\/\/lavozdehellin.com\/noticias\/wp-json\/wp\/v2\/types\/post"}],"author":[{"embeddable":true,"href":"https:\/\/lavozdehellin.com\/noticias\/wp-json\/wp\/v2\/users\/2"}],"replies":[{"embeddable":true,"href":"https:\/\/lavozdehellin.com\/noticias\/wp-json\/wp\/v2\/comments?post=149444"}],"version-history":[{"count":0,"href":"https:\/\/lavozdehellin.com\/noticias\/wp-json\/wp\/v2\/posts\/149444\/revisions"}],"wp:featuredmedia":[{"embeddable":true,"href":"https:\/\/lavozdehellin.com\/noticias\/wp-json\/wp\/v2\/media\/149445"}],"wp:attachment":[{"href":"https:\/\/lavozdehellin.com\/noticias\/wp-json\/wp\/v2\/media?parent=149444"}],"wp:term":[{"taxonomy":"category","embeddable":true,"href":"https:\/\/lavozdehellin.com\/noticias\/wp-json\/wp\/v2\/categories?post=149444"},{"taxonomy":"post_tag","embeddable":true,"href":"https:\/\/lavozdehellin.com\/noticias\/wp-json\/wp\/v2\/tags?post=149444"}],"curies":[{"name":"wp","href":"https:\/\/api.w.org\/{rel}","templated":true}]}}