{"id":149447,"date":"2024-03-21T14:09:17","date_gmt":"2024-03-21T13:09:17","guid":{"rendered":"https:\/\/lavozdehellin.com\/noticias\/?p=149447"},"modified":"2024-04-08T07:18:31","modified_gmt":"2024-04-08T06:18:31","slug":"v08-431-comunicado-de-prensa-comision-especial-de-semana-santa","status":"publish","type":"post","link":"https:\/\/lavozdehellin.com\/noticias\/v08-431-comunicado-de-prensa-comision-especial-de-semana-santa\/","title":{"rendered":"LVH NOTICIAS | COMUNICADO DE PRENSA &#8211; COMISI\u00d3N ESPECIAL DE SEMANA SANTA"},"content":{"rendered":"<p style=\"text-align: justify;\">La Comisi\u00f3n Especial de Semana Santa, formada por los grupos pol\u00edticos con representaci\u00f3n en el ayuntamiento, y numerosos miembros de las asociaciones de Semana Santa, ha dispuesto las siguientes recomendaciones para la Semana Santa de Hell\u00edn 2024.<\/p>\n<p><!--more--><br \/>\n<!--publicidad-voz01--><a href=\"https:\/\/www.facebook.com\/SoloRadioHellin\/?locale=es_ES\"><img decoding=\"async\" class=\"alignnone size-medium\" src=\"https:\/\/blogger.googleusercontent.com\/img\/b\/R29vZ2xl\/AVvXsEiNncirNnyGedv00mhjZjh5Wl4_YPdJGanoAl8tL8zH-HwqE8uHqjEfSt340RHdx-9tuCSIkZ8rFamZiGyYlgDGxCsmXjCH_1xk5eYM3ntFZRvJP_jndOKR7w1UAo9Tu0vrZyOLfqRpHIxYI5SymJJ-pfGCQw6QVpggBH-UgfjiFQ2JOxqxG0Jx94kW83c\/s1600\/logo-principal.jpg\" width=\"100%\" height=\"100\" \/><\/a><!--bestpublic-voz01--><!--desk-in-out-voz01--><br \/>\n<!--publicidad-voz02--><a href=\"https:\/\/www.hellincf.com\/\"><img decoding=\"async\" class=\"alignnone size-medium\" src=\"https:\/\/blogger.googleusercontent.com\/img\/b\/R29vZ2xl\/AVvXsEhuZ4-XfBVj3UtdP8-RZugy3WVrg-Zv28c53m4oV47qYCxL1rX_dqWX_YddsGSnpH5SRDqZ7bZeKPIfDVCDncpjVlhy3aQs2vojcJBn7Gdv9hC2_Nzct_pRFrnFE1a7KTCdY1bT_kAgnY3-iadRZrGeJf1fR2P5fu11bokx0pWjaypoy-ctwCjklldpEbA\/s1600\/logo-principal7.jpg\" width=\"100%\" height=\"100\" \/><\/a><!--bestpublic-voz02--><!--desk-in-out-voz02--><\/p>\n<p style=\"text-align: justify;\">PROCESIONES<\/p>\n<p style=\"text-align: justify;\">La Comisi\u00f3n sigue recomendando que todas las procesiones sigan el ritmo establecido de 2\/1, es decir, dos minutos desfilando 1 minuto en descanso, para lo cual los organizadores deber\u00e1n tomar las medidas oportunas.<\/p>\n<p style=\"text-align: justify;\">En las procesiones coincidentes con las tamboradas, la Comisi\u00f3n sigue recomendando que, con tal de cumplir los horarios establecidos de paso y recogida, se establezcan una serie de puntos a lo largo del recorrido, en los que, a partir de ciertas horas, se controle el acceso de m\u00e1s personas de las que ya circulan en determinadas calles.<\/p>\n<p style=\"text-align: justify;\">PUNTOS DE CONTROL DE ACCESO<\/p>\n<p style=\"text-align: justify;\">Una vez analizadas las medidas adoptadas el pasado a\u00f1o por recomendaci\u00f3n de la Comisi\u00f3n, se ha llegado a la conclusi\u00f3n de que es necesario ajustar algunos horarios y mejorar la ubicaci\u00f3n y la comunicaci\u00f3n a los tamborileros en los puntos de control de acceso, para favorecer el discurrir de la tamborada.<\/p>\n<p style=\"text-align: justify;\">Para MI\u00c9RCOLES SANTO la Comisi\u00f3n establece una duraci\u00f3n recomendada de la procesi\u00f3n en torno a la dos horas y media. De esta forma, si la cabeza comienza a las 19:30 horas, esta deber\u00eda finalizar su recorrido aproximadamente a las 22:00 horas.<\/p>\n<p style=\"text-align: justify;\">Del mismo modo, se recomiendan unos puntos de control con unos horarios en los que deber\u00eda pasar la cabeza de la procesi\u00f3n para cumplir el tope de llegada establecido; y unos horarios de control de acceso al recorrido a partir de ese momento para tamborileros y dem\u00e1s viandantes.<\/p>\n<p style=\"text-align: justify;\">Los horarios ser\u00edan los que siguen:<\/p>\n<p>Calle \/ Hora de Control \/\u00a0<span style=\"text-align: justify;\">Hora de Paso<\/span><\/p>\n<p style=\"text-align: justify;\">Portal\u00ed 19:45\/20:05<br \/>\nPlaza San Francisco 20:00\/20:17<br \/>\nSilvela 20:25\/20:48<br \/>\nMesones 20:50\/21:12<br \/>\nJuan Mart\u00ednez Parras 21:05\/21:24<br \/>\nTesifonte Gallego 21:30\/21:49<br \/>\nRabal 21:45\/22:05<\/p>\n<p>Para la procesi\u00f3n de SUBIDA AL CALVARIO, esta Comisi\u00f3n recomienda que la hora de llegada de la cabeza a la ermita sea a las 9:30 horas, por lo que se entiende que debe tener una duraci\u00f3n de recorrido entre salida y llegada de 2 horas.<\/p>\n<p style=\"text-align: justify;\">Los puntos y horarios de paso y control de accesos son los siguientes:<\/p>\n<p>Calle \/\u00a0<span style=\"text-align: justify;\">Hora de Control \/\u00a0<\/span><span style=\"text-align: justify;\">Hora de Paso<\/span><\/p>\n<p style=\"text-align: justify;\">Cassola 7:10\/7:30<br \/>\nPlaza San Francisco 7:20\/4:45<br \/>\nLuminarias 7:40\/8:00<br \/>\nCamino columnas 8:00\/8:15<br \/>\nCtra. Li\u00e9tor 8:40\/9:00<br \/>\nCalle Columnas 9:00\/9:15<br \/>\nCalvario 9:15\/9:30<\/p>\n<p style=\"text-align: justify;\">En cuanto a la BAJADA DEL CALVARIO de Viernes Santo la Comisi\u00f3n recomienda los siguientes puntos y horarios, estableciendo como hora de llegada de la cabeza a la Asunci\u00f3n las 15:10 horas, y el comienzo de la procesi\u00f3n a las 12:00 horas.<\/p>\n<p>Calle \/ Hora de Control \/\u00a0<span style=\"text-align: justify;\">Hora de Paso<\/span><\/p>\n<p style=\"text-align: justify;\">Sabino Cuerda -\/12:00<br \/>\nAlfarer\u00edas -\/13:00<br \/>\nBenito Toboso 12:40\/13:45<br \/>\nCruce C\/\u00c1guila 13:20\/14:00<br \/>\nRabal 13:40\/14:15<br \/>\nAyuntamiento 14:00\/15:00<br \/>\nPlaza Iglesia 14:40\/15:10<\/p>\n<p style=\"text-align: justify;\">En cuanto a la PROCESI\u00d3N DEL ENCUENTRO, la Comisi\u00f3n recomienda un horario de llegada de la cabeza a las 15:45 horas, con la salida del Recinto Ferial a las 12:30 horas, y los siguientes puntos de control y horarios:<\/p>\n<p style=\"text-align: justify;\">Calle \/ Hora de Control \/\u00a0Hora de Paso<br \/>\nL\u00f3pez del Oro 12:10\/12:30<br \/>\nMelchor Macanaz 13:10\/13:30<br \/>\n\u00c1guila 13:40\/14:00<br \/>\nBenito Toboso 14:10\/14:30<br \/>\nRabal 14:30\/14:45<br \/>\nAyuntamiento 15:10\/15:30<br \/>\nPlaza Iglesia \/15:45<\/p>\n<p style=\"text-align: justify;\">Respecto al Encuentro, es importante destacar que se ha adelantado su horario respecto al a\u00f1o pasado, celebr\u00e1ndose a las 10:30 horas y saliendo la procesi\u00f3n a las 12:30 horas. Esto da un margen de 2 horas, tiempo suficiente para permitir a los miles de tamborileros que se congregan en el recinto ferial, para poder ir subiendo hacia la parte alta del pueblo por los recorridos y calles tradicionales. Cambio que la Comisi\u00f3n ha recomendado como punto de mejora respecto del a\u00f1o pasado.<\/p>\n<p style=\"text-align: justify;\">La ACH, organizadora de las procesiones, va a seguir estas recomendaciones de horarios, y el ayuntamiento de Hell\u00edn y las fuerzas y orden de seguridad del estado garantizar\u00e1n el buen discurrir de tamboradas y procesiones, en correcta sincron\u00eda.<\/p>\n<p style=\"text-align: justify;\">NUEVAS PANTALLAS INFORMATIVAS<\/p>\n<p style=\"text-align: justify;\">Con el fin de reforzar y mejorar la informaci\u00f3n de estos horarios, y ponerlos a disposici\u00f3n de todos los participantes, se instalar\u00e1n en la v\u00eda p\u00fablica paneles informativos en varios puntos del recorrido del desfile. Esta informaci\u00f3n se dar\u00e1 mediante pantallas digitales, por lo que, ante cualquier incidencia, los participantes, tanto de la tamborada, como de la procesi\u00f3n, podr\u00e1n tener informaci\u00f3n de forma instant\u00e1nea a trav\u00e9s de ellas.<\/p>\n<p style=\"text-align: justify;\">Adem\u00e1s, este tramo final de Cuaresma, se ha habilitado otra pantalla en la calle Sol, punto muy discurrido estos d\u00edas, para reforzar la informaci\u00f3n de los actos y eventos de la cuaresma. Para los d\u00edas de Semana Santa se ofrecer\u00e1 informaci\u00f3n general de los horarios y participantes de los desfiles procesionales, tamboradas, actos y celebraciones; servicios habilitados para los ciudadanos; recomendaciones y avisos a tiempo real ante cualquier novedad.<\/p>\n<p style=\"text-align: justify;\">LIMPIEZA VIARIA<\/p>\n<p style=\"text-align: justify;\">La limpieza viaria es uno de los aspectos se\u00f1alados por la Comisi\u00f3n como muy importantes. La Concejal\u00eda de Semana Santa ha trabajado de la mano con el departamento de Medio Ambiente y la empresa adjudicataria del servicio para que se realice un esfuerzo extraordinario estos d\u00edas.<\/p>\n<p style=\"text-align: justify;\">De esta forma se va a reforzar la plantilla de la empresa con 12 personas m\u00e1s, con el objetivo de asumir la limpieza en el amplio escenario donde suceden nuestras tamboradas y procesiones, adem\u00e1s de la tamborada de Isso en Domingo de Ramos, y de las tamboradas y procesiones de Agram\u00f3n, que en estos d\u00edas tambi\u00e9n multiplica su poblaci\u00f3n. A\u00fan as\u00ed pedimos desde la Comisi\u00f3n que todos los ciudadanos colaboren en la limpieza del municipio haciendo uso de los contenedores y papeleras colocados en los recorridos y zonas de procesiones y tamboradas con el objetivo de facilitar las tareas de limpieza y mejorar la imagen de Hell\u00edn y de su Semana Santa.<\/p>\n<p style=\"text-align: justify;\">CAMIONES DE ASEOS EN EL CALVARIO Y EL ENCUENTRO<\/p>\n<p style=\"text-align: justify;\">Como novedad, por primera vez durante la ma\u00f1ana de Viernes Santo se instalar\u00e1 un cami\u00f3n de aseos en la zona de la ermita del Calvario; y otro la ma\u00f1ana de Domingo de Resurrecci\u00f3n en las inmediaciones del Recinto Ferial. Se trata de un servicio de aseos vigilados por personal, que los mantiene limpios de forma continua, como el ubicado en el habitual punto de calle Naranjos.<\/p>\n<p style=\"text-align: justify;\">A estos puntos hay que a\u00f1adir el habitual y amplio abanico de aseos port\u00e1tiles que se colocan de forma estrat\u00e9gica en diferentes puntos, se\u00f1alados en un mapa que este a\u00f1o se incluye en el programa de mano y se proyectar\u00e1 cada d\u00eda en la pantalla de la calle Sol.<\/p>\n<p style=\"text-align: justify;\">DESFILE DE BANDAS<\/p>\n<p style=\"text-align: justify;\">Tras los problemas detectados en los \u00faltimos a\u00f1os, especialmente el pasado, la Comisi\u00f3n tambi\u00e9n ha abordado la realizaci\u00f3n del tradicional Desfile de Bandas que cierra los actos el domingo de Resurrecci\u00f3n.<\/p>\n<p style=\"text-align: justify;\">Esta comisi\u00f3n y, creemos que todo Hell\u00edn, debe de estar de acuerdo en que nuestras bandas son un patrimonio local impagable y del que debemos sentirnos en deuda por la labor que realizan durante todo el a\u00f1o para poner la banda sonora a esta querida semana. Por lo que rogamos a todos los que en ese momento ocupen las calles tradicionales del desfile de bandas, que pongamos de nuestra parte para que no vuelva a ser un momento tenso y pase a ser, por derecho, un colof\u00f3n exitoso a nuestra fiesta, gracias al buen hacer de todos.<\/p>\n<p style=\"text-align: justify;\">BARRAS EN EL RECORRIDO<\/p>\n<p style=\"text-align: justify;\">En cuanto a los establecimientos hosteleros con licencia anual que montan una barra exterior en el recorrido de las procesiones, la Comisi\u00f3n sigue recomendando que esas barras se cierren en el mismo horario de la procesi\u00f3n, es decir, desde el momento en el que comienza y hasta que se recoge; o, al menos, hasta que el desfile haya terminado su tr\u00e1nsito por su calle. Esto afectar\u00eda s\u00f3lo en los momentos y d\u00edas en los que las procesiones transcurren por esas v\u00edas, por lo que habr\u00eda que poner esos condicionantes en la licencia de forma espec\u00edfica para cada calle y establecimiento.<\/p>\n<p style=\"text-align: justify;\">En el caso del resto de establecimientos que solo tienen licencia de actividad durante los d\u00edas de Semana Santa, la Comisi\u00f3n recomienda que todos ellos se instalen en calles, plazas, o lugares aleda\u00f1os en los que no discurren procesiones, y en los que los potenciales clientes no tengan que atravesar las mismas para llegar hasta ellos.<\/p>\n<p style=\"text-align: justify;\">La puesta en marcha de todas estas propuestas requiere de la colaboraci\u00f3n de todos los agentes que organizan, participan o simplemente disfrutan de nuestra Semana Santa. Estamos convencidos de la necesidad de implantar estas medidas para que nuestra fiesta m\u00e1s importante pueda ir adapt\u00e1ndose, sin perder su esencia, a los nuevos tiempos y para ello es necesaria la ayuda de todos: cofrades, tamborileros, hellineros y for\u00e1neos.<\/p>\n<p><!--publicidad-voz03--><a href=\"https:\/\/www.facebook.com\/profile.php?id=100063593791305&amp;locale=es_ES\"><img decoding=\"async\" class=\"alignnone size-medium\" src=\"https:\/\/blogger.googleusercontent.com\/img\/b\/R29vZ2xl\/AVvXsEi8_n_ll8UOcGxCqzFvb_9Io4ICczlGC990BPtPj2w9Px-u7B3oqWUW5vtjZUqPNJ-nyjiUIorE0ATsib_l5tV8BVN-UJ03RTnU__IHJF_4DgDBtY4LIqXNG-FomrO-7ywes20CBCRM2Hcm7EJSh3UUw1dO-c_uTflUrtgY1i7uBRezj_DpympmEFkfbQY\/s1600\/logo-principal2.jpg\" width=\"100%\" height=\"100\" \/><\/a><!--bestpublic-voz03--><!--desk-in-out-voz03--><br \/>\n<!--publicidad-voz04--><a href=\"https:\/\/www.facebook.com\/profile.php?id=61557370768692&amp;locale=es_ES\"><img decoding=\"async\" class=\"alignnone size-medium\" src=\"https:\/\/blogger.googleusercontent.com\/img\/b\/R29vZ2xl\/AVvXsEgy5RdcfffrnrItnYTcV9bCJjgJwldsQLWssfVfrLbyfXeBNTFKgBf0rMIvhrUaGUhiXzVr9_eQgCbi-j63ZDpfTvLIty9w7s140y-m1yHe7eKmEK7v2NAHUJDVYGdfeiQFeRCqUjdwWmN1MX_AUxxz4IVdJ4WIM0APxit8bjWkXzrnEFGqBvW_1F13H1g\/s1600\/logo-principal5.jpg\" width=\"100%\" height=\"100\" \/><\/a><!--bestpublic-voz04--><!--desk-in-out-voz04--><br \/>\n<!--publicidad-voz05--><a href=\"https:\/\/www.facebook.com\/asociaciontamborileroshellin?locale=es_ES\"><img decoding=\"async\" class=\"alignnone size-medium\" src=\"https:\/\/blogger.googleusercontent.com\/img\/b\/R29vZ2xl\/AVvXsEhHEEpZsKK1VpwiYMrS7aE2ujtqIDZoLd4B5wtbiseSU9s2HdTdQfhF84So2XwEB1fv0BLw95GADm6hUl1bkKtzh-eIgVigXONuu_5RxeIMPhjk8q6uNX4EaEHbooKkbu7pCADWPpVJjhKIH5NQSJpWqedC-YBez4QAQeJYokkLot9bhrIaUAeztsGis6M\/s1600\/logo-principal3.jpg\" width=\"100%\" height=\"100\" \/><\/a><!--bestpublic-voz05--><!--desk-in-out-voz05--><br \/>\n<!--publicidad-voz06--><!--bestpublic-voz06--><!--desk-in-out-voz06--><br \/>\n<!--publicidad-voz07--><!--bestpublic-voz07--><!--desk-in-out-voz07--><br \/>\n<!--publicidad-voz08--><!--bestpublic-voz08--><!--desk-in-out-voz08--><br \/>\n<!--publicidad-voz09--><!--bestpublic-voz09--><!--desk-in-out-voz09--><br \/>\n<!--publicidad-voz10--><!--bestpublic-voz10--><!--desk-in-out-voz10--><br \/>\n<!--publicidad-voz11--><!--bestpublic-voz11--><!--desk-in-out-voz11--><br \/>\n<!--publicidad-voz12--><!--bestpublic-voz12--><!--desk-in-out-voz12--><br \/>\n<!--publicidad-voz13--><!--bestpublic-voz13--><!--desk-in-out-voz13--><br \/>\n<!--publicidad-voz14--><!--bestpublic-voz14--><!--desk-in-out-voz14--><br \/>\n<!--publicidad-voz15--><!--bestpublic-voz15--><!--desk-in-out-voz15--><br \/>\n<!--publicidad-voz16--><!--bestpublic-voz16--><!--desk-in-out-voz16--><\/p>\n","protected":false},"excerpt":{"rendered":"<p>La Comisi\u00f3n Especial de Semana Santa, formada por los grupos pol\u00edticos con representaci\u00f3n en el ayuntamiento, y numerosos miembros de las asociaciones de Semana Santa, ha dispuesto las siguientes recomendaciones&#8230;<\/p>\n","protected":false},"author":2,"featured_media":149448,"comment_status":"closed","ping_status":"closed","sticky":false,"template":"","format":"standard","meta":{"footnotes":""},"categories":[753,718,715,716,717],"tags":[],"class_list":["post-149447","post","type-post","status-publish","format-standard","has-post-thumbnail","hentry","category-blog-lv034","category-blogger","category-la-voz-de-hellin","category-la-voz-de-hellin-la-voz-de-hellin","category-noticias"],"_links":{"self":[{"href":"https:\/\/lavozdehellin.com\/noticias\/wp-json\/wp\/v2\/posts\/149447","targetHints":{"allow":["GET"]}}],"collection":[{"href":"https:\/\/lavozdehellin.com\/noticias\/wp-json\/wp\/v2\/posts"}],"about":[{"href":"https:\/\/lavozdehellin.com\/noticias\/wp-json\/wp\/v2\/types\/post"}],"author":[{"embeddable":true,"href":"https:\/\/lavozdehellin.com\/noticias\/wp-json\/wp\/v2\/users\/2"}],"replies":[{"embeddable":true,"href":"https:\/\/lavozdehellin.com\/noticias\/wp-json\/wp\/v2\/comments?post=149447"}],"version-history":[{"count":0,"href":"https:\/\/lavozdehellin.com\/noticias\/wp-json\/wp\/v2\/posts\/149447\/revisions"}],"wp:featuredmedia":[{"embeddable":true,"href":"https:\/\/lavozdehellin.com\/noticias\/wp-json\/wp\/v2\/media\/149448"}],"wp:attachment":[{"href":"https:\/\/lavozdehellin.com\/noticias\/wp-json\/wp\/v2\/media?parent=149447"}],"wp:term":[{"taxonomy":"category","embeddable":true,"href":"https:\/\/lavozdehellin.com\/noticias\/wp-json\/wp\/v2\/categories?post=149447"},{"taxonomy":"post_tag","embeddable":true,"href":"https:\/\/lavozdehellin.com\/noticias\/wp-json\/wp\/v2\/tags?post=149447"}],"curies":[{"name":"wp","href":"https:\/\/api.w.org\/{rel}","templated":true}]}}