{"id":149450,"date":"2024-03-22T15:14:38","date_gmt":"2024-03-22T14:14:38","guid":{"rendered":"https:\/\/lavozdehellin.com\/noticias\/?p=149450"},"modified":"2024-04-08T07:18:31","modified_gmt":"2024-04-08T06:18:31","slug":"v08-432-la-jefatura-de-policia-local-de-hellin-ha-preparado-el-operativo-especial-para-semana-santa-de-2024","status":"publish","type":"post","link":"https:\/\/lavozdehellin.com\/noticias\/v08-432-la-jefatura-de-policia-local-de-hellin-ha-preparado-el-operativo-especial-para-semana-santa-de-2024\/","title":{"rendered":"LVH NOTICIAS | LA JEFATURA DE POLIC\u00cdA LOCAL DE HELL\u00cdN HA PREPARADO EL OPERATIVO ESPECIAL PARA SEMANA SANTA DE 2024"},"content":{"rendered":"<p style=\"text-align: justify;\">La habitual reuni\u00f3n con Polic\u00eda Nacional, Guardia Civil, Cruz Roja y Protecci\u00f3n Civil activa los operativos extraordinarios que se mantendr\u00e1n hasta el Domingo de Resurrecci\u00f3n<\/p>\n<p><!--more--><br \/>\n<!--publicidad-voz01--><a href=\"https:\/\/www.facebook.com\/SoloRadioHellin\/?locale=es_ES\"><img decoding=\"async\" class=\"alignnone size-medium\" src=\"https:\/\/blogger.googleusercontent.com\/img\/b\/R29vZ2xl\/AVvXsEiNncirNnyGedv00mhjZjh5Wl4_YPdJGanoAl8tL8zH-HwqE8uHqjEfSt340RHdx-9tuCSIkZ8rFamZiGyYlgDGxCsmXjCH_1xk5eYM3ntFZRvJP_jndOKR7w1UAo9Tu0vrZyOLfqRpHIxYI5SymJJ-pfGCQw6QVpggBH-UgfjiFQ2JOxqxG0Jx94kW83c\/s1600\/logo-principal.jpg\" width=\"100%\" height=\"100\" \/><\/a><!--bestpublic-voz01--><!--desk-in-out-voz01--><br \/>\n<!--publicidad-voz02--><a href=\"https:\/\/www.hellincf.com\/\"><img decoding=\"async\" class=\"alignnone size-medium\" src=\"https:\/\/blogger.googleusercontent.com\/img\/b\/R29vZ2xl\/AVvXsEhuZ4-XfBVj3UtdP8-RZugy3WVrg-Zv28c53m4oV47qYCxL1rX_dqWX_YddsGSnpH5SRDqZ7bZeKPIfDVCDncpjVlhy3aQs2vojcJBn7Gdv9hC2_Nzct_pRFrnFE1a7KTCdY1bT_kAgnY3-iadRZrGeJf1fR2P5fu11bokx0pWjaypoy-ctwCjklldpEbA\/s1600\/logo-principal7.jpg\" width=\"100%\" height=\"100\" \/><\/a><!--bestpublic-voz02--><!--desk-in-out-voz02--><\/p>\n<p style=\"text-align: justify;\">La Concejal\u00eda de Interior -Alcalde Manuel Serena- y la Jefatura de la Polic\u00eda Local \u2013 Francisco Jos\u00e9 Paterna &#8211; han informado de que, con motivo del paso de las procesiones y tamboradas de Semana Santa, se ha preparado el operativo espec\u00edfico para cada una de ellas, a fin de garantizar la seguridad de los participantes y del p\u00fablico, y conseguir que la fluidez del tr\u00e1fico se vea lo menos afectada posible.<\/p>\n<p style=\"text-align: justify;\">Desde el Consistorio se ha recordado que la finalidad de este plan es \u201cevitar que haya problemas de tr\u00e1fico y asegurar una convivencia ciudadana pac\u00edfica durante unas fechas de aglomeraciones en las calles, adem\u00e1s atendiendo a dos circunstancias como que seguimos en Nivel 4 de alerta antiterrorista y con restricciones de circulaci\u00f3n y que aunque no est\u00e9n muy presentes entre la ciudadan\u00eda, s\u00ed que se tiene en cuenta a la hora de planificar los dispositivos de seguridad\u201d.<\/p>\n<p style=\"text-align: justify;\">Por su parte, el jefe de Polic\u00eda Local, Francisco Jos\u00e9 Paterna, ha afirmado que se mantendr\u00e1 en l\u00edneas generales el operativo de a\u00f1os anteriores, pero con la aplicaci\u00f3n de ciertas mejoras como geolocalizadores, c\u00e1maras de vigilancia,\u2026, ya que \u201clas cuestiones importantes ya sabemos c\u00f3mo tienen que estar enfocadas, pero limaremos detalles que marcar\u00e1n la diferencia para tener una Semana Santa impresionante, recordando que ya es de por s\u00ed de Inter\u00e9s Tur\u00edstico Internacional\u201d.<\/p>\n<p style=\"text-align: justify;\">Paterna ha explicado que se ha planificado hasta el \u00faltimo detalle previo de todos los actos y procesiones. \u201cEn todas las procesiones y tamboradas hay un plan de emergencia para que los eventos se desarrollen con normalidad\u201d, quien ha agradecido a su vez \u201cel trabajo que involucra estos d\u00edas a todos los mandos y agentes en la plantilla, a los operarios municipales que est\u00e1n al pie del ca\u00f1\u00f3n colocando vallas, se\u00f1ales y carteler\u00eda, y a los miembros de Protecci\u00f3n Civil y Cruz Roja, porque todos contribuimos a que el evento se desarrolle con seguridad\u201d.<\/p>\n<p style=\"text-align: justify;\">Adem\u00e1s, alcalde y jefe de Polic\u00eda Local han confirmado que se pondr\u00e1 en marcha el CECOPAL -Centro de Coordinaci\u00f3n Operativa de Emergencias-, en donde los distintos cuerpos de seguridad y Protecci\u00f3n Civil estar\u00e1n juntos en una sala coordinados y que estar\u00e1 ubicado en el MUSS, junto a la Iglesia de la Asunci\u00f3n -mi\u00e9rcoles santo tarde, viernes santo y domingo de resurrecci\u00f3n por la ma\u00f1ana-. El CECOPAL mantendr\u00e1 una toma de decisiones y seguimiento de la situaci\u00f3n de emergencia que pudiera ocurrir, el centro de coordinaci\u00f3n de actuaciones de control, prevenci\u00f3n y organizaci\u00f3n que contempla el Plan de Emergencias Municipal -PLATEMUN- que se activa desde el viernes de Dolores hasta domingo de Resurrecci\u00f3n.<\/p>\n<p><!--publicidad-voz03--><a href=\"https:\/\/www.facebook.com\/profile.php?id=100063593791305&amp;locale=es_ES\"><img decoding=\"async\" class=\"alignnone size-medium\" src=\"https:\/\/blogger.googleusercontent.com\/img\/b\/R29vZ2xl\/AVvXsEi8_n_ll8UOcGxCqzFvb_9Io4ICczlGC990BPtPj2w9Px-u7B3oqWUW5vtjZUqPNJ-nyjiUIorE0ATsib_l5tV8BVN-UJ03RTnU__IHJF_4DgDBtY4LIqXNG-FomrO-7ywes20CBCRM2Hcm7EJSh3UUw1dO-c_uTflUrtgY1i7uBRezj_DpympmEFkfbQY\/s1600\/logo-principal2.jpg\" width=\"100%\" height=\"100\" \/><\/a><!--bestpublic-voz03--><!--desk-in-out-voz03--><br \/>\n<!--publicidad-voz04--><a href=\"https:\/\/www.facebook.com\/profile.php?id=61557370768692&amp;locale=es_ES\"><img decoding=\"async\" class=\"alignnone size-medium\" src=\"https:\/\/blogger.googleusercontent.com\/img\/b\/R29vZ2xl\/AVvXsEgy5RdcfffrnrItnYTcV9bCJjgJwldsQLWssfVfrLbyfXeBNTFKgBf0rMIvhrUaGUhiXzVr9_eQgCbi-j63ZDpfTvLIty9w7s140y-m1yHe7eKmEK7v2NAHUJDVYGdfeiQFeRCqUjdwWmN1MX_AUxxz4IVdJ4WIM0APxit8bjWkXzrnEFGqBvW_1F13H1g\/s1600\/logo-principal5.jpg\" width=\"100%\" height=\"100\" \/><\/a><!--bestpublic-voz04--><!--desk-in-out-voz04--><br \/>\n<!--publicidad-voz05--><a href=\"https:\/\/www.facebook.com\/asociaciontamborileroshellin?locale=es_ES\"><img decoding=\"async\" class=\"alignnone size-medium\" src=\"https:\/\/blogger.googleusercontent.com\/img\/b\/R29vZ2xl\/AVvXsEhHEEpZsKK1VpwiYMrS7aE2ujtqIDZoLd4B5wtbiseSU9s2HdTdQfhF84So2XwEB1fv0BLw95GADm6hUl1bkKtzh-eIgVigXONuu_5RxeIMPhjk8q6uNX4EaEHbooKkbu7pCADWPpVJjhKIH5NQSJpWqedC-YBez4QAQeJYokkLot9bhrIaUAeztsGis6M\/s1600\/logo-principal3.jpg\" width=\"100%\" height=\"100\" \/><\/a><!--bestpublic-voz05--><!--desk-in-out-voz05--><br \/>\n<!--publicidad-voz06--><!--bestpublic-voz06--><!--desk-in-out-voz06--><br \/>\n<!--publicidad-voz07--><!--bestpublic-voz07--><!--desk-in-out-voz07--><br \/>\n<!--publicidad-voz08--><!--bestpublic-voz08--><!--desk-in-out-voz08--><br \/>\n<!--publicidad-voz09--><!--bestpublic-voz09--><!--desk-in-out-voz09--><br \/>\n<!--publicidad-voz10--><!--bestpublic-voz10--><!--desk-in-out-voz10--><br \/>\n<!--publicidad-voz11--><!--bestpublic-voz11--><!--desk-in-out-voz11--><br \/>\n<!--publicidad-voz12--><!--bestpublic-voz12--><!--desk-in-out-voz12--><br \/>\n<!--publicidad-voz13--><!--bestpublic-voz13--><!--desk-in-out-voz13--><br \/>\n<!--publicidad-voz14--><!--bestpublic-voz14--><!--desk-in-out-voz14--><br \/>\n<!--publicidad-voz15--><!--bestpublic-voz15--><!--desk-in-out-voz15--><br \/>\n<!--publicidad-voz16--><!--bestpublic-voz16--><!--desk-in-out-voz16--><\/p>\n","protected":false},"excerpt":{"rendered":"<p>La habitual reuni\u00f3n con Polic\u00eda Nacional, Guardia Civil, Cruz Roja y Protecci\u00f3n Civil activa los operativos extraordinarios que se mantendr\u00e1n hasta el Domingo de Resurrecci\u00f3n<\/p>\n","protected":false},"author":2,"featured_media":149451,"comment_status":"closed","ping_status":"closed","sticky":false,"template":"","format":"standard","meta":{"footnotes":""},"categories":[753,718,715,716,717],"tags":[],"class_list":["post-149450","post","type-post","status-publish","format-standard","has-post-thumbnail","hentry","category-blog-lv034","category-blogger","category-la-voz-de-hellin","category-la-voz-de-hellin-la-voz-de-hellin","category-noticias"],"_links":{"self":[{"href":"https:\/\/lavozdehellin.com\/noticias\/wp-json\/wp\/v2\/posts\/149450","targetHints":{"allow":["GET"]}}],"collection":[{"href":"https:\/\/lavozdehellin.com\/noticias\/wp-json\/wp\/v2\/posts"}],"about":[{"href":"https:\/\/lavozdehellin.com\/noticias\/wp-json\/wp\/v2\/types\/post"}],"author":[{"embeddable":true,"href":"https:\/\/lavozdehellin.com\/noticias\/wp-json\/wp\/v2\/users\/2"}],"replies":[{"embeddable":true,"href":"https:\/\/lavozdehellin.com\/noticias\/wp-json\/wp\/v2\/comments?post=149450"}],"version-history":[{"count":0,"href":"https:\/\/lavozdehellin.com\/noticias\/wp-json\/wp\/v2\/posts\/149450\/revisions"}],"wp:featuredmedia":[{"embeddable":true,"href":"https:\/\/lavozdehellin.com\/noticias\/wp-json\/wp\/v2\/media\/149451"}],"wp:attachment":[{"href":"https:\/\/lavozdehellin.com\/noticias\/wp-json\/wp\/v2\/media?parent=149450"}],"wp:term":[{"taxonomy":"category","embeddable":true,"href":"https:\/\/lavozdehellin.com\/noticias\/wp-json\/wp\/v2\/categories?post=149450"},{"taxonomy":"post_tag","embeddable":true,"href":"https:\/\/lavozdehellin.com\/noticias\/wp-json\/wp\/v2\/tags?post=149450"}],"curies":[{"name":"wp","href":"https:\/\/api.w.org\/{rel}","templated":true}]}}