{"id":149456,"date":"2024-04-02T23:30:32","date_gmt":"2024-04-02T22:30:32","guid":{"rendered":"https:\/\/lavozdehellin.com\/noticias\/?p=149456"},"modified":"2024-04-08T07:18:31","modified_gmt":"2024-04-08T06:18:31","slug":"v08-434-manifiesto-por-el-dia-mundial-de-concienciacion-sobre-el-autismo-2024","status":"publish","type":"post","link":"https:\/\/lavozdehellin.com\/noticias\/v08-434-manifiesto-por-el-dia-mundial-de-concienciacion-sobre-el-autismo-2024\/","title":{"rendered":"LVH NOTICIAS | MANIFIESTO POR EL D\u00cdA MUNDIAL DE CONCIENCIACI\u00d3N SOBRE EL AUTISMO 2024"},"content":{"rendered":"<p style=\"text-align: justify;\">Autismo, cerca de ti.<\/p>\n<p><!--more--><br \/>\n<!--publicidad-voz01--><a href=\"https:\/\/www.facebook.com\/SoloRadioHellin\/?locale=es_ES\"><img decoding=\"async\" class=\"alignnone size-medium\" src=\"https:\/\/blogger.googleusercontent.com\/img\/b\/R29vZ2xl\/AVvXsEiNncirNnyGedv00mhjZjh5Wl4_YPdJGanoAl8tL8zH-HwqE8uHqjEfSt340RHdx-9tuCSIkZ8rFamZiGyYlgDGxCsmXjCH_1xk5eYM3ntFZRvJP_jndOKR7w1UAo9Tu0vrZyOLfqRpHIxYI5SymJJ-pfGCQw6QVpggBH-UgfjiFQ2JOxqxG0Jx94kW83c\/s1600\/logo-principal.jpg\" width=\"100%\" height=\"100\" \/><\/a><!--bestpublic-voz01--><!--desk-in-out-voz01--><br \/>\n<!--publicidad-voz02--><a href=\"https:\/\/www.hellincf.com\/\"><img decoding=\"async\" class=\"alignnone size-medium\" src=\"https:\/\/blogger.googleusercontent.com\/img\/b\/R29vZ2xl\/AVvXsEhuZ4-XfBVj3UtdP8-RZugy3WVrg-Zv28c53m4oV47qYCxL1rX_dqWX_YddsGSnpH5SRDqZ7bZeKPIfDVCDncpjVlhy3aQs2vojcJBn7Gdv9hC2_Nzct_pRFrnFE1a7KTCdY1bT_kAgnY3-iadRZrGeJf1fR2P5fu11bokx0pWjaypoy-ctwCjklldpEbA\/s1600\/logo-principal7.jpg\" width=\"100%\" height=\"100\" \/><\/a><!--bestpublic-voz02--><!--desk-in-out-voz02--><\/p>\n<p style=\"text-align: justify;\">Hay muchas cosas cerca de nosotros que no siempre vemos o que, quiz\u00e1, no queremos ver. El autismo es una de ellas. Por eso, en este D\u00eda Mundial de Concienciaci\u00f3n sobre el Autismo 2024, nos unimos para reconocer y celebrar la proximidad del autismo en<br \/>\nnuestras vidas.<\/p>\n<p style=\"text-align: justify;\">El autismo est\u00e1 m\u00e1s cerca de lo que imaginamos.<\/p>\n<p style=\"text-align: justify;\">Est\u00e1 presente en nuestros hogares, escuelas, lugares de trabajo y comunidades. Es una parte inseparable de la diversidad humana y, por ello, resulta fundamental que toda la ciudadan\u00eda reconozca su presencia cotidiana.<\/p>\n<p style=\"text-align: justify;\">Cada persona autista puede ser un vecino, un amigo, un familiar o compa\u00f1ero de colegio de nuestros hijos. Sus experiencias, talentos y capacidades enriquecen nuestras vidas de innumerables maneras. Sin embargo, tambi\u00e9n enfrentan desaf\u00edos \u00fanicos, debido a las barreras sociales, econ\u00f3micas y culturales que, a menudo, tienen que superar.<\/p>\n<p style=\"text-align: justify;\">Por ello, queremos hacer un llamamiento a un compromiso colectivo que celebre la diversidad y contribuya a promover la inclusi\u00f3n real de todas las personas en nuestra sociedad. Porque el autismo es una parte natural y valiosa de la diversidad humana y est\u00e1 presente, de una forma u otra, en la vida de todas las personas.<\/p>\n<p style=\"text-align: justify;\">En nuestro pa\u00eds, esta condici\u00f3n tiene una prevalencia aproximada de 1 de cada 100 nacimientos, lo que significa que hay unas 470.000 personas autistas viviendo en Espa\u00f1a. Interactuamos con ellas en nuestros lugares de trabajo, en los centros educativos a los que acuden nuestros hijos e hijas, en las calles de nuestro barrio o en cualquier lugar que frecuentamos en nuestro d\u00eda a d\u00eda.<\/p>\n<p style=\"text-align: justify;\">El autismo se manifiesta de manera diferente en cada persona que lo presenta y no siempre es f\u00e1cilmente identificable a simple vista. Por ello, podemos tener cerca a alguien que est\u00e1 en el espectro del autismo y no saberlo: un familiar, un amigo, un compa\u00f1ero de clase de nuestro hijo o hija, una persona de nuestro entorno de trabajo&#8230;<\/p>\n<p style=\"text-align: justify;\">Es crucial desterrar los estigmas y prejuicios asociados con el autismo y reconocer su presencia cotidiana en nuestras vidas. Porque no se trata de una condici\u00f3n extra\u00f1a que deba ser ocultada o marginada, sino de una variaci\u00f3n natural en la forma en que las personas experimentan el mundo y se relacionan con \u00e9l.<\/p>\n<p style=\"text-align: justify;\">Al reconocer que el autismo est\u00e1 cerca de nosotros, podemos contribuir a construir un mundo donde cada individuo sea valorado y respetado por lo que es. Una sociedad m\u00e1s inclusiva y comprensiva, enriquecida por las distintas alternativas de verla y experimentarla. Porque cada persona autista es \u00fanica, con sus propias fortalezas, desaf\u00edos y experiencias.<\/p>\n<p style=\"text-align: justify;\">Nos comprometemos a escucharlas, tanto a ellas como a sus familias, para entender mejor sus necesidades y aspiraciones; a fomentar la aceptaci\u00f3n y el respeto hacia todas<br \/>\nlas personas autistas, valorando sus contribuciones \u00fanicas y reconociendo sus derechos para que puedan disfrutar de una vida plena; a reconocer sus diferentes necesidades y capacidades, para brindarles el apoyo y la comprensi\u00f3n necesarios para que alcancen su m\u00e1ximo potencial, rechazando cualquier forma de discriminaci\u00f3n, estigmatizaci\u00f3n o\u00a0exclusi\u00f3n que impida que puedan vivir con dignidad, respeto y aceptaci\u00f3n.<\/p>\n<p style=\"text-align: justify;\">Por todo ello, instamos a los gobiernos y autoridades europeas, nacionales, auton\u00f3micas y locales a que adopten medidas concretas que garanticen a las personas autistas el acceso equitativo a los servicios y recursos especializados que necesitan, as\u00ed como su participaci\u00f3n social en igualdad de condiciones en entornos inclusivos.<\/p>\n<p style=\"text-align: justify;\">Ponemos el foco en \u00e1reas clave como el diagn\u00f3stico y la atenci\u00f3n temprana, la educaci\u00f3n, donde instamos a tomar medidas urgentes para acabar con la lacra del acoso escolar que llega a afectar hasta el 80% del alumnado con autismo, la vida independiente, o el empleo donde cerca del 90% de personas con autismo est\u00e1n en situaci\u00f3n de desempleo.<\/p>\n<p style=\"text-align: justify;\">Los poderes p\u00fablicos deben asumir su responsabilidad y promover pol\u00edticas p\u00fablicas que no dejen de lado a una parte de la sociedad, materializando los compromisos adquiridos en medidas tangibles en la vida de las personas con autismo. Solo as\u00ed podremos construir un mundo donde todas las personas podamos vivir con dignidad, libertad, igualdad y respeto.<\/p>\n<p style=\"text-align: justify;\">Hoy es un d\u00eda para que todos y todas tendamos la mano y nos comprometamos a trabajar junto a las personas autistas para construir un mundo m\u00e1s inclusivo, equitativo y participativo. Porque juntos podemos crear un futuro donde la diversidad sea celebrada, la inclusi\u00f3n sea la norma y cada persona, independientemente de su condici\u00f3n, pueda prosperar y ser valorada.<\/p>\n<p style=\"text-align: justify;\">En este D\u00eda Mundial de Concienciaci\u00f3n sobre el Autismo 2024, elevamos nuestras voces como muestra de solidaridad y compromiso con las personas con autismo y sus familias. Porque, todos los d\u00edas, el autismo est\u00e1 cerca de ti.<\/p>\n<p><!--publicidad-voz03--><a href=\"https:\/\/www.facebook.com\/profile.php?id=100063593791305&amp;locale=es_ES\"><img decoding=\"async\" class=\"alignnone size-medium\" src=\"https:\/\/blogger.googleusercontent.com\/img\/b\/R29vZ2xl\/AVvXsEi8_n_ll8UOcGxCqzFvb_9Io4ICczlGC990BPtPj2w9Px-u7B3oqWUW5vtjZUqPNJ-nyjiUIorE0ATsib_l5tV8BVN-UJ03RTnU__IHJF_4DgDBtY4LIqXNG-FomrO-7ywes20CBCRM2Hcm7EJSh3UUw1dO-c_uTflUrtgY1i7uBRezj_DpympmEFkfbQY\/s1600\/logo-principal2.jpg\" width=\"100%\" height=\"100\" \/><\/a><!--bestpublic-voz03--><!--desk-in-out-voz03--><br \/>\n<!--publicidad-voz04--><a href=\"https:\/\/www.facebook.com\/profile.php?id=61557370768692&amp;locale=es_ES\"><img decoding=\"async\" class=\"alignnone size-medium\" src=\"https:\/\/blogger.googleusercontent.com\/img\/b\/R29vZ2xl\/AVvXsEgy5RdcfffrnrItnYTcV9bCJjgJwldsQLWssfVfrLbyfXeBNTFKgBf0rMIvhrUaGUhiXzVr9_eQgCbi-j63ZDpfTvLIty9w7s140y-m1yHe7eKmEK7v2NAHUJDVYGdfeiQFeRCqUjdwWmN1MX_AUxxz4IVdJ4WIM0APxit8bjWkXzrnEFGqBvW_1F13H1g\/s1600\/logo-principal5.jpg\" width=\"100%\" height=\"100\" \/><\/a><!--bestpublic-voz04--><!--desk-in-out-voz04--><br \/>\n<!--publicidad-voz05--><a href=\"https:\/\/www.facebook.com\/asociaciontamborileroshellin?locale=es_ES\"><img decoding=\"async\" class=\"alignnone size-medium\" src=\"https:\/\/blogger.googleusercontent.com\/img\/b\/R29vZ2xl\/AVvXsEhHEEpZsKK1VpwiYMrS7aE2ujtqIDZoLd4B5wtbiseSU9s2HdTdQfhF84So2XwEB1fv0BLw95GADm6hUl1bkKtzh-eIgVigXONuu_5RxeIMPhjk8q6uNX4EaEHbooKkbu7pCADWPpVJjhKIH5NQSJpWqedC-YBez4QAQeJYokkLot9bhrIaUAeztsGis6M\/s1600\/logo-principal3.jpg\" width=\"100%\" height=\"100\" \/><\/a><!--bestpublic-voz05--><!--desk-in-out-voz05--><br \/>\n<!--publicidad-voz06--><!--bestpublic-voz06--><!--desk-in-out-voz06--><br \/>\n<!--publicidad-voz07--><!--bestpublic-voz07--><!--desk-in-out-voz07--><br \/>\n<!--publicidad-voz08--><!--bestpublic-voz08--><!--desk-in-out-voz08--><br \/>\n<!--publicidad-voz09--><!--bestpublic-voz09--><!--desk-in-out-voz09--><br \/>\n<!--publicidad-voz10--><!--bestpublic-voz10--><!--desk-in-out-voz10--><br \/>\n<!--publicidad-voz11--><!--bestpublic-voz11--><!--desk-in-out-voz11--><br \/>\n<!--publicidad-voz12--><!--bestpublic-voz12--><!--desk-in-out-voz12--><br \/>\n<!--publicidad-voz13--><!--bestpublic-voz13--><!--desk-in-out-voz13--><br \/>\n<!--publicidad-voz14--><!--bestpublic-voz14--><!--desk-in-out-voz14--><br \/>\n<!--publicidad-voz15--><!--bestpublic-voz15--><!--desk-in-out-voz15--><br \/>\n<!--publicidad-voz16--><!--bestpublic-voz16--><!--desk-in-out-voz16--><\/p>\n","protected":false},"excerpt":{"rendered":"<p>Autismo, cerca de ti.<\/p>\n","protected":false},"author":2,"featured_media":149457,"comment_status":"closed","ping_status":"closed","sticky":false,"template":"","format":"standard","meta":{"footnotes":""},"categories":[753,718,715,716,717],"tags":[],"class_list":["post-149456","post","type-post","status-publish","format-standard","has-post-thumbnail","hentry","category-blog-lv034","category-blogger","category-la-voz-de-hellin","category-la-voz-de-hellin-la-voz-de-hellin","category-noticias"],"_links":{"self":[{"href":"https:\/\/lavozdehellin.com\/noticias\/wp-json\/wp\/v2\/posts\/149456","targetHints":{"allow":["GET"]}}],"collection":[{"href":"https:\/\/lavozdehellin.com\/noticias\/wp-json\/wp\/v2\/posts"}],"about":[{"href":"https:\/\/lavozdehellin.com\/noticias\/wp-json\/wp\/v2\/types\/post"}],"author":[{"embeddable":true,"href":"https:\/\/lavozdehellin.com\/noticias\/wp-json\/wp\/v2\/users\/2"}],"replies":[{"embeddable":true,"href":"https:\/\/lavozdehellin.com\/noticias\/wp-json\/wp\/v2\/comments?post=149456"}],"version-history":[{"count":0,"href":"https:\/\/lavozdehellin.com\/noticias\/wp-json\/wp\/v2\/posts\/149456\/revisions"}],"wp:featuredmedia":[{"embeddable":true,"href":"https:\/\/lavozdehellin.com\/noticias\/wp-json\/wp\/v2\/media\/149457"}],"wp:attachment":[{"href":"https:\/\/lavozdehellin.com\/noticias\/wp-json\/wp\/v2\/media?parent=149456"}],"wp:term":[{"taxonomy":"category","embeddable":true,"href":"https:\/\/lavozdehellin.com\/noticias\/wp-json\/wp\/v2\/categories?post=149456"},{"taxonomy":"post_tag","embeddable":true,"href":"https:\/\/lavozdehellin.com\/noticias\/wp-json\/wp\/v2\/tags?post=149456"}],"curies":[{"name":"wp","href":"https:\/\/api.w.org\/{rel}","templated":true}]}}