{"id":149459,"date":"2024-04-04T10:15:42","date_gmt":"2024-04-04T09:15:42","guid":{"rendered":"https:\/\/lavozdehellin.com\/noticias\/?p=149459"},"modified":"2024-04-08T07:18:31","modified_gmt":"2024-04-08T06:18:31","slug":"v08-435-el-ayuntamiento-de-hellin-se-manifiesta-a-favor-de-los-trabajadores-de-correos-de-la-localidad","status":"publish","type":"post","link":"https:\/\/lavozdehellin.com\/noticias\/v08-435-el-ayuntamiento-de-hellin-se-manifiesta-a-favor-de-los-trabajadores-de-correos-de-la-localidad\/","title":{"rendered":"LVH NOTICIAS | EL AYUNTAMIENTO DE HELL\u00cdN SE MANIFIESTA A FAVOR DE LOS TRABAJADORES DE CORREOS DE LA LOCALIDAD"},"content":{"rendered":"<p style=\"text-align: justify;\">Los tres grupos pol\u00edticos del Ayuntamiento de Hell\u00edn se unieron para solicitar medidas para garantizar la prestaci\u00f3n de los servicios postales y su permanencia en el municipio.<\/p>\n<p><!--more--><br \/>\n<!--publicidad-voz01--><a href=\"https:\/\/www.facebook.com\/SoloRadioHellin\/?locale=es_ES\"><img decoding=\"async\" class=\"alignnone size-medium\" src=\"https:\/\/blogger.googleusercontent.com\/img\/b\/R29vZ2xl\/AVvXsEiNncirNnyGedv00mhjZjh5Wl4_YPdJGanoAl8tL8zH-HwqE8uHqjEfSt340RHdx-9tuCSIkZ8rFamZiGyYlgDGxCsmXjCH_1xk5eYM3ntFZRvJP_jndOKR7w1UAo9Tu0vrZyOLfqRpHIxYI5SymJJ-pfGCQw6QVpggBH-UgfjiFQ2JOxqxG0Jx94kW83c\/s1600\/logo-principal.jpg\" width=\"100%\" height=\"100\" \/><\/a><!--bestpublic-voz01--><!--desk-in-out-voz01--><br \/>\n<!--publicidad-voz02--><a href=\"https:\/\/www.hellincf.com\/\"><img decoding=\"async\" class=\"alignnone size-medium\" src=\"https:\/\/blogger.googleusercontent.com\/img\/b\/R29vZ2xl\/AVvXsEhuZ4-XfBVj3UtdP8-RZugy3WVrg-Zv28c53m4oV47qYCxL1rX_dqWX_YddsGSnpH5SRDqZ7bZeKPIfDVCDncpjVlhy3aQs2vojcJBn7Gdv9hC2_Nzct_pRFrnFE1a7KTCdY1bT_kAgnY3-iadRZrGeJf1fR2P5fu11bokx0pWjaypoy-ctwCjklldpEbA\/s1600\/logo-principal7.jpg\" width=\"100%\" height=\"100\" \/><\/a><!--bestpublic-voz02--><!--desk-in-out-voz02--><\/p>\n<p style=\"text-align: justify;\">El Ayuntamiento de Hell\u00edn (Albacete) celebr\u00f3 el pleno ordinario correspondiente al mes de marzo en el que los tres grupos pol\u00edticos con representaci\u00f3n municipal se unieron para presentar una declaraci\u00f3n institucional \u201cen defensa del servicio p\u00fablico de Correos\u201d. A trav\u00e9s de esta declaraci\u00f3n, el Consistorio Municipal requer\u00eda a la empresa Correos y Tel\u00e9grafos, perteneciente a la Sociedad Estatal de Participaciones Industriales (SEPI), al Ministerio de Hacienda, al Ministerio de Transportes, Movilidad y Agenda Urbana y al Gobierno de la Naci\u00f3n; que adopten las siguientes medidas, para garantizar la prestaci\u00f3n de los servicios postales y su permanencia en este Municipio:<\/p>\n<p style=\"text-align: justify;\">1.- Afrontar diligentemente la cobertura de los puestos estructurales suprimidos en la Unidad de Reparto de Hell\u00edn necesarios para ofrecer un servicio de calidad a la ciudadan\u00eda.<\/p>\n<p style=\"text-align: justify;\">2.- Mantener la calidad de las condiciones laborales, garantizando una plantilla con suficientes trabajadores que permita las correspondientes sustituciones por enfermedad, permisos o vacaciones.<\/p>\n<p style=\"text-align: justify;\">3.- Garantizar los compromisos de financiaci\u00f3n que permitan en nuestra localidad, cumpliendo los par\u00e1metros de calidad determinados por Ley, el correcto desempe\u00f1o de la prestaci\u00f3n de los servicios postales, y asegurando que todos los ciudadanos\/as reciban el reparto de correspondencia 5 d\u00edas a la semana como mandata la Directiva Postal europea.<\/p>\n<p style=\"text-align: justify;\">Tambi\u00e9n se dio lectura a otras dos declaraciones, apoyando el manifiesto del D\u00eda Mundial de concienciaci\u00f3n sobre el Autismo, para derribar estigmas y comprender el autismo y valorar a las personas autistas y, en apoyo a los funcionarios de prisiones., para que los poderes p\u00fablicos estatales brinden el respaldo necesario a los funcionarios y trabajadores de prisiones, residiendo muchos de ellos en la ciudad de Hell\u00edn.<\/p>\n<p><!--publicidad-voz03--><a href=\"https:\/\/www.facebook.com\/profile.php?id=100063593791305&amp;locale=es_ES\"><img decoding=\"async\" class=\"alignnone size-medium\" src=\"https:\/\/blogger.googleusercontent.com\/img\/b\/R29vZ2xl\/AVvXsEi8_n_ll8UOcGxCqzFvb_9Io4ICczlGC990BPtPj2w9Px-u7B3oqWUW5vtjZUqPNJ-nyjiUIorE0ATsib_l5tV8BVN-UJ03RTnU__IHJF_4DgDBtY4LIqXNG-FomrO-7ywes20CBCRM2Hcm7EJSh3UUw1dO-c_uTflUrtgY1i7uBRezj_DpympmEFkfbQY\/s1600\/logo-principal2.jpg\" width=\"100%\" height=\"100\" \/><\/a><!--bestpublic-voz03--><!--desk-in-out-voz03--><br \/>\n<!--publicidad-voz04--><a href=\"https:\/\/www.facebook.com\/profile.php?id=61557370768692&amp;locale=es_ES\"><img decoding=\"async\" class=\"alignnone size-medium\" src=\"https:\/\/blogger.googleusercontent.com\/img\/b\/R29vZ2xl\/AVvXsEgy5RdcfffrnrItnYTcV9bCJjgJwldsQLWssfVfrLbyfXeBNTFKgBf0rMIvhrUaGUhiXzVr9_eQgCbi-j63ZDpfTvLIty9w7s140y-m1yHe7eKmEK7v2NAHUJDVYGdfeiQFeRCqUjdwWmN1MX_AUxxz4IVdJ4WIM0APxit8bjWkXzrnEFGqBvW_1F13H1g\/s1600\/logo-principal5.jpg\" width=\"100%\" height=\"100\" \/><\/a><!--bestpublic-voz04--><!--desk-in-out-voz04--><br \/>\n<!--publicidad-voz05--><a href=\"https:\/\/www.facebook.com\/asociaciontamborileroshellin?locale=es_ES\"><img decoding=\"async\" class=\"alignnone size-medium\" src=\"https:\/\/blogger.googleusercontent.com\/img\/b\/R29vZ2xl\/AVvXsEhHEEpZsKK1VpwiYMrS7aE2ujtqIDZoLd4B5wtbiseSU9s2HdTdQfhF84So2XwEB1fv0BLw95GADm6hUl1bkKtzh-eIgVigXONuu_5RxeIMPhjk8q6uNX4EaEHbooKkbu7pCADWPpVJjhKIH5NQSJpWqedC-YBez4QAQeJYokkLot9bhrIaUAeztsGis6M\/s1600\/logo-principal3.jpg\" width=\"100%\" height=\"100\" \/><\/a><!--bestpublic-voz05--><!--desk-in-out-voz05--><br \/>\n<!--publicidad-voz06--><!--bestpublic-voz06--><!--desk-in-out-voz06--><br \/>\n<!--publicidad-voz07--><!--bestpublic-voz07--><!--desk-in-out-voz07--><br \/>\n<!--publicidad-voz08--><!--bestpublic-voz08--><!--desk-in-out-voz08--><br \/>\n<!--publicidad-voz09--><!--bestpublic-voz09--><!--desk-in-out-voz09--><br \/>\n<!--publicidad-voz10--><!--bestpublic-voz10--><!--desk-in-out-voz10--><br \/>\n<!--publicidad-voz11--><!--bestpublic-voz11--><!--desk-in-out-voz11--><br \/>\n<!--publicidad-voz12--><!--bestpublic-voz12--><!--desk-in-out-voz12--><br \/>\n<!--publicidad-voz13--><!--bestpublic-voz13--><!--desk-in-out-voz13--><br \/>\n<!--publicidad-voz14--><!--bestpublic-voz14--><!--desk-in-out-voz14--><br \/>\n<!--publicidad-voz15--><!--bestpublic-voz15--><!--desk-in-out-voz15--><br \/>\n<!--publicidad-voz16--><!--bestpublic-voz16--><!--desk-in-out-voz16--><\/p>\n","protected":false},"excerpt":{"rendered":"<p>Los tres grupos pol\u00edticos del Ayuntamiento de Hell\u00edn se unieron para solicitar medidas para garantizar la prestaci\u00f3n de los servicios postales y su permanencia en el municipio.<\/p>\n","protected":false},"author":2,"featured_media":149460,"comment_status":"closed","ping_status":"closed","sticky":false,"template":"","format":"standard","meta":{"footnotes":""},"categories":[753,718,715,716,717],"tags":[],"class_list":["post-149459","post","type-post","status-publish","format-standard","has-post-thumbnail","hentry","category-blog-lv034","category-blogger","category-la-voz-de-hellin","category-la-voz-de-hellin-la-voz-de-hellin","category-noticias"],"_links":{"self":[{"href":"https:\/\/lavozdehellin.com\/noticias\/wp-json\/wp\/v2\/posts\/149459","targetHints":{"allow":["GET"]}}],"collection":[{"href":"https:\/\/lavozdehellin.com\/noticias\/wp-json\/wp\/v2\/posts"}],"about":[{"href":"https:\/\/lavozdehellin.com\/noticias\/wp-json\/wp\/v2\/types\/post"}],"author":[{"embeddable":true,"href":"https:\/\/lavozdehellin.com\/noticias\/wp-json\/wp\/v2\/users\/2"}],"replies":[{"embeddable":true,"href":"https:\/\/lavozdehellin.com\/noticias\/wp-json\/wp\/v2\/comments?post=149459"}],"version-history":[{"count":0,"href":"https:\/\/lavozdehellin.com\/noticias\/wp-json\/wp\/v2\/posts\/149459\/revisions"}],"wp:featuredmedia":[{"embeddable":true,"href":"https:\/\/lavozdehellin.com\/noticias\/wp-json\/wp\/v2\/media\/149460"}],"wp:attachment":[{"href":"https:\/\/lavozdehellin.com\/noticias\/wp-json\/wp\/v2\/media?parent=149459"}],"wp:term":[{"taxonomy":"category","embeddable":true,"href":"https:\/\/lavozdehellin.com\/noticias\/wp-json\/wp\/v2\/categories?post=149459"},{"taxonomy":"post_tag","embeddable":true,"href":"https:\/\/lavozdehellin.com\/noticias\/wp-json\/wp\/v2\/tags?post=149459"}],"curies":[{"name":"wp","href":"https:\/\/api.w.org\/{rel}","templated":true}]}}