{"id":149492,"date":"2024-03-15T12:08:39","date_gmt":"2024-03-15T11:08:39","guid":{"rendered":"https:\/\/lavozdehellin.com\/noticias\/?p=149492"},"modified":"2024-04-08T10:02:28","modified_gmt":"2024-04-08T09:02:28","slug":"v08-438-santi-cabanero-la-agenda-2030-escolar-es-un-programa-que-educa-en-valores-y-esto-lo-tenemos-que-resaltar","status":"publish","type":"post","link":"https:\/\/lavozdehellin.com\/noticias\/v08-438-santi-cabanero-la-agenda-2030-escolar-es-un-programa-que-educa-en-valores-y-esto-lo-tenemos-que-resaltar\/","title":{"rendered":"LVH NOTICIAS | SANTI CABA\u00d1ERO: \u201cLA \u2018AGENDA 2030 ESCOLAR\u2019 ES UN PROGRAMA QUE EDUCA EN VALORES, Y ESTO LO TENEMOS QUE RESALTAR\u201d"},"content":{"rendered":"<p style=\"text-align: justify;\">La Diputaci\u00f3n de Albacete, con Santi Caba\u00f1ero al frente, ha acogido la entrega de los XII Premios Agenda 2030 Escolar en un Sal\u00f3n de Actos lleno de estudiantes, docentes, padres y madres procedentes de varios puntos de la provincia y, sobre todo, de mucha magia, tanto en el sentido literal (de la mano de \u2018El mago Juanma G\u00aa\u2019), como figurado.<\/p>\n<p><!--more--><br \/>\n<!--publicidad-voz01--><a href=\"https:\/\/www.facebook.com\/SoloRadioHellin\/?locale=es_ES\"><img decoding=\"async\" class=\"alignnone size-medium\" src=\"https:\/\/blogger.googleusercontent.com\/img\/b\/R29vZ2xl\/AVvXsEiNncirNnyGedv00mhjZjh5Wl4_YPdJGanoAl8tL8zH-HwqE8uHqjEfSt340RHdx-9tuCSIkZ8rFamZiGyYlgDGxCsmXjCH_1xk5eYM3ntFZRvJP_jndOKR7w1UAo9Tu0vrZyOLfqRpHIxYI5SymJJ-pfGCQw6QVpggBH-UgfjiFQ2JOxqxG0Jx94kW83c\/s1600\/logo-principal.jpg\" width=\"100%\" height=\"100\" \/><\/a><!--bestpublic-voz01--><!--desk-in-out-voz01--><br \/>\n<!--publicidad-voz02--><a href=\"https:\/\/www.hellincf.com\/\"><img decoding=\"async\" class=\"alignnone size-medium\" src=\"https:\/\/blogger.googleusercontent.com\/img\/b\/R29vZ2xl\/AVvXsEhuZ4-XfBVj3UtdP8-RZugy3WVrg-Zv28c53m4oV47qYCxL1rX_dqWX_YddsGSnpH5SRDqZ7bZeKPIfDVCDncpjVlhy3aQs2vojcJBn7Gdv9hC2_Nzct_pRFrnFE1a7KTCdY1bT_kAgnY3-iadRZrGeJf1fR2P5fu11bokx0pWjaypoy-ctwCjklldpEbA\/s1600\/logo-principal7.jpg\" width=\"100%\" height=\"100\" \/><\/a><!--bestpublic-voz02--><!--desk-in-out-voz02--><\/p>\n<p style=\"text-align: justify;\">Todo ello, unido por un compromiso firme con la sostenibilidad (medioambiental y social) que inspira los valores de este programa educativo referente, que impulsaba la Diputaci\u00f3n de Albacete y que, con su propio desarrollo, adem\u00e1s de crecer en la implicaci\u00f3n de m\u00e1s entidades, colegios e institutos, ha evolucionado en su propio nombre, dejando atr\u00e1s el de aquella \u2018Agenda 21 Escolar-Horizonte 2030\u2019 para asumir el de \u2018Agenda 2030 Escolar\u2019 al ser \u201cuna realidad que se hace cada d\u00eda\u201d .<\/p>\n<p style=\"text-align: justify;\">El programa, que naci\u00f3 en 2016 de la mano de la Diputaci\u00f3n de Albacete, suma una participaci\u00f3n de 48 centros educativos y m\u00e1s de 13.000 alumnos y alumnas y de 1.300 docentes, demostrando el compromiso de la Comunidad Educativa provincial con los Objetivos de Desarrollo Sostenible y donde, como el propio presidente ha agradecido y subrayado, \u201cla colaboraci\u00f3n e implicaci\u00f3n\u201d, fundamentalmente, de la JCCM (a trav\u00e9s de sus delegaciones de Educaci\u00f3n y de Desarrollo Sostenible), la UCLM, los ayuntamientos de la provincia y los colegios e institutos es fundamental para alcanzar estos logros.<\/p>\n<p style=\"text-align: justify;\">Una cooperaci\u00f3n plasmada en las asistencias ya que, adem\u00e1s del presidente, acompa\u00f1ado de la diputada de Agenda 2030 y Fondos Europeos, Yolanda Ballesteros, y de otros representantes tanto del Equipo de Gobierno como del resto de la Corporaci\u00f3n, no han faltado a la cita la delegada provincial de Desarrollo Sostenible, Llanos Valero, as\u00ed como alcaldes, alcaldesas y ediles de distintas puntos de la provincia ligados a este programa educativo que, desde las aulas, y de la mano de las familias, va transformando a mejor el d\u00eda de los coles, los barrios, los pueblos y las ciudades.<br \/>\nUn gui\u00f1o al D\u00eda Mundial de los Derechos de los Consumidores y Consumidoras<\/p>\n<p style=\"text-align: justify;\">\u201c\u00c9ste es uno de los actos m\u00e1s bonicos a los que tengo oportunidad de asistir que cada a\u00f1o; y lo es, por vosotras y vosotras\u201d, les ha dicho. \u201cLo que reconocemos hoy aqu\u00ed es el trabajo bien hecho; siempre me gusta recordar que en este acto no premiamos \u2018al mejor\u2019, porque lo importante es ser siempre bueno\u2026 Ser en un determinado momento \u2018el mejor\u2019 o \u2018la mejor\u2019 es algo circunstancial que puede depender hasta de la suerte pero\u2026 ser siempre bueno, hacer siempre las cosas bien, tiene que tener premio; y aqu\u00ed se reconoce eso: a los coles que a\u00f1o tras a\u00f1o trabajan bien, que a\u00f1o tras a\u00f1o se comprometen con la Agenda 2030 y con el planeta\u2026\u201d, ha comenzado Santi Caba\u00f1ero.<\/p>\n<p style=\"text-align: justify;\">Momento que ha aprovechado para resaltar la importancia de este 15 de marzo en el que se conmemora el D\u00eda Mundial de los Derechos de los Consumidores, hilando directamente con la Agenda 2030 de la que estos chicos y chicas ya tienen \u2018nivel experto\u2019, poniendo en relieve la influencia que tienen nuestros actos de consumo y producci\u00f3n responsables en la sostenibilidad del planeta y en el bienestar social global (ligando de lleno con el ODS 12).<\/p>\n<p style=\"text-align: justify;\">\u201c\u00c9ste es un programa que educa en valores, y creo que esto lo tenemos que resaltar ahora que parece que no est\u00e1 de moda hablar de \u2018educar en valores\u2019 (y que incluso hay quien dice que \u2018educar en valores\u2019 es \u2018adoctrinar\u2019\u2026) Pues no: \u2018educar en valores\u2019 es educar en ciudadan\u00eda, es construir hombres y mujeres libre pensantes, que tengan su propia capacidad de raciocinio, y eso es importante porque, para hacer sociedades justas, tienen que estar formadas por ciudadan\u00eda libre pensante, que sepa pensar por s\u00ed misma; y eso se educa desde el principio y eso tambi\u00e9n es lo que hace la Agenda 2030\u201d, ha reflexionado el presidente.<\/p>\n<p style=\"text-align: justify;\">\u201cPorque la Agenda 2030 no puede ser solo cuidar el planeta, cuidar \u2018el continente\u2019 en el que vivimos. Tener parques muy bonitos, tener ciudades muy bonitas no sirve de nada si en ese parque precioso al final lo que le estamos haciendo es la vida imposible al ni\u00f1o que se sienta al lado. Cuando tengamos que elegir entre cuidar un \u00e1rbol o cuidar a un compa\u00f1ero, yo siempre recomendar\u00eda, primero, cuidar al compa\u00f1ero. \u00bfEs importante tener el patio del cole bonito? S\u00ed. \u00bfEs importante tenerlo limpio? S\u00ed. Pero si lo usamos para pelearnos, no habremos conseguido nada\u201d.<\/p>\n<p style=\"text-align: justify;\">Cuestiones que, como ha asegurado Caba\u00f1ero, son las que explica la Agenda 2030 Escolar y por las que los centros reciben los reconocimientos de este programa que, ha a\u00f1adido, tambi\u00e9n tiene como protagonistas clave a los educadores y educadoras.<br \/>\nCaba\u00f1ero agradece a la \u2018gran familia\u2019 de la Agenda 2030 Escolar su total implicaci\u00f3n<\/p>\n<p style=\"text-align: justify;\">En ese punto, el presidente provincial se ha referido a \u201cdos personas referentes\u201d homenajeadas en el acto: una coordinadora del programa que se ha jubilado en 2023 (Ana Mar\u00eda Garc\u00eda L\u00f3pez, del colegio Don Quijote y Sancho de Fuente \u00c1lamo) y un coordinador que est\u00e1 a punto de hacerlo (Juan Antonio G\u00f3mez Fuentes, del Instituto Pinar de Salom\u00f3n de Aguas Nuevas). A ambos, Caba\u00f1ero les ha agradecido la generosidad de haber comprendido su rol educativo m\u00e1s all\u00e1 de la simple ense\u00f1anza y evaluaci\u00f3n de los y las estudiantes, liderando la coordinaci\u00f3n de un programa que, en s\u00ed mismo, es un desaf\u00edo maravilloso.<\/p>\n<p style=\"text-align: justify;\">Agradecimiento que ha hecho extensivo al personal t\u00e9cnico que, desde cada una de las instituciones implicadas, se encarga de enlazar todo ese engranaje logrando que funcione como lo hace: Juan Pedro Mart\u00ednez (de la Diputaci\u00f3n); Ana Mar\u00eda Vergara (de la Delegaci\u00f3n de Educaci\u00f3n); Francisco Javier G\u00f3mez y V\u00edctor Manuel Serrano (de la de Desarrollo Sostenible); y Teresa Gonz\u00e1lez y Lucas de las Heras (de Dendros, dentro de la asistencia t\u00e9cnica de la Diputaci\u00f3n).<\/p>\n<p style=\"text-align: justify;\">De forma especial ha felicitado a todos y cada uno de los centros participantes por su labor inspiradora y su compromiso, reconociendo especialmente a los seis colegios e institutos que han recibido en esta ocasi\u00f3n el Premio en la Categor\u00eda I. Entre los galardonados se encuentran el C.E.I.P.S Ildefonso Navarro (de Villamalea), Virrey Morcillo (de Villarrobledo), Le\u00f3n Felipe (de Socovos), Alcalde Galindo (de Chinchilla), I.E.S.S Jos\u00e9 Conde (de Almansa) y Pinar de Salom\u00f3n (de Aguas Nuevas). Un reconocimiento que, adem\u00e1s de 1.500 euros por centro, conlleva la plantaci\u00f3n de un olivo, simbolizando el crecimiento y la esperanza en un futuro sostenible.<\/p>\n<p style=\"text-align: justify;\">Santi Caba\u00f1ero ha destacado la transversalidad de la Agenda 2030 en las aulas como clave para el desarrollo de ciudadanos informados y comprometidos, capaces de participar activamente en la resoluci\u00f3n de problemas locales y globales. Y, sobre todo, se ha mostrado muy orgulloso de c\u00f3mo el programa Agenda 2030 Escolar se ha convertido en parte del \u2018ADN\u2019 de la Comunidad Educativa, provincial fomentando una convivencia arm\u00f3nica y construyendo un mundo mejor desde cada centro y despertando la ilusi\u00f3n de los estudiantes en este apasionante proceso.<\/p>\n<p style=\"text-align: justify;\">Valero: \u201cLa sostenibilidad es un reto para toda la sociedad y adem\u00e1s es una meta ineludible para las administraciones\u201d<\/p>\n<p style=\"text-align: justify;\">En ese mismo sentido, Llanos Valero se ha sumado al agradecimiento a \u201clos directores, directoras, docentes, alumnos, alumnas y a todo el equipo t\u00e9cnico que hace posible colaboraci\u00f3n con Diputaci\u00f3n y con la JCCM, que hace posible que este proyecto sea un proyecto de \u00e9xito. Y es que, los que est\u00e1is y las que est\u00e1is aqu\u00ed, como expertas que sois, sab\u00e9is que la sostenibilidad es un reto, es un reto para toda la sociedad y adem\u00e1s es una meta ineludible para las administraciones que estamos aqu\u00ed\u2026 lo que tenemos que tener claro es que tenemos que participar todos y todas, todos tenemos que aportar nuestro granito de arena\u201d, ha reiterado.<br \/>\n44 centros reciben alg\u00fan tipo de reconocimiento en la duod\u00e9cima cita con estos Premios<\/p>\n<p style=\"text-align: justify;\">El Gobierno de la Diputaci\u00f3n de Albacete viene haciendo una clara apuesta por este programa singular y ejemplar. Por ejemplo, estos premios, impulsados y financiados \u00edntegramente por la instituci\u00f3n provincial, han venido experimentando en los \u00faltimos a\u00f1os un notable crecimiento de fondos (sumando, actualmente, 30.000 euros). Un ascenso que ha permitido, adem\u00e1s de ampliar el n\u00famero de concesiones de los galardones en I Categor\u00eda, incorporar como novedad este a\u00f1o una concesi\u00f3n extraordinaria (de 280 euros) para todos los centros (un total de 25) que han reconocido a este programa como \u2018un proyecto de centro significativo\u2019.<\/p>\n<p style=\"text-align: justify;\">En total, 44 centros educativos han recibido este viernes galardones en alguna de las categor\u00edas. Adem\u00e1s de los 6 primeros premios, los centros que deciden seguir trabajando por la sostenibilidad y ya han logrado el premio, lo renuevan cada a\u00f1o (algo que han hecho 20 en esta ocasi\u00f3n).<\/p>\n<p style=\"text-align: justify;\">Sin duda, una ma\u00f1ana de merecidos homenajes, celebraci\u00f3n y alegr\u00eda en el Palacio Provincial , donde la m\u00fasica ha tenido un papel destacado, con actuaciones de des j\u00f3venes talentos del Real Conservatorio Profesional de M\u00fasica y Danza de la Diputaci\u00f3n (Rub\u00e9n Garc\u00eda T\u00e1rraga y Pablo Alarc\u00f3n Calero) que, como el resto de momentos emocionantes y divertidos que han colmado la cita, se han ganado a pulso el aplauso del p\u00fablico.<\/p>\n<p><!--publicidad-voz03--><a href=\"https:\/\/www.facebook.com\/profile.php?id=100063593791305&amp;locale=es_ES\"><img decoding=\"async\" class=\"alignnone size-medium\" src=\"https:\/\/blogger.googleusercontent.com\/img\/b\/R29vZ2xl\/AVvXsEi8_n_ll8UOcGxCqzFvb_9Io4ICczlGC990BPtPj2w9Px-u7B3oqWUW5vtjZUqPNJ-nyjiUIorE0ATsib_l5tV8BVN-UJ03RTnU__IHJF_4DgDBtY4LIqXNG-FomrO-7ywes20CBCRM2Hcm7EJSh3UUw1dO-c_uTflUrtgY1i7uBRezj_DpympmEFkfbQY\/s1600\/logo-principal2.jpg\" width=\"100%\" height=\"100\" \/><\/a><!--bestpublic-voz03--><!--desk-in-out-voz03--><br \/>\n<!--publicidad-voz04--><a href=\"https:\/\/www.facebook.com\/profile.php?id=61557370768692&amp;locale=es_ES\"><img decoding=\"async\" class=\"alignnone size-medium\" src=\"https:\/\/blogger.googleusercontent.com\/img\/b\/R29vZ2xl\/AVvXsEgy5RdcfffrnrItnYTcV9bCJjgJwldsQLWssfVfrLbyfXeBNTFKgBf0rMIvhrUaGUhiXzVr9_eQgCbi-j63ZDpfTvLIty9w7s140y-m1yHe7eKmEK7v2NAHUJDVYGdfeiQFeRCqUjdwWmN1MX_AUxxz4IVdJ4WIM0APxit8bjWkXzrnEFGqBvW_1F13H1g\/s1600\/logo-principal5.jpg\" width=\"100%\" height=\"100\" \/><\/a><!--bestpublic-voz04--><!--desk-in-out-voz04--><br \/>\n<!--publicidad-voz05--><a href=\"https:\/\/www.facebook.com\/asociaciontamborileroshellin?locale=es_ES\"><img decoding=\"async\" class=\"alignnone size-medium\" src=\"https:\/\/blogger.googleusercontent.com\/img\/b\/R29vZ2xl\/AVvXsEhHEEpZsKK1VpwiYMrS7aE2ujtqIDZoLd4B5wtbiseSU9s2HdTdQfhF84So2XwEB1fv0BLw95GADm6hUl1bkKtzh-eIgVigXONuu_5RxeIMPhjk8q6uNX4EaEHbooKkbu7pCADWPpVJjhKIH5NQSJpWqedC-YBez4QAQeJYokkLot9bhrIaUAeztsGis6M\/s1600\/logo-principal3.jpg\" width=\"100%\" height=\"100\" \/><\/a><!--bestpublic-voz05--><!--desk-in-out-voz05--><br \/>\n<!--publicidad-voz06--><!--bestpublic-voz06--><!--desk-in-out-voz06--><br \/>\n<!--publicidad-voz07--><!--bestpublic-voz07--><!--desk-in-out-voz07--><br \/>\n<!--publicidad-voz08--><!--bestpublic-voz08--><!--desk-in-out-voz08--><br \/>\n<!--publicidad-voz09--><!--bestpublic-voz09--><!--desk-in-out-voz09--><br \/>\n<!--publicidad-voz10--><!--bestpublic-voz10--><!--desk-in-out-voz10--><br \/>\n<!--publicidad-voz11--><!--bestpublic-voz11--><!--desk-in-out-voz11--><br \/>\n<!--publicidad-voz12--><!--bestpublic-voz12--><!--desk-in-out-voz12--><br \/>\n<!--publicidad-voz13--><!--bestpublic-voz13--><!--desk-in-out-voz13--><br \/>\n<!--publicidad-voz14--><!--bestpublic-voz14--><!--desk-in-out-voz14--><br \/>\n<!--publicidad-voz15--><!--bestpublic-voz15--><!--desk-in-out-voz15--><br \/>\n<!--publicidad-voz16--><!--bestpublic-voz16--><!--desk-in-out-voz16--><\/p>\n","protected":false},"excerpt":{"rendered":"<p>La Diputaci\u00f3n de Albacete, con Santi Caba\u00f1ero al frente, ha acogido la entrega de los XII Premios Agenda 2030 Escolar en un Sal\u00f3n de Actos lleno de estudiantes, docentes, padres&#8230;<\/p>\n","protected":false},"author":2,"featured_media":149493,"comment_status":"closed","ping_status":"closed","sticky":false,"template":"","format":"standard","meta":{"footnotes":""},"categories":[753,718,715,716,717],"tags":[],"class_list":["post-149492","post","type-post","status-publish","format-standard","has-post-thumbnail","hentry","category-blog-lv034","category-blogger","category-la-voz-de-hellin","category-la-voz-de-hellin-la-voz-de-hellin","category-noticias"],"_links":{"self":[{"href":"https:\/\/lavozdehellin.com\/noticias\/wp-json\/wp\/v2\/posts\/149492","targetHints":{"allow":["GET"]}}],"collection":[{"href":"https:\/\/lavozdehellin.com\/noticias\/wp-json\/wp\/v2\/posts"}],"about":[{"href":"https:\/\/lavozdehellin.com\/noticias\/wp-json\/wp\/v2\/types\/post"}],"author":[{"embeddable":true,"href":"https:\/\/lavozdehellin.com\/noticias\/wp-json\/wp\/v2\/users\/2"}],"replies":[{"embeddable":true,"href":"https:\/\/lavozdehellin.com\/noticias\/wp-json\/wp\/v2\/comments?post=149492"}],"version-history":[{"count":0,"href":"https:\/\/lavozdehellin.com\/noticias\/wp-json\/wp\/v2\/posts\/149492\/revisions"}],"wp:featuredmedia":[{"embeddable":true,"href":"https:\/\/lavozdehellin.com\/noticias\/wp-json\/wp\/v2\/media\/149493"}],"wp:attachment":[{"href":"https:\/\/lavozdehellin.com\/noticias\/wp-json\/wp\/v2\/media?parent=149492"}],"wp:term":[{"taxonomy":"category","embeddable":true,"href":"https:\/\/lavozdehellin.com\/noticias\/wp-json\/wp\/v2\/categories?post=149492"},{"taxonomy":"post_tag","embeddable":true,"href":"https:\/\/lavozdehellin.com\/noticias\/wp-json\/wp\/v2\/tags?post=149492"}],"curies":[{"name":"wp","href":"https:\/\/api.w.org\/{rel}","templated":true}]}}