{"id":149498,"date":"2024-03-17T09:04:30","date_gmt":"2024-03-17T08:04:30","guid":{"rendered":"https:\/\/lavozdehellin.com\/noticias\/?p=149498"},"modified":"2024-04-08T10:02:28","modified_gmt":"2024-04-08T09:02:28","slug":"v08-440-la-diputacion-de-albacete-colabora-con-el-primer-certamen-internacional-de-composicion-de-marchas-de-procesion-de-tobarra-que-ha-sumado-mas-de-50-participantes","status":"publish","type":"post","link":"https:\/\/lavozdehellin.com\/noticias\/v08-440-la-diputacion-de-albacete-colabora-con-el-primer-certamen-internacional-de-composicion-de-marchas-de-procesion-de-tobarra-que-ha-sumado-mas-de-50-participantes\/","title":{"rendered":"LVH NOTICIAS | LA DIPUTACI\u00d3N DE ALBACETE COLABORA CON EL PRIMER CERTAMEN INTERNACIONAL DE COMPOSICI\u00d3N DE MARCHAS DE PROCESI\u00d3N DE TOBARRA QUE HA SUMADO M\u00c1S DE 50 PARTICIPANTES"},"content":{"rendered":"<p style=\"text-align: justify;\">El diputado provincial, Jos\u00e9 Antonio Calvo, particip\u00f3 este s\u00e1bado en la gala de entrega de premios del I Certamen Internacional de Composici\u00f3n de Marchas de Procesi\u00f3n de Tobarra, \u2018Passiflora 2024\u2019.<\/p>\n<p><!--more--><br \/>\n<!--publicidad-voz01--><a href=\"https:\/\/www.facebook.com\/SoloRadioHellin\/?locale=es_ES\"><img decoding=\"async\" class=\"alignnone size-medium\" src=\"https:\/\/blogger.googleusercontent.com\/img\/b\/R29vZ2xl\/AVvXsEiNncirNnyGedv00mhjZjh5Wl4_YPdJGanoAl8tL8zH-HwqE8uHqjEfSt340RHdx-9tuCSIkZ8rFamZiGyYlgDGxCsmXjCH_1xk5eYM3ntFZRvJP_jndOKR7w1UAo9Tu0vrZyOLfqRpHIxYI5SymJJ-pfGCQw6QVpggBH-UgfjiFQ2JOxqxG0Jx94kW83c\/s1600\/logo-principal.jpg\" width=\"100%\" height=\"100\" \/><\/a><!--bestpublic-voz01--><!--desk-in-out-voz01--><br \/>\n<!--publicidad-voz02--><a href=\"https:\/\/www.hellincf.com\/\"><img decoding=\"async\" class=\"alignnone size-medium\" src=\"https:\/\/blogger.googleusercontent.com\/img\/b\/R29vZ2xl\/AVvXsEhuZ4-XfBVj3UtdP8-RZugy3WVrg-Zv28c53m4oV47qYCxL1rX_dqWX_YddsGSnpH5SRDqZ7bZeKPIfDVCDncpjVlhy3aQs2vojcJBn7Gdv9hC2_Nzct_pRFrnFE1a7KTCdY1bT_kAgnY3-iadRZrGeJf1fR2P5fu11bokx0pWjaypoy-ctwCjklldpEbA\/s1600\/logo-principal7.jpg\" width=\"100%\" height=\"100\" \/><\/a><!--bestpublic-voz02--><!--desk-in-out-voz02--><\/p>\n<p style=\"text-align: justify;\">Un concurso que nace de la mano de la Sociedad Uni\u00f3n Musical \u2018Santa Cecilia\u2019 y suma el apoyo de la Diputaci\u00f3n de Albacete, plenamente comprometida con la dinamizaci\u00f3n cultural de la provincia.<\/p>\n<p style=\"text-align: justify;\">Junto a la alcaldesa local, Manuela Garrido, y a la presidenta de la Federaci\u00f3n de Hermandades y Cofrad\u00edas de Semana Santa de Tobarra, Cristina Alfaro, el responsable provincial puso en valor esta iniciativa, apuntando que se ha saldado con un gran \u00e9xito en su primera edici\u00f3n con la participaci\u00f3n de m\u00e1s de medio centenar de marchas procedentes de diferentes puntos de la geograf\u00eda espa\u00f1ola y portuguesa, al tiempo que destac\u00f3 el talento de los y las participantes, felicitando a quienes se alzaron con el primer, segundo y tercer premio: Felipe Garc\u00eda Atienzar con su obra \u2018Rex Caelestis\u2019, Jes\u00fas Miguel P\u00e9rez Castro con \u2018A eterna Luminis\u2019, y Ra\u00fal L\u00f3pez Soler con \u2018Siete palabras\u2019, respectivamente.<\/p>\n<p style=\"text-align: justify;\">En este sentido, explic\u00f3 que para el Gobierno Provincial que preside Santi Caba\u00f1ero es un placer apoyar y respaldar econ\u00f3micamente este certamen, con el que colabora a trav\u00e9s del segundo premio (1.500 \u20ac). Adem\u00e1s, esta colaboraci\u00f3n responde a la l\u00ednea de acci\u00f3n de la Diputaci\u00f3n que, de hecho, cuenta con un programa espec\u00edfico de apoyo al sector musical para impulsar y poner en valor las bandas, academias y escuelas de m\u00fasica que conviven en este territorio.<\/p>\n<p style=\"text-align: justify;\">Momento que Jos\u00e9 Antonio Calvo aprovech\u00f3 para reconocer p\u00fablicamente, en la figura de su director, Jos\u00e9 Manuel Vizca\u00edno, el esfuerzo que la Sociedad Uni\u00f3n Musical \u2018Santa Cecilia\u2019 ha realizado para poner en marcha este certamen, as\u00ed como su compromiso e implicaci\u00f3n con Tobarra y su actividad cultural durante m\u00e1s de 140 a\u00f1os, convertida en \u201cfiel compa\u00f1era de mucha de las celebraciones m\u00e1s importantes de esta tierra\u201d.<\/p>\n<p style=\"text-align: justify;\">Adem\u00e1s, tuvo palabras de reconocimiento para el conjunto de agrupaciones musicales que ponen la \u2018banda sonora\u2019 a las diferentes procesiones que recorren la localidad durante su Semana Santa, y explic\u00f3 que la m\u00fasica cofrade es un g\u00e9nero con identidad propia y uno de los pilares de esta celebraci\u00f3n que, a su vez, es una de las tradiciones m\u00e1s arraigadas en Tobarra, declarada Fiesta de Inter\u00e9s Tur\u00edstico Nacional.<\/p>\n<p style=\"text-align: justify;\">Calvo apunt\u00f3 que este certamen protagonizado por la m\u00fasica cofrade \u201ces un verdadero orgullo no s\u00f3lo para la localidad o la comarca, sino para el conjunto de la provincia\u201d, advirtiendo que se trata de una gran oportunidad para compositores y compositoras, y tambi\u00e9n de un espacio para visibilizar y poner en valor esta m\u00fasica. \u201cAlgo que desde la Uni\u00f3n Musical \u2018Santa Cecilia\u2019 ya han iniciado hace alg\u00fan tiempo con la grabaci\u00f3n de aquel exitoso disco: \u2018Viernes Santo en Tobarra\u2019\u201d.<\/p>\n<p style=\"text-align: justify;\">Finalmente, el responsable provincial apunt\u00f3 que citas como \u00e9sta contribuyen a proyectar a nivel nacional e internacional la mejor imagen de \u201cuna localidad emprendedora, comprometida, llena de talento\u2026, en la que tradici\u00f3n y vanguardia se dan la mano con gran \u00e9xito en su d\u00eda a d\u00eda y en cada una de sus celebraciones\u201d, y les reiter\u00f3 el apoyo de la Diputaci\u00f3n de Albacete para seguir creciendo en esta direcci\u00f3n.<\/p>\n<p><!--publicidad-voz03--><a href=\"https:\/\/www.facebook.com\/profile.php?id=100063593791305&amp;locale=es_ES\"><img decoding=\"async\" class=\"alignnone size-medium\" src=\"https:\/\/blogger.googleusercontent.com\/img\/b\/R29vZ2xl\/AVvXsEi8_n_ll8UOcGxCqzFvb_9Io4ICczlGC990BPtPj2w9Px-u7B3oqWUW5vtjZUqPNJ-nyjiUIorE0ATsib_l5tV8BVN-UJ03RTnU__IHJF_4DgDBtY4LIqXNG-FomrO-7ywes20CBCRM2Hcm7EJSh3UUw1dO-c_uTflUrtgY1i7uBRezj_DpympmEFkfbQY\/s1600\/logo-principal2.jpg\" width=\"100%\" height=\"100\" \/><\/a><!--bestpublic-voz03--><!--desk-in-out-voz03--><br \/>\n<!--publicidad-voz04--><a href=\"https:\/\/www.facebook.com\/profile.php?id=61557370768692&amp;locale=es_ES\"><img decoding=\"async\" class=\"alignnone size-medium\" src=\"https:\/\/blogger.googleusercontent.com\/img\/b\/R29vZ2xl\/AVvXsEgy5RdcfffrnrItnYTcV9bCJjgJwldsQLWssfVfrLbyfXeBNTFKgBf0rMIvhrUaGUhiXzVr9_eQgCbi-j63ZDpfTvLIty9w7s140y-m1yHe7eKmEK7v2NAHUJDVYGdfeiQFeRCqUjdwWmN1MX_AUxxz4IVdJ4WIM0APxit8bjWkXzrnEFGqBvW_1F13H1g\/s1600\/logo-principal5.jpg\" width=\"100%\" height=\"100\" \/><\/a><!--bestpublic-voz04--><!--desk-in-out-voz04--><br \/>\n<!--publicidad-voz05--><a href=\"https:\/\/www.facebook.com\/asociaciontamborileroshellin?locale=es_ES\"><img decoding=\"async\" class=\"alignnone size-medium\" src=\"https:\/\/blogger.googleusercontent.com\/img\/b\/R29vZ2xl\/AVvXsEhHEEpZsKK1VpwiYMrS7aE2ujtqIDZoLd4B5wtbiseSU9s2HdTdQfhF84So2XwEB1fv0BLw95GADm6hUl1bkKtzh-eIgVigXONuu_5RxeIMPhjk8q6uNX4EaEHbooKkbu7pCADWPpVJjhKIH5NQSJpWqedC-YBez4QAQeJYokkLot9bhrIaUAeztsGis6M\/s1600\/logo-principal3.jpg\" width=\"100%\" height=\"100\" \/><\/a><!--bestpublic-voz05--><!--desk-in-out-voz05--><br \/>\n<!--publicidad-voz06--><!--bestpublic-voz06--><!--desk-in-out-voz06--><br \/>\n<!--publicidad-voz07--><!--bestpublic-voz07--><!--desk-in-out-voz07--><br \/>\n<!--publicidad-voz08--><!--bestpublic-voz08--><!--desk-in-out-voz08--><br \/>\n<!--publicidad-voz09--><!--bestpublic-voz09--><!--desk-in-out-voz09--><br \/>\n<!--publicidad-voz10--><!--bestpublic-voz10--><!--desk-in-out-voz10--><br \/>\n<!--publicidad-voz11--><!--bestpublic-voz11--><!--desk-in-out-voz11--><br \/>\n<!--publicidad-voz12--><!--bestpublic-voz12--><!--desk-in-out-voz12--><br \/>\n<!--publicidad-voz13--><!--bestpublic-voz13--><!--desk-in-out-voz13--><br \/>\n<!--publicidad-voz14--><!--bestpublic-voz14--><!--desk-in-out-voz14--><br \/>\n<!--publicidad-voz15--><!--bestpublic-voz15--><!--desk-in-out-voz15--><br \/>\n<!--publicidad-voz16--><!--bestpublic-voz16--><!--desk-in-out-voz16--><\/p>\n","protected":false},"excerpt":{"rendered":"<p>El diputado provincial, Jos\u00e9 Antonio Calvo, particip\u00f3 este s\u00e1bado en la gala de entrega de premios del I Certamen Internacional de Composici\u00f3n de Marchas de Procesi\u00f3n de Tobarra, \u2018Passiflora 2024\u2019.<\/p>\n","protected":false},"author":2,"featured_media":149499,"comment_status":"closed","ping_status":"closed","sticky":false,"template":"","format":"standard","meta":{"footnotes":""},"categories":[753,718,715,716,717],"tags":[],"class_list":["post-149498","post","type-post","status-publish","format-standard","has-post-thumbnail","hentry","category-blog-lv034","category-blogger","category-la-voz-de-hellin","category-la-voz-de-hellin-la-voz-de-hellin","category-noticias"],"_links":{"self":[{"href":"https:\/\/lavozdehellin.com\/noticias\/wp-json\/wp\/v2\/posts\/149498","targetHints":{"allow":["GET"]}}],"collection":[{"href":"https:\/\/lavozdehellin.com\/noticias\/wp-json\/wp\/v2\/posts"}],"about":[{"href":"https:\/\/lavozdehellin.com\/noticias\/wp-json\/wp\/v2\/types\/post"}],"author":[{"embeddable":true,"href":"https:\/\/lavozdehellin.com\/noticias\/wp-json\/wp\/v2\/users\/2"}],"replies":[{"embeddable":true,"href":"https:\/\/lavozdehellin.com\/noticias\/wp-json\/wp\/v2\/comments?post=149498"}],"version-history":[{"count":0,"href":"https:\/\/lavozdehellin.com\/noticias\/wp-json\/wp\/v2\/posts\/149498\/revisions"}],"wp:featuredmedia":[{"embeddable":true,"href":"https:\/\/lavozdehellin.com\/noticias\/wp-json\/wp\/v2\/media\/149499"}],"wp:attachment":[{"href":"https:\/\/lavozdehellin.com\/noticias\/wp-json\/wp\/v2\/media?parent=149498"}],"wp:term":[{"taxonomy":"category","embeddable":true,"href":"https:\/\/lavozdehellin.com\/noticias\/wp-json\/wp\/v2\/categories?post=149498"},{"taxonomy":"post_tag","embeddable":true,"href":"https:\/\/lavozdehellin.com\/noticias\/wp-json\/wp\/v2\/tags?post=149498"}],"curies":[{"name":"wp","href":"https:\/\/api.w.org\/{rel}","templated":true}]}}