{"id":149507,"date":"2024-03-18T13:14:16","date_gmt":"2024-03-18T12:14:16","guid":{"rendered":"https:\/\/lavozdehellin.com\/noticias\/?p=149507"},"modified":"2024-04-08T10:02:28","modified_gmt":"2024-04-08T09:02:28","slug":"v08-443-cabanero-en-castilla-la-mancha-nos-preocupa-nos-ocupa-y-ponemos-soluciones-a-lo-rural-con-inversiones-que-hacen-que-la-gente-quiera-vivir-en-sus-pueblos","status":"publish","type":"post","link":"https:\/\/lavozdehellin.com\/noticias\/v08-443-cabanero-en-castilla-la-mancha-nos-preocupa-nos-ocupa-y-ponemos-soluciones-a-lo-rural-con-inversiones-que-hacen-que-la-gente-quiera-vivir-en-sus-pueblos\/","title":{"rendered":"LVH NOTICIAS | CABA\u00d1ERO: \u201cEN CASTILLA-LA MANCHA NOS PREOCUPA, NOS OCUPA Y PONEMOS SOLUCIONES A \u2018LO RURAL\u2019 CON INVERSIONES QUE HACEN QUE LA GENTE QUIERA VIVIR EN SUS PUEBLOS\u201d"},"content":{"rendered":"<p style=\"text-align: justify;\">El presidente de la Diputaci\u00f3n de Albacete, Santi Caba\u00f1ero, ha participado en la inauguraci\u00f3n del nuevo Consultorio Local de Barrax, junto al jefe del Ejecutivo Auton\u00f3mico, Emiliano Garc\u00eda-Page, y a Josefina Navarrete, alcaldesa de Barrax: uno de los pueblos \u201cm\u00e1s pr\u00f3speros, con m\u00e1s presente y con m\u00e1s futuro de la provincia de Albacete\u201d, ha subrayado Caba\u00f1ero, se\u00f1alando que eso es algo que \u201cse nota, viendo las infraestructuras y la buena marcha que tiene el municipio; en ese pol\u00edgono que crece d\u00eda tras d\u00eda, y en much\u00edsimas otras cosas\u201d.<\/p>\n<p><!--more--><br \/>\n<!--publicidad-voz01--><a href=\"https:\/\/www.facebook.com\/SoloRadioHellin\/?locale=es_ES\"><img decoding=\"async\" class=\"alignnone size-medium\" src=\"https:\/\/blogger.googleusercontent.com\/img\/b\/R29vZ2xl\/AVvXsEiNncirNnyGedv00mhjZjh5Wl4_YPdJGanoAl8tL8zH-HwqE8uHqjEfSt340RHdx-9tuCSIkZ8rFamZiGyYlgDGxCsmXjCH_1xk5eYM3ntFZRvJP_jndOKR7w1UAo9Tu0vrZyOLfqRpHIxYI5SymJJ-pfGCQw6QVpggBH-UgfjiFQ2JOxqxG0Jx94kW83c\/s1600\/logo-principal.jpg\" width=\"100%\" height=\"100\" \/><\/a><!--bestpublic-voz01--><!--desk-in-out-voz01--><br \/>\n<!--publicidad-voz02--><a href=\"https:\/\/www.hellincf.com\/\"><img decoding=\"async\" class=\"alignnone size-medium\" src=\"https:\/\/blogger.googleusercontent.com\/img\/b\/R29vZ2xl\/AVvXsEhuZ4-XfBVj3UtdP8-RZugy3WVrg-Zv28c53m4oV47qYCxL1rX_dqWX_YddsGSnpH5SRDqZ7bZeKPIfDVCDncpjVlhy3aQs2vojcJBn7Gdv9hC2_Nzct_pRFrnFE1a7KTCdY1bT_kAgnY3-iadRZrGeJf1fR2P5fu11bokx0pWjaypoy-ctwCjklldpEbA\/s1600\/logo-principal7.jpg\" width=\"100%\" height=\"100\" \/><\/a><!--bestpublic-voz02--><!--desk-in-out-voz02--><\/p>\n<p style=\"text-align: justify;\">Palabras de admiraci\u00f3n al trabajo de la primera edil, por lograr \u00e9sta y otras mejoras para el pueblo; y hacia \u201cSole y su equipo\u201d, al frente del Consultorio, en representaci\u00f3n de \u201clos magn\u00edficos profesionales que tiene Barrax\u201d, que el presidente ha hecho extensivas tambi\u00e9n a G\u00aa-Page por su compromiso patente con el medio rural.<\/p>\n<p style=\"text-align: justify;\">\u201cEsto es crear oportunidades, esto es hacer que todos y todas seamos iguales, vivamos donde vivamos, aunque vivamos en un peque\u00f1o municipio\u201d, ha asegurado el presidente provincial, agradeciendo el trabajo al Equipo del Gobierno castellano-manchego. \u201cYo le dec\u00eda, medio en broma medio en serio al consejero, cuando hemos entrado, que nos hab\u00edan enga\u00f1ado, que esto no es un consultorio, que parec\u00eda un \u2018mini\u2019 hospital\u201d ha mencionado, refiri\u00e9ndose a esas flamantes infraestructuras y a todas las prestaciones sanitarias que tienen ya cabida en ellas.<\/p>\n<p style=\"text-align: justify;\">Ubicado en la plaza Alcalde Domingo Castillejo, en pleno coraz\u00f3n de Barrax, cuenta con una superficie construida de 264,78 m\u00b2 que incluye dos consultas de Medicina Familiar y Comunitaria; dos de Enfermer\u00eda Familiar y Comunitaria; una consulta de Pediatr\u00eda, un \u00e1rea de Admisi\u00f3n, salas de espera general y de pediatr\u00eda, una sala polivalente, aseos y almac\u00e9n. Con una inversi\u00f3n de m\u00e1s de 367.000 euros, est\u00e1 incluido en la Zona B\u00e1sica de Salud de La Roda (GAI de Albacete) y presta servicio a m\u00e1s de 1.825 tarjetas sanitarias.<\/p>\n<p style=\"text-align: justify;\">\u201cSon tantos y tantos los recursos sanitarios que se han instalado en nuestros pueblos en estos nueve a\u00f1os de Gobierno del presidente Page, que ser\u00eda imposible poderlos enumerar todos; y no solamente recursos sanitarios, tambi\u00e9n educativos y de muchos otros tipos, porque se trata de \u2018desarrollo rural\u2019\u2026\u201d, ha reiterado.<\/p>\n<p style=\"text-align: justify;\">Caba\u00f1ero: \u201cEsta regi\u00f3n se puede sentir orgullosa de como est\u00e1 apoyando al mundo rural, de c\u00f3mo est\u00e1 apoyando a los agricultores\u201d<\/p>\n<p style=\"text-align: justify;\">Al hilo de ello, Santi Caba\u00f1ero ha reflexionado sobre \u2018la moda\u2019 creciente en torno a \u2018lo rural\u2019: \u201cAhora, si pon\u00e9is en la televisi\u00f3n, se escucha mucho eso de que \u2018nos preocupa el rural\u2026\u2019 Bueno, pues, en Castilla-La Mancha, nos preocupa, nos ocupa y ponemos soluciones; y, este tipo de inversiones, hacen que la gente quiera vivir en nuestros pueblos y que tenga m\u00e1s futuro y se quiera quedar en ellos\u201d.<\/p>\n<p style=\"text-align: justify;\">Se\u00f1alando que Barrax es \u201cun pueblo eminentemente agr\u00edcola\u201d, ha aludido a la paradoja de que, precisamente el nuevo Consultorio, est\u00e1 en el suelo que ocup\u00f3 en su d\u00eda la antigua C\u00e1mara Agraria: \u201cAqu\u00ed se liga el pasado con el presente para tener un mejor futuro\u201d, ha asegurado, se\u00f1alando esta \u201capuesta por el mundo rural y por quienes viven en \u00e9l, tambi\u00e9n por los agricultores\u201d.<\/p>\n<p style=\"text-align: justify;\">En este sentido, ha aludido a c\u00f3mo, instantes antes de esta inauguraci\u00f3n, Garc\u00eda-Page hab\u00eda podido saludar a los representantes agrarios. Un tema al respecto del que Caba\u00f1ero se ha manifestado de forma contundente:<\/p>\n<p style=\"text-align: justify;\">\u201cEsta regi\u00f3n se puede sentir orgullosa de como est\u00e1 apoyando al mundo rural, de c\u00f3mo est\u00e1 apoyando a los agricultores. \u00c9sta es la regi\u00f3n en la que, quienes vivimos en el mundo rural (quienes, por ejemplo, viven en Barrax) tienen menos presi\u00f3n fiscal gracias a las pol\u00edticas del presidente Page, que hacen que tengamos desgravaciones fiscales simplemente por vivir en el mundo rural: y eso es apoyar al mundo rural porque, ante datos, no vale relato\u201d, ha resaltado.<\/p>\n<p style=\"text-align: justify;\">As\u00ed, ha se\u00f1alado que Castilla-La Mancha es \u201cla \u00fanica regi\u00f3n que est\u00e1 trabajando para que, con seguridad, la PAC del 2024 no vaya a tener sanciones por el hecho de haber sufrido una sequ\u00eda como la que estamos sufriendo y no nos castigue dos veces: aqu\u00ed se ha llegado a un acuerdo con el Ministerio para flexibilizar las condiciones de la PAC para eso; y se ha conseguido tambi\u00e9n un acuerdo con los sindicatos agrarios para solicitar en Europa ese cambio de la PAC que tiene que variar cuando hablamos de \u2018seguridad alimentaria\u2019, donde ha de tener cabida un determinado intervencionismo.\u201d.<\/p>\n<p style=\"text-align: justify;\">Dando la \u2018bienvenida\u2019 a quienes \u201cahora se incorporan a estas tesis\u201d, Caba\u00f1ero ha sido tajante al recordar que, \u201caqu\u00ed, en esta regi\u00f3n\u00b4, se apoya a la agricultura, se apoya a los agricultores y se apoya a los que vivimos en el mundo rural\u201d, ha reiterado.<\/p>\n<p><!--publicidad-voz03--><a href=\"https:\/\/www.facebook.com\/profile.php?id=100063593791305&amp;locale=es_ES\"><img decoding=\"async\" class=\"alignnone size-medium\" src=\"https:\/\/blogger.googleusercontent.com\/img\/b\/R29vZ2xl\/AVvXsEi8_n_ll8UOcGxCqzFvb_9Io4ICczlGC990BPtPj2w9Px-u7B3oqWUW5vtjZUqPNJ-nyjiUIorE0ATsib_l5tV8BVN-UJ03RTnU__IHJF_4DgDBtY4LIqXNG-FomrO-7ywes20CBCRM2Hcm7EJSh3UUw1dO-c_uTflUrtgY1i7uBRezj_DpympmEFkfbQY\/s1600\/logo-principal2.jpg\" width=\"100%\" height=\"100\" \/><\/a><!--bestpublic-voz03--><!--desk-in-out-voz03--><br \/>\n<!--publicidad-voz04--><a href=\"https:\/\/www.facebook.com\/profile.php?id=61557370768692&amp;locale=es_ES\"><img decoding=\"async\" class=\"alignnone size-medium\" src=\"https:\/\/blogger.googleusercontent.com\/img\/b\/R29vZ2xl\/AVvXsEgy5RdcfffrnrItnYTcV9bCJjgJwldsQLWssfVfrLbyfXeBNTFKgBf0rMIvhrUaGUhiXzVr9_eQgCbi-j63ZDpfTvLIty9w7s140y-m1yHe7eKmEK7v2NAHUJDVYGdfeiQFeRCqUjdwWmN1MX_AUxxz4IVdJ4WIM0APxit8bjWkXzrnEFGqBvW_1F13H1g\/s1600\/logo-principal5.jpg\" width=\"100%\" height=\"100\" \/><\/a><!--bestpublic-voz04--><!--desk-in-out-voz04--><br \/>\n<!--publicidad-voz05--><a href=\"https:\/\/www.facebook.com\/asociaciontamborileroshellin?locale=es_ES\"><img decoding=\"async\" class=\"alignnone size-medium\" src=\"https:\/\/blogger.googleusercontent.com\/img\/b\/R29vZ2xl\/AVvXsEhHEEpZsKK1VpwiYMrS7aE2ujtqIDZoLd4B5wtbiseSU9s2HdTdQfhF84So2XwEB1fv0BLw95GADm6hUl1bkKtzh-eIgVigXONuu_5RxeIMPhjk8q6uNX4EaEHbooKkbu7pCADWPpVJjhKIH5NQSJpWqedC-YBez4QAQeJYokkLot9bhrIaUAeztsGis6M\/s1600\/logo-principal3.jpg\" width=\"100%\" height=\"100\" \/><\/a><!--bestpublic-voz05--><!--desk-in-out-voz05--><br \/>\n<!--publicidad-voz06--><!--bestpublic-voz06--><!--desk-in-out-voz06--><br \/>\n<!--publicidad-voz07--><!--bestpublic-voz07--><!--desk-in-out-voz07--><br \/>\n<!--publicidad-voz08--><!--bestpublic-voz08--><!--desk-in-out-voz08--><br \/>\n<!--publicidad-voz09--><!--bestpublic-voz09--><!--desk-in-out-voz09--><br \/>\n<!--publicidad-voz10--><!--bestpublic-voz10--><!--desk-in-out-voz10--><br \/>\n<!--publicidad-voz11--><!--bestpublic-voz11--><!--desk-in-out-voz11--><br \/>\n<!--publicidad-voz12--><!--bestpublic-voz12--><!--desk-in-out-voz12--><br \/>\n<!--publicidad-voz13--><!--bestpublic-voz13--><!--desk-in-out-voz13--><br \/>\n<!--publicidad-voz14--><!--bestpublic-voz14--><!--desk-in-out-voz14--><br \/>\n<!--publicidad-voz15--><!--bestpublic-voz15--><!--desk-in-out-voz15--><br \/>\n<!--publicidad-voz16--><!--bestpublic-voz16--><!--desk-in-out-voz16--><\/p>\n","protected":false},"excerpt":{"rendered":"<p>El presidente de la Diputaci\u00f3n de Albacete, Santi Caba\u00f1ero, ha participado en la inauguraci\u00f3n del nuevo Consultorio Local de Barrax, junto al jefe del Ejecutivo Auton\u00f3mico, Emiliano Garc\u00eda-Page, y a&#8230;<\/p>\n","protected":false},"author":2,"featured_media":149508,"comment_status":"closed","ping_status":"closed","sticky":false,"template":"","format":"standard","meta":{"footnotes":""},"categories":[753,718,715,716,717],"tags":[],"class_list":["post-149507","post","type-post","status-publish","format-standard","has-post-thumbnail","hentry","category-blog-lv034","category-blogger","category-la-voz-de-hellin","category-la-voz-de-hellin-la-voz-de-hellin","category-noticias"],"_links":{"self":[{"href":"https:\/\/lavozdehellin.com\/noticias\/wp-json\/wp\/v2\/posts\/149507","targetHints":{"allow":["GET"]}}],"collection":[{"href":"https:\/\/lavozdehellin.com\/noticias\/wp-json\/wp\/v2\/posts"}],"about":[{"href":"https:\/\/lavozdehellin.com\/noticias\/wp-json\/wp\/v2\/types\/post"}],"author":[{"embeddable":true,"href":"https:\/\/lavozdehellin.com\/noticias\/wp-json\/wp\/v2\/users\/2"}],"replies":[{"embeddable":true,"href":"https:\/\/lavozdehellin.com\/noticias\/wp-json\/wp\/v2\/comments?post=149507"}],"version-history":[{"count":0,"href":"https:\/\/lavozdehellin.com\/noticias\/wp-json\/wp\/v2\/posts\/149507\/revisions"}],"wp:featuredmedia":[{"embeddable":true,"href":"https:\/\/lavozdehellin.com\/noticias\/wp-json\/wp\/v2\/media\/149508"}],"wp:attachment":[{"href":"https:\/\/lavozdehellin.com\/noticias\/wp-json\/wp\/v2\/media?parent=149507"}],"wp:term":[{"taxonomy":"category","embeddable":true,"href":"https:\/\/lavozdehellin.com\/noticias\/wp-json\/wp\/v2\/categories?post=149507"},{"taxonomy":"post_tag","embeddable":true,"href":"https:\/\/lavozdehellin.com\/noticias\/wp-json\/wp\/v2\/tags?post=149507"}],"curies":[{"name":"wp","href":"https:\/\/api.w.org\/{rel}","templated":true}]}}