{"id":149513,"date":"2024-03-18T14:23:30","date_gmt":"2024-03-18T13:23:30","guid":{"rendered":"https:\/\/lavozdehellin.com\/noticias\/?p=149513"},"modified":"2024-04-08T10:02:27","modified_gmt":"2024-04-08T09:02:27","slug":"v08-445-la-diputacion-de-albacete-felicita-a-diego-diaz-por-su-reciente-doble-exito-en-el-campeonato-del-mundo-de-skysnow","status":"publish","type":"post","link":"https:\/\/lavozdehellin.com\/noticias\/v08-445-la-diputacion-de-albacete-felicita-a-diego-diaz-por-su-reciente-doble-exito-en-el-campeonato-del-mundo-de-skysnow\/","title":{"rendered":"LVH NOTICIAS | LA DIPUTACI\u00d3N DE ALBACETE FELICITA A DIEGO D\u00cdAZ POR SU RECIENTE DOBLE \u00c9XITO EN EL CAMPEONATO DEL MUNDO DE SKYSNOW"},"content":{"rendered":"<p style=\"text-align: justify;\">El diputado provincial de Juventud y Deportes, Dani Sancha, ha recibido en el Palacio Provincial al corredor del Club Atletismo Albacete-Diputaci\u00f3n, Diego D\u00edaz Ortega, tras su gran resultado en el Campeonato del Mundo de SkyShow, celebrado a comienzos de marzo en Tarvisio (Italia), donde se alz\u00f3 con la medalla de plata en la modalidad vertical y con la de bronce en la combinada.<\/p>\n<p><!--more--><br \/>\n<!--publicidad-voz01--><a href=\"https:\/\/www.facebook.com\/SoloRadioHellin\/?locale=es_ES\"><img decoding=\"async\" class=\"alignnone size-medium\" src=\"https:\/\/blogger.googleusercontent.com\/img\/b\/R29vZ2xl\/AVvXsEiNncirNnyGedv00mhjZjh5Wl4_YPdJGanoAl8tL8zH-HwqE8uHqjEfSt340RHdx-9tuCSIkZ8rFamZiGyYlgDGxCsmXjCH_1xk5eYM3ntFZRvJP_jndOKR7w1UAo9Tu0vrZyOLfqRpHIxYI5SymJJ-pfGCQw6QVpggBH-UgfjiFQ2JOxqxG0Jx94kW83c\/s1600\/logo-principal.jpg\" width=\"100%\" height=\"100\" \/><\/a><!--bestpublic-voz01--><!--desk-in-out-voz01--><br \/>\n<!--publicidad-voz02--><a href=\"https:\/\/www.hellincf.com\/\"><img decoding=\"async\" class=\"alignnone size-medium\" src=\"https:\/\/blogger.googleusercontent.com\/img\/b\/R29vZ2xl\/AVvXsEhuZ4-XfBVj3UtdP8-RZugy3WVrg-Zv28c53m4oV47qYCxL1rX_dqWX_YddsGSnpH5SRDqZ7bZeKPIfDVCDncpjVlhy3aQs2vojcJBn7Gdv9hC2_Nzct_pRFrnFE1a7KTCdY1bT_kAgnY3-iadRZrGeJf1fR2P5fu11bokx0pWjaypoy-ctwCjklldpEbA\/s1600\/logo-principal7.jpg\" width=\"100%\" height=\"100\" \/><\/a><!--bestpublic-voz02--><!--desk-in-out-voz02--><\/p>\n<p style=\"text-align: justify;\">En nombre del presidente de la Diputaci\u00f3n, Santi Caba\u00f1ero, Sancha le ha dado la enhorabuena subrayando el orgullo que supone para la provincia sumar a su palmar\u00e9s deportivo estos importantes triunfos tras su paso por una competici\u00f3n que congreg\u00f3 a los y las mejores de unos 20 pa\u00edses, se\u00f1alando que su figura es un ejemplo de perseverancia, dedicaci\u00f3n y compromiso. Cualidades que el joven deportista sigue encarnando cada d\u00eda, dentro de un calendario de citas que, como le ha avanzado al diputado, no cesa por el momento y afronta lleno de ganas.<\/p>\n<p style=\"text-align: justify;\">El responsable provincial ha recordado que Diego D\u00edaz, conocido cari\u00f1osamente por los suyos como \u2018Patalibre\u2019, llegaba a esa cita en un gran estado de forma tras vencer con superioridad en la 13\u00aa Snowrrunning Sierra Nevada, y ha remarcado que tambi\u00e9n es un lujo contar con un paisano en la Selecci\u00f3n Espa\u00f1ola de Atletismo, advirtiendo que, a la misma vez, se trata de \u201cun justo reconocimiento\u201d al incansable esfuerzo de este atleta.<\/p>\n<p style=\"text-align: justify;\">Adem\u00e1s, Sancha ha se\u00f1alado que estas medallas visibilizan a nivel internacional el gran momento que vive el deporte albacetense en general y el atletismo en particular, as\u00ed como el buen trabajo que vienen realizando sus clubes y deportistas y c\u00f3mo, en su caso, lo viene haciendo desde lo m\u00e1s alto de una modalidad poco conocida pero llamada a consolidarse, so\u00f1ando con alcanzar pronto el reto de ser considerada \u2018deporte ol\u00edmpico\u2019.<\/p>\n<p style=\"text-align: justify;\">De hecho, ha felicitado al Club Atletismo Albacete-Diputaci\u00f3n en cuyas categor\u00edas inferiores se ha formado este ganador, y se ha mostrado convencido de que seguir\u00e1n llegando nuevas conquistas de la mano de Diego D\u00edaz y de esta entidad.<\/p>\n<p style=\"text-align: justify;\">De hecho, ha felicitado al Club Atletismo Albacete-Diputaci\u00f3n en cuyas categor\u00edas inferiores se ha formado este ganador, y se ha mostrado convencido de que seguir\u00e1n llegando nuevas conquistas de la mano de Diego D\u00edaz y de esta entidad que viene realizando un gran esfuerzo en promocionar y fomentar el atletismo desde edades muy tempranas, contando entre sus filas con profesionales del primer nivel. En esta l\u00ednea, Sancha ha reiterado el apoyo de la Diputaci\u00f3n al Club, con el que suscribe anualmente un convenio de colaboraci\u00f3n que pr\u00e1cticamente se ha duplicado para este ejercicio, alcanzando los 25.000\u20ac.<\/p>\n<p><!--publicidad-voz03--><a href=\"https:\/\/www.facebook.com\/profile.php?id=100063593791305&amp;locale=es_ES\"><img decoding=\"async\" class=\"alignnone size-medium\" src=\"https:\/\/blogger.googleusercontent.com\/img\/b\/R29vZ2xl\/AVvXsEi8_n_ll8UOcGxCqzFvb_9Io4ICczlGC990BPtPj2w9Px-u7B3oqWUW5vtjZUqPNJ-nyjiUIorE0ATsib_l5tV8BVN-UJ03RTnU__IHJF_4DgDBtY4LIqXNG-FomrO-7ywes20CBCRM2Hcm7EJSh3UUw1dO-c_uTflUrtgY1i7uBRezj_DpympmEFkfbQY\/s1600\/logo-principal2.jpg\" width=\"100%\" height=\"100\" \/><\/a><!--bestpublic-voz03--><!--desk-in-out-voz03--><br \/>\n<!--publicidad-voz04--><a href=\"https:\/\/www.facebook.com\/profile.php?id=61557370768692&amp;locale=es_ES\"><img decoding=\"async\" class=\"alignnone size-medium\" src=\"https:\/\/blogger.googleusercontent.com\/img\/b\/R29vZ2xl\/AVvXsEgy5RdcfffrnrItnYTcV9bCJjgJwldsQLWssfVfrLbyfXeBNTFKgBf0rMIvhrUaGUhiXzVr9_eQgCbi-j63ZDpfTvLIty9w7s140y-m1yHe7eKmEK7v2NAHUJDVYGdfeiQFeRCqUjdwWmN1MX_AUxxz4IVdJ4WIM0APxit8bjWkXzrnEFGqBvW_1F13H1g\/s1600\/logo-principal5.jpg\" width=\"100%\" height=\"100\" \/><\/a><!--bestpublic-voz04--><!--desk-in-out-voz04--><br \/>\n<!--publicidad-voz05--><a href=\"https:\/\/www.facebook.com\/asociaciontamborileroshellin?locale=es_ES\"><img decoding=\"async\" class=\"alignnone size-medium\" src=\"https:\/\/blogger.googleusercontent.com\/img\/b\/R29vZ2xl\/AVvXsEhHEEpZsKK1VpwiYMrS7aE2ujtqIDZoLd4B5wtbiseSU9s2HdTdQfhF84So2XwEB1fv0BLw95GADm6hUl1bkKtzh-eIgVigXONuu_5RxeIMPhjk8q6uNX4EaEHbooKkbu7pCADWPpVJjhKIH5NQSJpWqedC-YBez4QAQeJYokkLot9bhrIaUAeztsGis6M\/s1600\/logo-principal3.jpg\" width=\"100%\" height=\"100\" \/><\/a><!--bestpublic-voz05--><!--desk-in-out-voz05--><br \/>\n<!--publicidad-voz06--><!--bestpublic-voz06--><!--desk-in-out-voz06--><br \/>\n<!--publicidad-voz07--><!--bestpublic-voz07--><!--desk-in-out-voz07--><br \/>\n<!--publicidad-voz08--><!--bestpublic-voz08--><!--desk-in-out-voz08--><br \/>\n<!--publicidad-voz09--><!--bestpublic-voz09--><!--desk-in-out-voz09--><br \/>\n<!--publicidad-voz10--><!--bestpublic-voz10--><!--desk-in-out-voz10--><br \/>\n<!--publicidad-voz11--><!--bestpublic-voz11--><!--desk-in-out-voz11--><br \/>\n<!--publicidad-voz12--><!--bestpublic-voz12--><!--desk-in-out-voz12--><br \/>\n<!--publicidad-voz13--><!--bestpublic-voz13--><!--desk-in-out-voz13--><br \/>\n<!--publicidad-voz14--><!--bestpublic-voz14--><!--desk-in-out-voz14--><br \/>\n<!--publicidad-voz15--><!--bestpublic-voz15--><!--desk-in-out-voz15--><br \/>\n<!--publicidad-voz16--><!--bestpublic-voz16--><!--desk-in-out-voz16--><\/p>\n","protected":false},"excerpt":{"rendered":"<p>El diputado provincial de Juventud y Deportes, Dani Sancha, ha recibido en el Palacio Provincial al corredor del Club Atletismo Albacete-Diputaci\u00f3n, Diego D\u00edaz Ortega, tras su gran resultado en el&#8230;<\/p>\n","protected":false},"author":2,"featured_media":149514,"comment_status":"closed","ping_status":"closed","sticky":false,"template":"","format":"standard","meta":{"footnotes":""},"categories":[753,718,715,716,717],"tags":[],"class_list":["post-149513","post","type-post","status-publish","format-standard","has-post-thumbnail","hentry","category-blog-lv034","category-blogger","category-la-voz-de-hellin","category-la-voz-de-hellin-la-voz-de-hellin","category-noticias"],"_links":{"self":[{"href":"https:\/\/lavozdehellin.com\/noticias\/wp-json\/wp\/v2\/posts\/149513","targetHints":{"allow":["GET"]}}],"collection":[{"href":"https:\/\/lavozdehellin.com\/noticias\/wp-json\/wp\/v2\/posts"}],"about":[{"href":"https:\/\/lavozdehellin.com\/noticias\/wp-json\/wp\/v2\/types\/post"}],"author":[{"embeddable":true,"href":"https:\/\/lavozdehellin.com\/noticias\/wp-json\/wp\/v2\/users\/2"}],"replies":[{"embeddable":true,"href":"https:\/\/lavozdehellin.com\/noticias\/wp-json\/wp\/v2\/comments?post=149513"}],"version-history":[{"count":0,"href":"https:\/\/lavozdehellin.com\/noticias\/wp-json\/wp\/v2\/posts\/149513\/revisions"}],"wp:featuredmedia":[{"embeddable":true,"href":"https:\/\/lavozdehellin.com\/noticias\/wp-json\/wp\/v2\/media\/149514"}],"wp:attachment":[{"href":"https:\/\/lavozdehellin.com\/noticias\/wp-json\/wp\/v2\/media?parent=149513"}],"wp:term":[{"taxonomy":"category","embeddable":true,"href":"https:\/\/lavozdehellin.com\/noticias\/wp-json\/wp\/v2\/categories?post=149513"},{"taxonomy":"post_tag","embeddable":true,"href":"https:\/\/lavozdehellin.com\/noticias\/wp-json\/wp\/v2\/tags?post=149513"}],"curies":[{"name":"wp","href":"https:\/\/api.w.org\/{rel}","templated":true}]}}