{"id":149519,"date":"2024-03-19T13:30:38","date_gmt":"2024-03-19T12:30:38","guid":{"rendered":"https:\/\/lavozdehellin.com\/noticias\/?p=149519"},"modified":"2024-04-08T10:02:27","modified_gmt":"2024-04-08T09:02:27","slug":"v08-447-villamalea-de-la-mano-de-la-diputacion-de-albacete-y-la-jccm-acogera-el-x-encuentro-provincial-de-clubes-de-lectura-juveniles-el-proximo-21-de-marzo-en-el-marco-del-programa-lectibe","status":"publish","type":"post","link":"https:\/\/lavozdehellin.com\/noticias\/v08-447-villamalea-de-la-mano-de-la-diputacion-de-albacete-y-la-jccm-acogera-el-x-encuentro-provincial-de-clubes-de-lectura-juveniles-el-proximo-21-de-marzo-en-el-marco-del-programa-lectibe\/","title":{"rendered":"LVH NOTICIAS | VILLAMALEA, DE LA MANO DE LA DIPUTACI\u00d3N DE ALBACETE Y LA JCCM, ACOGER\u00c1 EL X ENCUENTRO PROVINCIAL DE CLUBES DE LECTURA JUVENILES EL PR\u00d3XIMO 21 DE MARZO EN EL MARCO DEL PROGRAMA LECTIBE"},"content":{"rendered":"<p style=\"text-align: justify;\">En el marco del programa Lectibe, el pr\u00f3ximo 21 de marzo se celebrar\u00e1 el X Encuentro Provincial de Clubes de Lectura Juveniles de Albacete, y Villamalea ser\u00e1 la sede de esta cita, tal y como han anunciado el diputado de Educaci\u00f3n y Cultura Miguel Zamora, el delegado provincial de Educaci\u00f3n, Cultura y Deportes, Diego P\u00e9rez; y al alcalde de la localidad anfitriona, Jos\u00e9 N\u00fa\u00f1ez, durante su presentaci\u00f3n.<\/p>\n<p><!--more--><br \/>\n<!--publicidad-voz01--><a href=\"https:\/\/www.facebook.com\/SoloRadioHellin\/?locale=es_ES\"><img decoding=\"async\" class=\"alignnone size-medium\" src=\"https:\/\/blogger.googleusercontent.com\/img\/b\/R29vZ2xl\/AVvXsEiNncirNnyGedv00mhjZjh5Wl4_YPdJGanoAl8tL8zH-HwqE8uHqjEfSt340RHdx-9tuCSIkZ8rFamZiGyYlgDGxCsmXjCH_1xk5eYM3ntFZRvJP_jndOKR7w1UAo9Tu0vrZyOLfqRpHIxYI5SymJJ-pfGCQw6QVpggBH-UgfjiFQ2JOxqxG0Jx94kW83c\/s1600\/logo-principal.jpg\" width=\"100%\" height=\"100\" \/><\/a><!--bestpublic-voz01--><!--desk-in-out-voz01--><br \/>\n<!--publicidad-voz02--><a href=\"https:\/\/www.hellincf.com\/\"><img decoding=\"async\" class=\"alignnone size-medium\" src=\"https:\/\/blogger.googleusercontent.com\/img\/b\/R29vZ2xl\/AVvXsEhuZ4-XfBVj3UtdP8-RZugy3WVrg-Zv28c53m4oV47qYCxL1rX_dqWX_YddsGSnpH5SRDqZ7bZeKPIfDVCDncpjVlhy3aQs2vojcJBn7Gdv9hC2_Nzct_pRFrnFE1a7KTCdY1bT_kAgnY3-iadRZrGeJf1fR2P5fu11bokx0pWjaypoy-ctwCjklldpEbA\/s1600\/logo-principal7.jpg\" width=\"100%\" height=\"100\" \/><\/a><!--bestpublic-voz02--><!--desk-in-out-voz02--><\/p>\n<p style=\"text-align: justify;\">Una cita en la que Zamora ha destacado la relevancia de esta iniciativa que, no s\u00f3lo contribuye a la promoci\u00f3n de la lectura, sino que es un espacio de convivencia e intercambio en el que se promueve el di\u00e1logo y el desarrollo personal y cognitivo de la juventud, afirmando que nos encontramos \u201cante diez a\u00f1os de \u00e9xito\u201d.<\/p>\n<p style=\"text-align: justify;\">Este proyecto, impulsado por el \u00c1rea de Educaci\u00f3n y Cultura de la Diputaci\u00f3n de Albacete y la Secci\u00f3n del Libro, Archivos y Bibliotecas de la Delegaci\u00f3n Provincial de Educaci\u00f3n, Cultura y Deportes de la JCCM, suma, edici\u00f3n tras edici\u00f3n, la implicaci\u00f3n de los centros j\u00f3venes, las bibliotecas p\u00fablicas y escolares, \u201cparte esencial del proyecto\u201d, y de ayuntamientos, as\u00ed como de los clubes de lectura que lo integran. Para quienes Zamora ha tenido palabras de gratitud y reconocimiento, destacando, en esta ocasi\u00f3n, el apoyo del Consistorio de Villamalea, y remarcando el papel protagonista de los j\u00f3venes lectores y lectoras, al tiempo que ha felicitado al autor del cartel: el ilustrador villamalense, David Mart\u00ednez.<\/p>\n<p style=\"text-align: justify;\">En concreto, en este encuentro est\u00e1 prevista la participaci\u00f3n de unos 200 chicos y chicas de los Club Lectura del IES Universidad Popular de Albacete, de Casas Ib\u00e1\u00f1ez, Caudete, Hell\u00edn, Tarazona de la Mancha y Villamalea, a quienes el responsable provincial ha animado a disfrutar de esta jornada que contar\u00e1 con Alice Kellen como autora invitada, una de las escritoras espa\u00f1olas m\u00e1s le\u00eddas. De hecho, ser\u00e1 su libro \u2018Donde todo brilla\u2019 el hilo conductor de este encuentro que se completa con otras actividades.<\/p>\n<p style=\"text-align: justify;\">As\u00ed, tras la recepci\u00f3n en el Parque de la Balsa, los y las participantes se trasladar\u00e1n hasta la Plaza de la Concepci\u00f3n donde est\u00e1 previsto un Scape Room City \u2018El equipo lector del a\u00f1o\u2019. Se trata de un juego de pistas donde la habilidad y la compresi\u00f3n lectora ser\u00e1 crucial para conseguir la victoria. A lo que seguir\u00e1 el encuentro con la citada autora y, ya por la tarde y tras la comida de hermandad, se ha organizado un espect\u00e1culo de danza contempor\u00e1nea, \u2018She\u2019, a cargo de la Jove Companyia de Danza Gerard Collins.<\/p>\n<p style=\"text-align: justify;\">Zamora explica que m\u00e1s de 1.500 j\u00f3venes lectores y lectoras han participado en estos Encuentros<\/p>\n<p style=\"text-align: justify;\">Durante su intervenci\u00f3n, Miguel Zamora ha explicado que estos Encuentros son la actividad central del programa Lectibe, que surge como continuaci\u00f3n del proyecto europeo Comenius Regio (los actuales Erasmus+) \u2018Lectores Ib\u00e9ricos: Clubes de Lectura\u2019, y que tanto en aquella primera fase como en esta segunda avanza en sus objetivos que pasan por mejorar las Competencias B\u00e1sicas del alumnado de Educaci\u00f3n Secundaria Obligatoria, con especial atenci\u00f3n a la competencia lectora, puesto que tiene relaci\u00f3n directa con la mejora de su rendimiento acad\u00e9mico y motivaci\u00f3n; y tambi\u00e9n a la competencia digital, ya que se utilizan eReaders y otros dispositivos electr\u00f3nicos para fomentar su inter\u00e9s y motivaci\u00f3n hacia el hecho lector.<\/p>\n<p style=\"text-align: justify;\">Asimismo, Lectibe ha perseguido, desde su inicio, crear una red de cooperaci\u00f3n y coordinaci\u00f3n a nivel local con todos los agentes educativos implicado. Algo que se ha conseguido con gran solvencia, y en 2024 son m\u00e1s de 400 los y las j\u00f3venes que integran este programa en la provincia de Albacete.<\/p>\n<p style=\"text-align: justify;\">En este punto, Zamora ha destacado c\u00f3mo estos encuentros est\u00e1n contribuyendo en esta direcci\u00f3n, y ha recordado que ya se han celebrado en Hell\u00edn, Tarazona de la Mancha, Caudete y Casas Ib\u00e1\u00f1ez y Albacete, con una participaci\u00f3n que suma m\u00e1s de 1.500 j\u00f3venes a lo largo de estos a\u00f1os, en los que, adem\u00e1s, se han le\u00eddo m\u00e1s de 70 libros. Citas por las que han pasado reconocidos autores como David B. Gil, que particip\u00f3 el pasado a\u00f1o en el Encuentro celebrado en Hell\u00edn.<\/p>\n<p style=\"text-align: justify;\">P\u00e9rez subraya el compromiso del Gobierno regional con el fomento de la lectura<\/p>\n<p style=\"text-align: justify;\">Por su parte, el delegado provincial de Educaci\u00f3n, Cultura y Deportes, Diego P\u00e9rez, ha destacado el compromiso del Gobierno regional con el fomento y dinamizaci\u00f3n de la lectura en el conjunto de la regi\u00f3n con planes espec\u00edficos para ello, y ha puesto de relieve el alto n\u00famero de clubes de lectura con que cuenta la provincia, con 39 Juveniles, que aglutinan 780 lectores y est\u00e1n presentes en 21 municipios.<\/p>\n<p style=\"text-align: justify;\">Estos, sumados a los 170 de Adultos y 121 Infantiles, dejan un total de 330 clubes de lectura en el conjunto del territorio albacetense, presentes en 69 municipios y que concentran a m\u00e1s de 3.600 lectores y lectoras.<\/p>\n<p style=\"text-align: justify;\">Asimismo, el delegado de Educaci\u00f3n ha recordado el resto de servicios puestos a disposici\u00f3n por la Junta de Comunidades de Castilla-La Mancha para el fomento de la lectura en nuestros pueblos, como la Red de Bibliotecas; el servicio de Bibliob\u00fas, que incluye los Clubes de Lectura en Ruta; los Clubes de Lectura Virtuales; o el Servicio Biblio, para el pr\u00e9stamo de publicaciones en formato digital, y que en el \u00faltimo a\u00f1o ha duplicado su actividad pasando de 75.900 pr\u00e9stamos en 2022 a 146.000, en 2023.<\/p>\n<p style=\"text-align: justify;\">El alcalde de Villamalea descasta el papel de la Biblioteca Municipal<\/p>\n<p style=\"text-align: justify;\">Finalmente, el alcalde de Villamalea, que ha agradecido a la Diputaci\u00f3n y a la JCCM la elecci\u00f3n de su localidad para acoger esta cita, ha asegurado que \u201ces un honor ser la sede de este Encuentro\u201d, apuntando que una de las caracter\u00edsticas de este municipio es la amplia y variada programaci\u00f3n cultural con la que cuentan y, refiri\u00e9ndose de forma espec\u00edfica al \u00e1mbito de la lectura, y ha explicado que cuentan con 6 clubles de lectura (entre adultos, juveniles e infantiles), destacando el gran trabajo que se realiza desde su Biblioteca Municipal, que ha sido galardona en diez ocasiones por el Ministerio de Cultura con el premio Mar\u00eda Moliner.<\/p>\n<p style=\"text-align: justify;\">De hecho, Jos\u00e9 N\u00fa\u00f1ez ha reconocido p\u00fablicamente el trabajo, la implicaci\u00f3n y la dedicaci\u00f3n de los profesionales que trabajan en este servicio p\u00fablico, remarcando su contribuci\u00f3n a la dinamizaci\u00f3n de la cultura local.<\/p>\n<p style=\"text-align: justify;\">Finalmente, el regidor municipal ha animado a todos los y las participantes en este X Encuentro Provincial de Clubes de Lectura Juveniles de Albacete a disfrutar de su estancia en Villamalea \u201cconfiando en que encuentren en la lectura ese refugio y esa puerta a la cultura universal\u201d.<\/p>\n<p><!--publicidad-voz03--><a href=\"https:\/\/www.facebook.com\/profile.php?id=100063593791305&amp;locale=es_ES\"><img decoding=\"async\" class=\"alignnone size-medium\" src=\"https:\/\/blogger.googleusercontent.com\/img\/b\/R29vZ2xl\/AVvXsEi8_n_ll8UOcGxCqzFvb_9Io4ICczlGC990BPtPj2w9Px-u7B3oqWUW5vtjZUqPNJ-nyjiUIorE0ATsib_l5tV8BVN-UJ03RTnU__IHJF_4DgDBtY4LIqXNG-FomrO-7ywes20CBCRM2Hcm7EJSh3UUw1dO-c_uTflUrtgY1i7uBRezj_DpympmEFkfbQY\/s1600\/logo-principal2.jpg\" width=\"100%\" height=\"100\" \/><\/a><!--bestpublic-voz03--><!--desk-in-out-voz03--><br \/>\n<!--publicidad-voz04--><a href=\"https:\/\/www.facebook.com\/profile.php?id=61557370768692&amp;locale=es_ES\"><img decoding=\"async\" class=\"alignnone size-medium\" src=\"https:\/\/blogger.googleusercontent.com\/img\/b\/R29vZ2xl\/AVvXsEgy5RdcfffrnrItnYTcV9bCJjgJwldsQLWssfVfrLbyfXeBNTFKgBf0rMIvhrUaGUhiXzVr9_eQgCbi-j63ZDpfTvLIty9w7s140y-m1yHe7eKmEK7v2NAHUJDVYGdfeiQFeRCqUjdwWmN1MX_AUxxz4IVdJ4WIM0APxit8bjWkXzrnEFGqBvW_1F13H1g\/s1600\/logo-principal5.jpg\" width=\"100%\" height=\"100\" \/><\/a><!--bestpublic-voz04--><!--desk-in-out-voz04--><br \/>\n<!--publicidad-voz05--><a href=\"https:\/\/www.facebook.com\/asociaciontamborileroshellin?locale=es_ES\"><img decoding=\"async\" class=\"alignnone size-medium\" src=\"https:\/\/blogger.googleusercontent.com\/img\/b\/R29vZ2xl\/AVvXsEhHEEpZsKK1VpwiYMrS7aE2ujtqIDZoLd4B5wtbiseSU9s2HdTdQfhF84So2XwEB1fv0BLw95GADm6hUl1bkKtzh-eIgVigXONuu_5RxeIMPhjk8q6uNX4EaEHbooKkbu7pCADWPpVJjhKIH5NQSJpWqedC-YBez4QAQeJYokkLot9bhrIaUAeztsGis6M\/s1600\/logo-principal3.jpg\" width=\"100%\" height=\"100\" \/><\/a><!--bestpublic-voz05--><!--desk-in-out-voz05--><br \/>\n<!--publicidad-voz06--><!--bestpublic-voz06--><!--desk-in-out-voz06--><br \/>\n<!--publicidad-voz07--><!--bestpublic-voz07--><!--desk-in-out-voz07--><br \/>\n<!--publicidad-voz08--><!--bestpublic-voz08--><!--desk-in-out-voz08--><br \/>\n<!--publicidad-voz09--><!--bestpublic-voz09--><!--desk-in-out-voz09--><br \/>\n<!--publicidad-voz10--><!--bestpublic-voz10--><!--desk-in-out-voz10--><br \/>\n<!--publicidad-voz11--><!--bestpublic-voz11--><!--desk-in-out-voz11--><br \/>\n<!--publicidad-voz12--><!--bestpublic-voz12--><!--desk-in-out-voz12--><br \/>\n<!--publicidad-voz13--><!--bestpublic-voz13--><!--desk-in-out-voz13--><br \/>\n<!--publicidad-voz14--><!--bestpublic-voz14--><!--desk-in-out-voz14--><br \/>\n<!--publicidad-voz15--><!--bestpublic-voz15--><!--desk-in-out-voz15--><br \/>\n<!--publicidad-voz16--><!--bestpublic-voz16--><!--desk-in-out-voz16--><\/p>\n","protected":false},"excerpt":{"rendered":"<p>En el marco del programa Lectibe, el pr\u00f3ximo 21 de marzo se celebrar\u00e1 el X Encuentro Provincial de Clubes de Lectura Juveniles de Albacete, y Villamalea ser\u00e1 la sede de&#8230;<\/p>\n","protected":false},"author":2,"featured_media":149520,"comment_status":"closed","ping_status":"closed","sticky":false,"template":"","format":"standard","meta":{"footnotes":""},"categories":[753,718,715,716,717],"tags":[],"class_list":["post-149519","post","type-post","status-publish","format-standard","has-post-thumbnail","hentry","category-blog-lv034","category-blogger","category-la-voz-de-hellin","category-la-voz-de-hellin-la-voz-de-hellin","category-noticias"],"_links":{"self":[{"href":"https:\/\/lavozdehellin.com\/noticias\/wp-json\/wp\/v2\/posts\/149519","targetHints":{"allow":["GET"]}}],"collection":[{"href":"https:\/\/lavozdehellin.com\/noticias\/wp-json\/wp\/v2\/posts"}],"about":[{"href":"https:\/\/lavozdehellin.com\/noticias\/wp-json\/wp\/v2\/types\/post"}],"author":[{"embeddable":true,"href":"https:\/\/lavozdehellin.com\/noticias\/wp-json\/wp\/v2\/users\/2"}],"replies":[{"embeddable":true,"href":"https:\/\/lavozdehellin.com\/noticias\/wp-json\/wp\/v2\/comments?post=149519"}],"version-history":[{"count":0,"href":"https:\/\/lavozdehellin.com\/noticias\/wp-json\/wp\/v2\/posts\/149519\/revisions"}],"wp:featuredmedia":[{"embeddable":true,"href":"https:\/\/lavozdehellin.com\/noticias\/wp-json\/wp\/v2\/media\/149520"}],"wp:attachment":[{"href":"https:\/\/lavozdehellin.com\/noticias\/wp-json\/wp\/v2\/media?parent=149519"}],"wp:term":[{"taxonomy":"category","embeddable":true,"href":"https:\/\/lavozdehellin.com\/noticias\/wp-json\/wp\/v2\/categories?post=149519"},{"taxonomy":"post_tag","embeddable":true,"href":"https:\/\/lavozdehellin.com\/noticias\/wp-json\/wp\/v2\/tags?post=149519"}],"curies":[{"name":"wp","href":"https:\/\/api.w.org\/{rel}","templated":true}]}}