{"id":149522,"date":"2024-03-20T12:48:23","date_gmt":"2024-03-20T11:48:23","guid":{"rendered":"https:\/\/lavozdehellin.com\/noticias\/?p=149522"},"modified":"2024-04-08T10:02:27","modified_gmt":"2024-04-08T09:02:27","slug":"v08-448-albacete-acogera-la-i-semana-taurino-cultural-del-1-al-6-de-abril","status":"publish","type":"post","link":"https:\/\/lavozdehellin.com\/noticias\/v08-448-albacete-acogera-la-i-semana-taurino-cultural-del-1-al-6-de-abril\/","title":{"rendered":"LVH NOTICIAS | ALBACETE ACOGER\u00c1 LA I SEMANA TAURINO-CULTURAL DEL 1 AL 6 DE ABRIL"},"content":{"rendered":"<p style=\"text-align: justify;\">La Diputaci\u00f3n de Albacete ha acogido este mi\u00e9rcoles la presentaci\u00f3n, en rueda de prensa, de la primera Semana Taurino-Cultural que tendr\u00e1 lugar en la ciudad del 1 al 6 de abril, bajo el lema \u2018Albacete, Vive la Tauromaquia\u2019.<\/p>\n<p><!--more--><br \/>\n<!--publicidad-voz01--><a href=\"https:\/\/www.facebook.com\/SoloRadioHellin\/?locale=es_ES\"><img decoding=\"async\" class=\"alignnone size-medium\" src=\"https:\/\/blogger.googleusercontent.com\/img\/b\/R29vZ2xl\/AVvXsEiNncirNnyGedv00mhjZjh5Wl4_YPdJGanoAl8tL8zH-HwqE8uHqjEfSt340RHdx-9tuCSIkZ8rFamZiGyYlgDGxCsmXjCH_1xk5eYM3ntFZRvJP_jndOKR7w1UAo9Tu0vrZyOLfqRpHIxYI5SymJJ-pfGCQw6QVpggBH-UgfjiFQ2JOxqxG0Jx94kW83c\/s1600\/logo-principal.jpg\" width=\"100%\" height=\"100\" \/><\/a><!--bestpublic-voz01--><!--desk-in-out-voz01--><br \/>\n<!--publicidad-voz02--><a href=\"https:\/\/www.hellincf.com\/\"><img decoding=\"async\" class=\"alignnone size-medium\" src=\"https:\/\/blogger.googleusercontent.com\/img\/b\/R29vZ2xl\/AVvXsEhuZ4-XfBVj3UtdP8-RZugy3WVrg-Zv28c53m4oV47qYCxL1rX_dqWX_YddsGSnpH5SRDqZ7bZeKPIfDVCDncpjVlhy3aQs2vojcJBn7Gdv9hC2_Nzct_pRFrnFE1a7KTCdY1bT_kAgnY3-iadRZrGeJf1fR2P5fu11bokx0pWjaypoy-ctwCjklldpEbA\/s1600\/logo-principal7.jpg\" width=\"100%\" height=\"100\" \/><\/a><!--bestpublic-voz02--><!--desk-in-out-voz02--><\/p>\n<p style=\"text-align: justify;\">Este evento, pionero en su g\u00e9nero, ha sido impulsado por la Fundaci\u00f3n Toro de Lidia con el apoyo de todas las instituciones representativas del territorio: la propia Diputaci\u00f3n, la Junta de Comunidades de Castilla-La Mancha y el Ayuntamiento de Albacete.<\/p>\n<p style=\"text-align: justify;\">Y representantes de todas ellas han asistido a esta \u2018puesta de largo\u2019 de la iniciativa: Santi Caba\u00f1ero, como presidente provincial; Victorino Mart\u00edn, como cabeza de la Fundaci\u00f3n Toro de Lidia; Antonio Mart\u00ednez Iniesta, en calidad de coordinador del Cap\u00edtulo del Toro de Lidia en Albacete; Pedro Antonio Ruiz Santos, al frente de la Delegaci\u00f3n Provincial de la JCCM; y Alberto Reina, como segundo teniente de alcalde y concejal de Coordinaci\u00f3n General de Funcionamiento del Gobierno Municipal en el Ayuntamiento de Albacete.<\/p>\n<p style=\"text-align: justify;\">Unidad institucional en torno a un sector determinante para diversos \u00e1mbitos<\/p>\n<p style=\"text-align: justify;\">Durante su intervenci\u00f3n, Caba\u00f1ero ha destacado el arraigo de la tauromaquia en la tradici\u00f3n y la cultura espa\u00f1olas, se\u00f1alando que su promoci\u00f3n es una forma de \u201cpreservar y difundir\u201d esa parte importante de herencia cultural que \u2018la fiesta\u2019 tiene para la afici\u00f3n taurina.<\/p>\n<p style=\"text-align: justify;\">\u201cAlbacete es una tierra de toros, de grandes toreros, de magn\u00edficos \u2018hombres de plata\u2019, prestigiosos picadores, grandes cuadras de caballo, grandes ganader\u00edas\u2026 que han dado nombre a la provincia por todo el mundo y de las que nos sentimos orgullosos; y, sobre todo, es tierra de grandes aficionados (no hay m\u00e1s que visitar nuestra Feria de Albacete o las fiestas de cualquier pueblo de la provincia para comprobarlo\u2026). Y, en Albacete, muchos de los eventos y de las organizaciones importantes que hay, est\u00e1n ligadas tambi\u00e9n (o tienen algo que ver) con el mundo del toro (podr\u00edamos hablar del \u2018Cotolengo\u2019, de Asprona, de eventos que van muy ligados a la historia de la tauromaquia. Y es una parte de nuestra tradici\u00f3n y de nuestra cultura que da muchos puestos de trabajo, que permite a muchas familias vivir y que, adem\u00e1s, conforma nuestro paisaje (que tampoco ser\u00eda el mismo si no fuera por el mundo del toro: esa dehesa no existir\u00eda sin la presencia del toro bravo\u201d, ha se\u00f1alado el presidente.<\/p>\n<p style=\"text-align: justify;\">El presidente de la Fundaci\u00f3n ha felicitado al Cap\u00edtulo de Albacete (con Mart\u00ednez al frente) por la labor divulgativa que est\u00e1n haciendo, en l\u00ednea con uno de los grandes objetivos de la propia Fundaci\u00f3n Toro de Lidia: \u201cDesde que se cre\u00f3, estimamos que una de las cosas que ten\u00edamos que hacer era normalizar la relaci\u00f3n de la tauromaquia con la sociedad o de la sociedad con la tauromaquia\u2026 Porque la tauromaquia es algo muy importante en nuestra sociedad (y mucho m\u00e1s en Castilla-La Mancha y en Albacete)\u201d.<\/p>\n<p style=\"text-align: justify;\">Mart\u00edn ha ahondado en que \u201cel toro, la tauromaquia, no solamente es un patrimonio cultural: es tambi\u00e9n un patrimonio ecol\u00f3gico, medioambiental, sociol\u00f3gico y, por supuesto, econ\u00f3mico. Lo que mueve el mundo del toro no hay que despreciarlo porque forma parte importante de la econom\u00eda de muchas localidades, de muchos pueblos, de muchas ciudades. Y normalizar la relaci\u00f3n que tiene que tener la sociedad con la tauromaquia pues es una de nuestras funciones y para eso se crearon los Cap\u00edtulos, como \u00e9ste de Albacete\u201d.<\/p>\n<p style=\"text-align: justify;\">El delegado de la JCCM, Pedro Antonio Ruiz Santos, ha manifestado que \u201cel Gobierno de Emiliano Garc\u00eda-Page no tiene complejos en defender el mundo del toro\u201d, y por eso, \u201cten\u00edamos que estar presentes\u201d, ha apuntado, en esta Semana Taurino Cultural. En este sentido, la Junta de Comunidades va a participar cediendo su Sala de Exposiciones para albergar, del 1 al 6 de abril, una muestra de pintura y fotograf\u00eda taurina a cargo del artista Francisco Gabald\u00f3n y el fot\u00f3grafo Jos\u00e9 Mar\u00eda Fresneda, aderezada por los trajes de luces del sastre de toreros, Justo Algaba.<\/p>\n<p style=\"text-align: justify;\">Por su parte, el concejal de Asuntos Taurinos ha reiterado el apoyo firme y decidido del Ayuntamiento al mundo de los toros y, de manera especial, a la tauromaquia, ya que \u201ces arte, cultura, identidad, negocio, empleo y desarrollo econ\u00f3mico\u201d, asegurando que \u201cseguiremos respaldando todas aquellas iniciativas que, como la Semana Taurino-Cultural organizada por la Fundaci\u00f3n Toro de Lidia, fomenten, defiendan y pongan en valor la Fiesta Nacional\u201d y reiterando ese mensaje de Albacete como \u201ctierra de toreros\u201d.<\/p>\n<p style=\"text-align: justify;\">As\u00ed lo demuestra, ha recordado, la importante Escuela Taurina y la prestigiosa Feria Taurina de septiembre que, a partir del pr\u00f3ximo 11 de ese mes, celebrar\u00e1 en cada edici\u00f3n el D\u00eda de la Tauromaquia para renovar su compromiso taurino y seguir siendo \u201cuna ciudad taurina por tradici\u00f3n y afici\u00f3n\u201d.<\/p>\n<p style=\"text-align: justify;\">Diversa programaci\u00f3n de actividades<\/p>\n<p style=\"text-align: justify;\">Como ha enumerado con detalle Antonio Mart\u00ednez, el programa de la I Semana Taurino-Cultural incluye actividades abiertas al p\u00fablico en general y de car\u00e1cter gratuito, con la excepci\u00f3n del concierto que la Uni\u00f3n Musical Ciudad de Albacete (banda de m\u00fasica titular de la Plaza de Toros de Albacete) celebrar\u00e1 el viernes 5 de abril a las 20:00 horas en el Auditorio Municipal, con entradas a 3 euros, cuya recaudaci\u00f3n se destinar\u00e1 a la Instituci\u00f3n Ben\u00e9fica Sangrado Coraz\u00f3n de Jes\u00fas (conocida como \u2018Cotolengo\u2019).<\/p>\n<p style=\"text-align: justify;\">Entre ellas, est\u00e1 esa exposici\u00f3n taurina avanzada por Ruiz Santos y que, a cargo del pintor taurino, Francisco Gabald\u00f3n; el fot\u00f3grafo taurino, Jos\u00e9 Mar\u00eda Fresneda; y el \u2018sastre de toreros\u2019, Justo Algaba, podr\u00e1 visitarse del 4 al 6 de abril en la Casa Perona. Dos tertulias: la primera ser\u00e1 el jueves 4 a las 19:00 horas en el Museo Municipal, titulada \u2018La Tauromaquia a debate\u2019, con Victorino Mart\u00edn, Miguel Abell\u00e1n y Luis Francisco Espl\u00e1; la segunda ser\u00e1 el s\u00e1bado d\u00eda 6, a las 19:00 horas en el Casino Primitivo de Albacete, con Nacho Lloreto, Luis Mar\u00eda Garrido y Juan Antonio Medina y bajo el t\u00edtulo \u2018Empresarios Taurinos: novedades e iniciativas a aplicar para salvaguardar la Tauromaquia.<\/p>\n<p style=\"text-align: justify;\">En el Sal\u00f3n de Actos de la Diputaci\u00f3n de Albacete tendr\u00e1 lugar, al viernes 5 de abril a las 18:00 horas, la presentaci\u00f3n del libro \u2018Qu\u00e9 sabr\u00e1s t\u00fa de toros\u2019, a cargo de su autor, Federico Am\u00e1s y el cofundador y director de la Editorial \u2018El Pase\u00edllo\u2019, David Gonz\u00e1lez Romero. La ma\u00f1ana del s\u00e1bado, d\u00eda 10, se celebrar\u00e1 una visita pedag\u00f3gica guiada por Francisco Gabald\u00f3n a la Plaza de Toros de Albacete, con la colaboraci\u00f3n de Pascual Gonz\u00e1lez Masegosa, Genoveva Armero y la Cuadra de Caballos \u2018Pimpi de Albacete\u2019.<\/p>\n<p style=\"text-align: justify;\">De forma paralela, del 4 al 7 de abril, tendr\u00e1n lugar las Jornadas de la Tapa Taurina, con la colaboraci\u00f3n de vinos de la D.O. Manchuela y la participaci\u00f3n de una docena de destacados establecimientos hosteleros de la ciudad (Asador Concepci\u00f3n, Casino, Cuerda, Chafl\u00e1n de la tapa, Don Gil, La Bonita, Malvas\u00eda, El Callej\u00f3n, La Marte\u00f1a, Puerta de Madrid, Posada Real y Telma), cuyos representantes han recibido tras esta presentaci\u00f3n el reconocimiento p\u00fablico (en forma de diplomas) de la Fundaci\u00f3n por su implicaci\u00f3n en la iniciativa.<\/p>\n<p><!--publicidad-voz03--><a href=\"https:\/\/www.facebook.com\/profile.php?id=100063593791305&amp;locale=es_ES\"><img decoding=\"async\" class=\"alignnone size-medium\" src=\"https:\/\/blogger.googleusercontent.com\/img\/b\/R29vZ2xl\/AVvXsEi8_n_ll8UOcGxCqzFvb_9Io4ICczlGC990BPtPj2w9Px-u7B3oqWUW5vtjZUqPNJ-nyjiUIorE0ATsib_l5tV8BVN-UJ03RTnU__IHJF_4DgDBtY4LIqXNG-FomrO-7ywes20CBCRM2Hcm7EJSh3UUw1dO-c_uTflUrtgY1i7uBRezj_DpympmEFkfbQY\/s1600\/logo-principal2.jpg\" width=\"100%\" height=\"100\" \/><\/a><!--bestpublic-voz03--><!--desk-in-out-voz03--><br \/>\n<!--publicidad-voz04--><a href=\"https:\/\/www.facebook.com\/profile.php?id=61557370768692&amp;locale=es_ES\"><img decoding=\"async\" class=\"alignnone size-medium\" src=\"https:\/\/blogger.googleusercontent.com\/img\/b\/R29vZ2xl\/AVvXsEgy5RdcfffrnrItnYTcV9bCJjgJwldsQLWssfVfrLbyfXeBNTFKgBf0rMIvhrUaGUhiXzVr9_eQgCbi-j63ZDpfTvLIty9w7s140y-m1yHe7eKmEK7v2NAHUJDVYGdfeiQFeRCqUjdwWmN1MX_AUxxz4IVdJ4WIM0APxit8bjWkXzrnEFGqBvW_1F13H1g\/s1600\/logo-principal5.jpg\" width=\"100%\" height=\"100\" \/><\/a><!--bestpublic-voz04--><!--desk-in-out-voz04--><br \/>\n<!--publicidad-voz05--><a href=\"https:\/\/www.facebook.com\/asociaciontamborileroshellin?locale=es_ES\"><img decoding=\"async\" class=\"alignnone size-medium\" src=\"https:\/\/blogger.googleusercontent.com\/img\/b\/R29vZ2xl\/AVvXsEhHEEpZsKK1VpwiYMrS7aE2ujtqIDZoLd4B5wtbiseSU9s2HdTdQfhF84So2XwEB1fv0BLw95GADm6hUl1bkKtzh-eIgVigXONuu_5RxeIMPhjk8q6uNX4EaEHbooKkbu7pCADWPpVJjhKIH5NQSJpWqedC-YBez4QAQeJYokkLot9bhrIaUAeztsGis6M\/s1600\/logo-principal3.jpg\" width=\"100%\" height=\"100\" \/><\/a><!--bestpublic-voz05--><!--desk-in-out-voz05--><br \/>\n<!--publicidad-voz06--><!--bestpublic-voz06--><!--desk-in-out-voz06--><br \/>\n<!--publicidad-voz07--><!--bestpublic-voz07--><!--desk-in-out-voz07--><br \/>\n<!--publicidad-voz08--><!--bestpublic-voz08--><!--desk-in-out-voz08--><br \/>\n<!--publicidad-voz09--><!--bestpublic-voz09--><!--desk-in-out-voz09--><br \/>\n<!--publicidad-voz10--><!--bestpublic-voz10--><!--desk-in-out-voz10--><br \/>\n<!--publicidad-voz11--><!--bestpublic-voz11--><!--desk-in-out-voz11--><br \/>\n<!--publicidad-voz12--><!--bestpublic-voz12--><!--desk-in-out-voz12--><br \/>\n<!--publicidad-voz13--><!--bestpublic-voz13--><!--desk-in-out-voz13--><br \/>\n<!--publicidad-voz14--><!--bestpublic-voz14--><!--desk-in-out-voz14--><br \/>\n<!--publicidad-voz15--><!--bestpublic-voz15--><!--desk-in-out-voz15--><br \/>\n<!--publicidad-voz16--><!--bestpublic-voz16--><!--desk-in-out-voz16--><\/p>\n","protected":false},"excerpt":{"rendered":"<p>La Diputaci\u00f3n de Albacete ha acogido este mi\u00e9rcoles la presentaci\u00f3n, en rueda de prensa, de la primera Semana Taurino-Cultural que tendr\u00e1 lugar en la ciudad del 1 al 6 de&#8230;<\/p>\n","protected":false},"author":2,"featured_media":149523,"comment_status":"closed","ping_status":"closed","sticky":false,"template":"","format":"standard","meta":{"footnotes":""},"categories":[753,718,715,716,717],"tags":[],"class_list":["post-149522","post","type-post","status-publish","format-standard","has-post-thumbnail","hentry","category-blog-lv034","category-blogger","category-la-voz-de-hellin","category-la-voz-de-hellin-la-voz-de-hellin","category-noticias"],"_links":{"self":[{"href":"https:\/\/lavozdehellin.com\/noticias\/wp-json\/wp\/v2\/posts\/149522","targetHints":{"allow":["GET"]}}],"collection":[{"href":"https:\/\/lavozdehellin.com\/noticias\/wp-json\/wp\/v2\/posts"}],"about":[{"href":"https:\/\/lavozdehellin.com\/noticias\/wp-json\/wp\/v2\/types\/post"}],"author":[{"embeddable":true,"href":"https:\/\/lavozdehellin.com\/noticias\/wp-json\/wp\/v2\/users\/2"}],"replies":[{"embeddable":true,"href":"https:\/\/lavozdehellin.com\/noticias\/wp-json\/wp\/v2\/comments?post=149522"}],"version-history":[{"count":0,"href":"https:\/\/lavozdehellin.com\/noticias\/wp-json\/wp\/v2\/posts\/149522\/revisions"}],"wp:featuredmedia":[{"embeddable":true,"href":"https:\/\/lavozdehellin.com\/noticias\/wp-json\/wp\/v2\/media\/149523"}],"wp:attachment":[{"href":"https:\/\/lavozdehellin.com\/noticias\/wp-json\/wp\/v2\/media?parent=149522"}],"wp:term":[{"taxonomy":"category","embeddable":true,"href":"https:\/\/lavozdehellin.com\/noticias\/wp-json\/wp\/v2\/categories?post=149522"},{"taxonomy":"post_tag","embeddable":true,"href":"https:\/\/lavozdehellin.com\/noticias\/wp-json\/wp\/v2\/tags?post=149522"}],"curies":[{"name":"wp","href":"https:\/\/api.w.org\/{rel}","templated":true}]}}