{"id":149525,"date":"2024-03-20T13:09:54","date_gmt":"2024-03-20T12:09:54","guid":{"rendered":"https:\/\/lavozdehellin.com\/noticias\/?p=149525"},"modified":"2024-04-08T10:02:27","modified_gmt":"2024-04-08T09:02:27","slug":"v08-449-la-diputacion-de-albacete-invierte-en-carcelen-mas-de-100-000-e-mediante-el-pos-para-continuar-la-mejora-integral-de-diferentes-calles","status":"publish","type":"post","link":"https:\/\/lavozdehellin.com\/noticias\/v08-449-la-diputacion-de-albacete-invierte-en-carcelen-mas-de-100-000-e-mediante-el-pos-para-continuar-la-mejora-integral-de-diferentes-calles\/","title":{"rendered":"LVH NOTICIAS | LA DIPUTACI\u00d3N DE ALBACETE INVIERTE EN CARCEL\u00c9N M\u00c1S DE 100.000 \u20ac, MEDIANTE EL POS, PARA CONTINUAR LA MEJORA INTEGRAL DE DIFERENTES CALLES"},"content":{"rendered":"<p style=\"text-align: justify;\">El Plan de Obras y Servicios de la Diputaci\u00f3n de Albacete avanza en su cometido para transformar la realidad de nuestra provincia mejorando servicios e infraestructuras municipales con la mirada puesta en mejorar tambi\u00e9n el d\u00eda a d\u00eda de los vecinos y vecinas.<\/p>\n<p><!--more--><br \/>\n<!--publicidad-voz01--><a href=\"https:\/\/www.facebook.com\/SoloRadioHellin\/?locale=es_ES\"><img decoding=\"async\" class=\"alignnone size-medium\" src=\"https:\/\/blogger.googleusercontent.com\/img\/b\/R29vZ2xl\/AVvXsEiNncirNnyGedv00mhjZjh5Wl4_YPdJGanoAl8tL8zH-HwqE8uHqjEfSt340RHdx-9tuCSIkZ8rFamZiGyYlgDGxCsmXjCH_1xk5eYM3ntFZRvJP_jndOKR7w1UAo9Tu0vrZyOLfqRpHIxYI5SymJJ-pfGCQw6QVpggBH-UgfjiFQ2JOxqxG0Jx94kW83c\/s1600\/logo-principal.jpg\" width=\"100%\" height=\"100\" \/><\/a><!--bestpublic-voz01--><!--desk-in-out-voz01--><br \/>\n<!--publicidad-voz02--><a href=\"https:\/\/www.hellincf.com\/\"><img decoding=\"async\" class=\"alignnone size-medium\" src=\"https:\/\/blogger.googleusercontent.com\/img\/b\/R29vZ2xl\/AVvXsEhuZ4-XfBVj3UtdP8-RZugy3WVrg-Zv28c53m4oV47qYCxL1rX_dqWX_YddsGSnpH5SRDqZ7bZeKPIfDVCDncpjVlhy3aQs2vojcJBn7Gdv9hC2_Nzct_pRFrnFE1a7KTCdY1bT_kAgnY3-iadRZrGeJf1fR2P5fu11bokx0pWjaypoy-ctwCjklldpEbA\/s1600\/logo-principal7.jpg\" width=\"100%\" height=\"100\" \/><\/a><!--bestpublic-voz02--><!--desk-in-out-voz02--><\/p>\n<p style=\"text-align: justify;\">Algo que ha comprobado el vicepresidente provincial y responsable de Obras, Fran Valera, durante su visita a Carcel\u00e9n, acompa\u00f1ado por representantes de la Corporaci\u00f3n Municipal, encabezados por su alcalde, Antonio Moreno.<\/p>\n<p style=\"text-align: justify;\">En el marco de este programa (POS) en sus \u00faltimas ediciones, la localidad est\u00e1 viendo mejorada la calle Cristo en diferentes fases de urbanizaci\u00f3n. En concreto, en la actualidad se est\u00e1 ejecutando la cuarta de estas fases con una inversi\u00f3n cercana a los 55.000 \u20ac, de los cuales la instituci\u00f3n albacetense asume el 95% y el Ayuntamiento local, la parte restante.<\/p>\n<p style=\"text-align: justify;\">De hecho, Valera ha supervisado la evoluci\u00f3n de los trabajos que se est\u00e1n acometiendo en un nuevo tramo de esta calle para renovar su pavimentaci\u00f3n y acerado, as\u00ed como las redes de abastecimiento y de saneamiento, y las canalizaciones de alumbrado y telefon\u00eda. En lo que supone una actuaci\u00f3n integral en unos 100 metros de la v\u00eda, que se corresponden con la parte central de la misma.<\/p>\n<p style=\"text-align: justify;\">Se trata de una de las principales calles de la localidad tanto en lo relativo al tr\u00e1fico rodado como peatonal, ya que vertebra el municipio en su sentido longitudinal. Por ello, una vez finalizados en su totalidad los trabajos de acondicionamiento, el resultado final se traducir\u00e1 en unas mejores comunicaciones viarias dentro del municipio, pero tambi\u00e9n en una notable optimizaci\u00f3n en materia de accesibilidad, de seguridad y est\u00e9tica.<\/p>\n<p style=\"text-align: justify;\">De hecho, estos trabajos est\u00e1n consistiendo en la mejora de las aceras y el pavimento, consiguiendo que las intersecciones con las calles adyacentes sean limpias, sin mordeduras ni quiebros y, finalmente, sobre la solera de hormig\u00f3n de 15 cm la pavimentaci\u00f3n se colocar\u00e1 adoqu\u00edn rojo y pizarra siguiendo la l\u00ednea de los tramos en los que ya se ha actuado.<\/p>\n<p style=\"text-align: justify;\">Igualmente, las redes de abastecimiento y saneamiento de agua potable se est\u00e1n renovando, as\u00ed como las acometidas domiciliar\u00edas, y en el caso de la primera se ha previsto la instalaci\u00f3n de tres v\u00e1lvulas de compuerta de fundici\u00f3n con sus respectivas arquetas. En cuanto al alumbrado y a la telefon\u00eda, en una \u00fanica zanja se instalar\u00e1n estas canalizaciones y se ejecutar\u00e1n las arquetas de paso o derivaci\u00f3n correspondiente.<\/p>\n<p style=\"text-align: justify;\">Valera subraya que el desarrollo rural viene de la mano de pol\u00edticas p\u00fablicas que apuesten por mejorar servicios e infraestructuras municipales<\/p>\n<p style=\"text-align: justify;\">En este punto, el vicepresidente provincial ha valorado positivamente el calado de las obras, apuntando que es importante renovar tanto la superficie como lo que se \u2018esconde\u2019 debajo de ella, en alusi\u00f3n a las acciones soterradas bajo el pavimento, destacando que \u00e9stas se traducen en notables beneficios para la localidad, como son la reducci\u00f3n de aver\u00edas y la prestaci\u00f3n de un servicio m\u00e1s eficiente a la ciudadan\u00eda. Acciones que est\u00e1n en l\u00ednea con el esfuerzo que la Diputaci\u00f3n viene realizando en materia de eficiencia h\u00eddrica y energ\u00e9tica.<\/p>\n<p style=\"text-align: justify;\">Adem\u00e1s, Valera ha destacado que el Consistorio haya optado por continuar con la mejora de la pavimentaci\u00f3n del callejero local de la mano del POS 2023 con un presupuesto de 60.000 \u20ac. Estas actuaciones, que se llevar\u00e1n a cabo en los pr\u00f3ximos meses, beneficiar\u00e1n a un nuevo tramo de la calle Cristo, pero tambi\u00e9n a las v\u00edas Pil\u00f3n y Camino Pedreras (antiguo acceso a Carcel\u00e9n desde la carretera comarcal CM-332).<\/p>\n<p style=\"text-align: justify;\">De hecho, ha puesto de relieve el potencial que tiene el Plan de Obras Provincial y c\u00f3mo repercute positivamente en la vida de una localidad a trav\u00e9s de la mejora de sus servicios e infraestructuras, y ha dejado claro que las pol\u00edticas p\u00fablicas destinadas a favorecer el desarrollo rural deben estar encaminadas en esa direcci\u00f3n, \u201csiempre desde una escucha activa a las necesidades locales, y a trav\u00e9s de respuestas que velen por la autonom\u00eda municipal, porque es en los Ayuntamientos donde mejor se conoce la realidad de cada territorio\u201d.<\/p>\n<p style=\"text-align: justify;\">La Diputaci\u00f3n invirti\u00f3 m\u00e1s de 200.000 \u20ac en Carcel\u00e9n en 2023 a trav\u00e9s de las diferentes l\u00edneas de ayudas y en 2024 dispondr\u00e1 de cerca de 116.000 \u20ac s\u00f3lo a trav\u00e9s del POS y el \u2018Dipualba Responde\u2019<\/p>\n<p style=\"text-align: justify;\">Durante la visita, el vicepresidente de la Diputaci\u00f3n y el alcalde de Carcel\u00e9n tambi\u00e9n han mantenido una reuni\u00f3n, en la que Valera ha tenido oportunidad de recordar a Moreno que para este 2024 su localidad cuenta con cerca de 116.000 \u20ac de la mano del POS y del programa \u2018Dipualba Responde\u2019 en su versi\u00f3n de inversiones y de gasto corriente. Una elevada cuant\u00eda que el consistorio podr\u00e1 invertir en aquello que considere prioritario para el municipio.<\/p>\n<p style=\"text-align: justify;\">Adem\u00e1s, cabe destacar que la instituci\u00f3n provincial a lo largo de 2023 destin\u00f3, a trav\u00e9s de sus diferentes l\u00edneas de ayudas, m\u00e1s de 200.000\u202f\u20ac en inversiones en Carcel\u00e9n, haciendo posible no s\u00f3lo la mejora de infraestructuras y servicios municipales, como la recuperaci\u00f3n de la cubierta de la Ermita en Casas de Juan Gil, la rehabilitaci\u00f3n energ\u00e9tica de su Castillo o el acondicionamiento de la Balsa El Molino, sino tambi\u00e9n otras actuaciones que han supuesto beneficios directos en el d\u00eda a d\u00eda de los vecinos y vecinas en el \u00e1mbito de la conciliaci\u00f3n, la formaci\u00f3n, la cultura, el ocio, el turismo o, incluso, para el sector agrario.<\/p>\n<p style=\"text-align: justify;\">As\u00ed, en el marco de este importe se han realizado inversiones en caminos rurales, en la Universidad Popular, en los archivos municipales, la contrataci\u00f3n de monitores deportivos, tambi\u00e9n la realizaci\u00f3n de programas para la juventud y los clubes de lectura o para avanzar en conciliaci\u00f3n e igualdad.<\/p>\n<p style=\"text-align: justify;\">A esto se unen ayudas para Protecci\u00f3n Civil y para el desarrollo de carreras deportivas en el marco del Circuito Provincial, y para la mejora de \u00e1rea de servicio de autocaravanas o la adquisici\u00f3n de mobiliario para el punto de informaci\u00f3n tur\u00edstica.<\/p>\n<p><!--publicidad-voz03--><a href=\"https:\/\/www.facebook.com\/profile.php?id=100063593791305&amp;locale=es_ES\"><img decoding=\"async\" class=\"alignnone size-medium\" src=\"https:\/\/blogger.googleusercontent.com\/img\/b\/R29vZ2xl\/AVvXsEi8_n_ll8UOcGxCqzFvb_9Io4ICczlGC990BPtPj2w9Px-u7B3oqWUW5vtjZUqPNJ-nyjiUIorE0ATsib_l5tV8BVN-UJ03RTnU__IHJF_4DgDBtY4LIqXNG-FomrO-7ywes20CBCRM2Hcm7EJSh3UUw1dO-c_uTflUrtgY1i7uBRezj_DpympmEFkfbQY\/s1600\/logo-principal2.jpg\" width=\"100%\" height=\"100\" \/><\/a><!--bestpublic-voz03--><!--desk-in-out-voz03--><br \/>\n<!--publicidad-voz04--><a href=\"https:\/\/www.facebook.com\/profile.php?id=61557370768692&amp;locale=es_ES\"><img decoding=\"async\" class=\"alignnone size-medium\" src=\"https:\/\/blogger.googleusercontent.com\/img\/b\/R29vZ2xl\/AVvXsEgy5RdcfffrnrItnYTcV9bCJjgJwldsQLWssfVfrLbyfXeBNTFKgBf0rMIvhrUaGUhiXzVr9_eQgCbi-j63ZDpfTvLIty9w7s140y-m1yHe7eKmEK7v2NAHUJDVYGdfeiQFeRCqUjdwWmN1MX_AUxxz4IVdJ4WIM0APxit8bjWkXzrnEFGqBvW_1F13H1g\/s1600\/logo-principal5.jpg\" width=\"100%\" height=\"100\" \/><\/a><!--bestpublic-voz04--><!--desk-in-out-voz04--><br \/>\n<!--publicidad-voz05--><a href=\"https:\/\/www.facebook.com\/asociaciontamborileroshellin?locale=es_ES\"><img decoding=\"async\" class=\"alignnone size-medium\" src=\"https:\/\/blogger.googleusercontent.com\/img\/b\/R29vZ2xl\/AVvXsEhHEEpZsKK1VpwiYMrS7aE2ujtqIDZoLd4B5wtbiseSU9s2HdTdQfhF84So2XwEB1fv0BLw95GADm6hUl1bkKtzh-eIgVigXONuu_5RxeIMPhjk8q6uNX4EaEHbooKkbu7pCADWPpVJjhKIH5NQSJpWqedC-YBez4QAQeJYokkLot9bhrIaUAeztsGis6M\/s1600\/logo-principal3.jpg\" width=\"100%\" height=\"100\" \/><\/a><!--bestpublic-voz05--><!--desk-in-out-voz05--><br \/>\n<!--publicidad-voz06--><!--bestpublic-voz06--><!--desk-in-out-voz06--><br \/>\n<!--publicidad-voz07--><!--bestpublic-voz07--><!--desk-in-out-voz07--><br \/>\n<!--publicidad-voz08--><!--bestpublic-voz08--><!--desk-in-out-voz08--><br \/>\n<!--publicidad-voz09--><!--bestpublic-voz09--><!--desk-in-out-voz09--><br \/>\n<!--publicidad-voz10--><!--bestpublic-voz10--><!--desk-in-out-voz10--><br \/>\n<!--publicidad-voz11--><!--bestpublic-voz11--><!--desk-in-out-voz11--><br \/>\n<!--publicidad-voz12--><!--bestpublic-voz12--><!--desk-in-out-voz12--><br \/>\n<!--publicidad-voz13--><!--bestpublic-voz13--><!--desk-in-out-voz13--><br \/>\n<!--publicidad-voz14--><!--bestpublic-voz14--><!--desk-in-out-voz14--><br \/>\n<!--publicidad-voz15--><!--bestpublic-voz15--><!--desk-in-out-voz15--><br \/>\n<!--publicidad-voz16--><!--bestpublic-voz16--><!--desk-in-out-voz16--><\/p>\n","protected":false},"excerpt":{"rendered":"<p>El Plan de Obras y Servicios de la Diputaci\u00f3n de Albacete avanza en su cometido para transformar la realidad de nuestra provincia mejorando servicios e infraestructuras municipales con la mirada&#8230;<\/p>\n","protected":false},"author":2,"featured_media":149526,"comment_status":"closed","ping_status":"closed","sticky":false,"template":"","format":"standard","meta":{"footnotes":""},"categories":[753,718,715,716,717],"tags":[],"class_list":["post-149525","post","type-post","status-publish","format-standard","has-post-thumbnail","hentry","category-blog-lv034","category-blogger","category-la-voz-de-hellin","category-la-voz-de-hellin-la-voz-de-hellin","category-noticias"],"_links":{"self":[{"href":"https:\/\/lavozdehellin.com\/noticias\/wp-json\/wp\/v2\/posts\/149525","targetHints":{"allow":["GET"]}}],"collection":[{"href":"https:\/\/lavozdehellin.com\/noticias\/wp-json\/wp\/v2\/posts"}],"about":[{"href":"https:\/\/lavozdehellin.com\/noticias\/wp-json\/wp\/v2\/types\/post"}],"author":[{"embeddable":true,"href":"https:\/\/lavozdehellin.com\/noticias\/wp-json\/wp\/v2\/users\/2"}],"replies":[{"embeddable":true,"href":"https:\/\/lavozdehellin.com\/noticias\/wp-json\/wp\/v2\/comments?post=149525"}],"version-history":[{"count":0,"href":"https:\/\/lavozdehellin.com\/noticias\/wp-json\/wp\/v2\/posts\/149525\/revisions"}],"wp:featuredmedia":[{"embeddable":true,"href":"https:\/\/lavozdehellin.com\/noticias\/wp-json\/wp\/v2\/media\/149526"}],"wp:attachment":[{"href":"https:\/\/lavozdehellin.com\/noticias\/wp-json\/wp\/v2\/media?parent=149525"}],"wp:term":[{"taxonomy":"category","embeddable":true,"href":"https:\/\/lavozdehellin.com\/noticias\/wp-json\/wp\/v2\/categories?post=149525"},{"taxonomy":"post_tag","embeddable":true,"href":"https:\/\/lavozdehellin.com\/noticias\/wp-json\/wp\/v2\/tags?post=149525"}],"curies":[{"name":"wp","href":"https:\/\/api.w.org\/{rel}","templated":true}]}}