{"id":149528,"date":"2024-03-21T11:38:12","date_gmt":"2024-03-21T10:38:12","guid":{"rendered":"https:\/\/lavozdehellin.com\/noticias\/?p=149528"},"modified":"2024-04-08T10:02:27","modified_gmt":"2024-04-08T09:02:27","slug":"v08-450-la-diputacion-de-albacete-da-a-conocer-el-nombre-de-las-56-personas-y-entidades-reconocidas-en-sus-premios-provinciales-al-deporte-2023","status":"publish","type":"post","link":"https:\/\/lavozdehellin.com\/noticias\/v08-450-la-diputacion-de-albacete-da-a-conocer-el-nombre-de-las-56-personas-y-entidades-reconocidas-en-sus-premios-provinciales-al-deporte-2023\/","title":{"rendered":"LVH NOTICIAS | LA DIPUTACI\u00d3N DE ALBACETE DA A CONOCER EL NOMBRE DE LAS 56 PERSONAS Y ENTIDADES RECONOCIDAS EN SUS PREMIOS PROVINCIALES AL DEPORTE 2023"},"content":{"rendered":"<p style=\"text-align: justify;\">El diputado de Juventud y Deportes, Dani Sancha, ha dado a conocer los nombres de las personas y entidades reconocidas con los Premios Provinciales al Deporte 2023, as\u00ed como los detalles de la gala en la que se har\u00e1 entrega de estos distintivos. Una cita que tendr\u00e1 lugar el pr\u00f3ximo 3 de abril a las 19:00 horas en el Teatro Circo, convertida \u201cen una gran fiesta del deporte\u201d.<\/p>\n<p><!--more--><br \/>\n<!--publicidad-voz01--><a href=\"https:\/\/www.facebook.com\/SoloRadioHellin\/?locale=es_ES\"><img decoding=\"async\" class=\"alignnone size-medium\" src=\"https:\/\/blogger.googleusercontent.com\/img\/b\/R29vZ2xl\/AVvXsEiNncirNnyGedv00mhjZjh5Wl4_YPdJGanoAl8tL8zH-HwqE8uHqjEfSt340RHdx-9tuCSIkZ8rFamZiGyYlgDGxCsmXjCH_1xk5eYM3ntFZRvJP_jndOKR7w1UAo9Tu0vrZyOLfqRpHIxYI5SymJJ-pfGCQw6QVpggBH-UgfjiFQ2JOxqxG0Jx94kW83c\/s1600\/logo-principal.jpg\" width=\"100%\" height=\"100\" \/><\/a><!--bestpublic-voz01--><!--desk-in-out-voz01--><br \/>\n<!--publicidad-voz02--><a href=\"https:\/\/www.hellincf.com\/\"><img decoding=\"async\" class=\"alignnone size-medium\" src=\"https:\/\/blogger.googleusercontent.com\/img\/b\/R29vZ2xl\/AVvXsEhuZ4-XfBVj3UtdP8-RZugy3WVrg-Zv28c53m4oV47qYCxL1rX_dqWX_YddsGSnpH5SRDqZ7bZeKPIfDVCDncpjVlhy3aQs2vojcJBn7Gdv9hC2_Nzct_pRFrnFE1a7KTCdY1bT_kAgnY3-iadRZrGeJf1fR2P5fu11bokx0pWjaypoy-ctwCjklldpEbA\/s1600\/logo-principal7.jpg\" width=\"100%\" height=\"100\" \/><\/a><!--bestpublic-voz02--><!--desk-in-out-voz02--><\/p>\n<p style=\"text-align: justify;\">Sancha, que ha puesto en valor \u201cla buena acogida\u201d que esta iniciativa est\u00e1 teniendo entre deportistas, clubes, federaciones, ayuntamientos, patrocinadores, colaboradores y p\u00fablico, \u201clos y las protagonistas de este evento y de su \u00e9xito\u201d, ha se\u00f1alado la importancia de invertir en deporte, reiterando el compromiso del Gobierno provincial en este \u00e1mbito, al que ha destinado s\u00f3lo en 2024 m\u00e1s de 3.700.000 \u20ac, pero tambi\u00e9n ha aludido \u201ca la necesidad de visibilizar a los y las deportistas, as\u00ed como muchas disciplinas deportivas que durante el a\u00f1o vemos menos\u201d.<\/p>\n<p style=\"text-align: justify;\">En esta l\u00ednea, el diputado provincial ha puesto en valor esta cita, y ha detallado que en esta edici\u00f3n se han otorgado un total de 56 distintivos, \u201cen lo que significa un merecido reconocimiento p\u00fablico a quienes con su trabajo, su esfuerzo, su perseverancia, su talento y su dedicaci\u00f3n contribuyen cada d\u00eda a hacer crecer esta provincia desde la actividad deportiva\u201d, destacando que esta cifra ha crecido con respecto al a\u00f1o anterior \u201cporque nuestro deporte no dejado de crecer\u201d, al tiempo que ha aprovechado la ocasi\u00f3n para felicitar a cada persona y entidad premiadas.<\/p>\n<p style=\"text-align: justify;\">As\u00ed, los premios se dividen en dos bloques. El primero de ellos, contempla 21 galardones, que se corresponden con alguna de las 17 categor\u00edas establecidas en el marco del programa \u2018Somos Deporte 3-18\u2019, impulsado por la Diputaci\u00f3n y la JCCM para el Deporte en Edad Escolar. Y en el \u00e1mbito del deporte m\u00e1s profesionalizado, en 11 categor\u00edas distintas, se ha reconocido a 35 deportistas, clubes y entidades.<\/p>\n<p style=\"text-align: justify;\">Los primeros han sido propuestos por las federaciones y clubes de la provincia en sus respectivas disciplinas, y los segundos por un jurado t\u00e9cnico conformado por t\u00e9cnicos de Deportes de la Diputaci\u00f3n y miembros de la Asociaci\u00f3n de la Prensa y de la Asociaci\u00f3n de la Prensa Deportiva de Albacete, a quienes Sancha ha agradecido su esfuerzo e implicaci\u00f3n.<\/p>\n<p style=\"text-align: justify;\">Adem\u00e1s, avanzando que la gala de entrega de estos premios contar\u00e1 con numerosas sorpresas y que los distintivos que se entregar\u00e1n han sido elaborados por la Asociaci\u00f3n Desarrollo Autismo Albacete, Sancha ha dado a conocer el nombre del padrino y de las madrinas que, como bien ha dicho, \u201cno necesitan presentaci\u00f3n\u201d. Se trata del bicampe\u00f3n del mundo en motociclismo, \u00c1lvaro Bautista; la medallista ol\u00edmpica de halterofilia, Lydia Valent\u00edn; y la tambi\u00e9n campeona del mundo, Alba Redondo, cuya presencia en esta cita est\u00e1 sujeta a una convocatoria para disputar un partido con la Selecci\u00f3n Espa\u00f1ola de F\u00fatbol. Asimismo, ha apuntado el nombre de las personas que conducir\u00e1n este evento: el periodista albacete\u00f1o de COPE, Miguel Yeste, y las periodistas de RTVE, Paloma del R\u00edo y Silvia Barba.<\/p>\n<p style=\"text-align: justify;\">Reconocimientos \u2018Somos Deporte 3-18\u2019<\/p>\n<p style=\"text-align: justify;\">Dani Sancha tambi\u00e9n ha dado a conocer pormenorizaramente el nombre de los premiados y premiadas. As\u00ed, en el marco del programa \u2018Somos Deporte 3-18\u2019 se ha reconocido a deportistas y clubes que han sumado una gran trayectoria y notables \u00e9xitos este 2023: en tenis de mesa a Francisco Moreno Hambrona; en ciclismo a Pablo S\u00e1nchez del Ramo y a Alejandro S\u00e1nchez del Ramo; en Triatl\u00f3n al Club Triatl\u00f3n Albacete; en Gimnasia R\u00edtmica al Club Aerotramp Albacete; en Monta\u00f1a a Carmen S\u00e1nchez Jim\u00e9nez; en Judo al club Judo Casas Ib\u00e1\u00f1ez; en nataci\u00f3n al Club de Nataci\u00f3n Sincronizada Albacete; o en atletismo al equipo Sub-16 masculino del Club Atletismo Albacete-Diputaci\u00f3n.<\/p>\n<p style=\"text-align: justify;\">Adem\u00e1s, en Ajedrez se ha premiado al Club Excalibur Albacete; en taekwondo a Carla Galiano Jim\u00e9nez; en b\u00e1dminton a Alejandro Rodr\u00edguez Molina y a Noemy Garc\u00eda Mart\u00ednez; en voleibol al Club Albarena infantil masculino; en Baloncesto al CBA alev\u00edn Femenino y al EBA alev\u00edn masculino; en Esgrima a Alfonso Mora Moreno y a Carla Alcaraz Ram\u00edrez; en f\u00fatbol al EFB Almansa; en Tenis a Isabel Mart\u00ednez Cebri\u00e1n; y en orientaci\u00f3n a Sandra Mu\u00f1oz Descalzo.<\/p>\n<p style=\"text-align: justify;\">Los premiados y premiadas del jurado t\u00e9cnico<\/p>\n<p style=\"text-align: justify;\">Por su parte, en el \u00e1mbito m\u00e1s profesionalizado, Sancha ha informado que el premio a los \u2018Deportistas provinciales m\u00e1s destacados\u2019 ha reca\u00eddo en la futbolista Alba Redondo, delantera en el Levante Uni\u00f3n Deportiva y campeona del mundo con la Selecci\u00f3n Espa\u00f1ola en 2023 y, m\u00e1s recientemente, campeona de la Nations League; y en la almanse\u00f1a, Beatriz Laparra, que lo ha conseguido todo en el Tiro al Plato, convirti\u00e9ndose en 2023 en campeona absoluta del Campeonato de Espa\u00f1a de Recorridos de Caza (primera mujer en conseguirlo).<\/p>\n<p style=\"text-align: justify;\">El galard\u00f3n \u2018Al mejor club provincial\u2019 ha sido para el Club Nataci\u00f3n Albacete, campe\u00f3n del mundo en relevos; y el conjunto junior del Club Palas, campe\u00f3n de Espa\u00f1a. Y el premio \u2018A la mejor labor deportiva\u2019 lo recoger\u00e1n la entrenadora del Tigres UANL (Primera Divisi\u00f3n de M\u00e9xico), Mila Mart\u00ednez, que conquist\u00f3 el Torneo Apertura; y el actual entrenador del Albacete Balompi\u00e9, Rub\u00e9n Alb\u00e9s.<\/p>\n<p style=\"text-align: justify;\">Del mismo modo el reconocimiento a \u2018A la pr\u00e1ctica deportiva\u2019 ha reca\u00eddo en el atleta elche\u00f1o del Club Atletismo Albacete-Diputaci\u00f3n, Jes\u00fas \u00c1ngel Rodr\u00edguez S\u00e1nchez, y el premio el \u2018Deportista con mayor proyecci\u00f3n\u2019 lo comparten: el boxeador Jos\u00e9 Moreno; la joven jugadora de b\u00e1dminton, Luc\u00eda Barbero; la atleta del club Atletismo Albacete-Diputaci\u00f3n, Andrea Torres; el jugador del Albacete Balompi\u00e9, Hugo Mart\u00ednez \u2018capi\u2019; y el campe\u00f3n del Mundo de Salto de Trampol\u00edn en su categor\u00eda, C\u00e9sar Prieto.<\/p>\n<p style=\"text-align: justify;\">Los premios a la \u2018Labor de toda una vida\u2019 han sido para Matilde Gonz\u00e1lez, entrenadora del CB Albarena; Gines Mel\u00e9ndez, director t\u00e9cnico de la Federaci\u00f3n Armenia de F\u00fatbol; y Llanos Cebri\u00e1n, presidenta de la Federaci\u00f3n de Gimnasia R\u00edtmica de C-LM. Tambi\u00e9n se otorgar\u00e1 el galard\u00f3n \u2018Mejor deportista regional\u2019 al piloto de motociclismo, \u00c1lvaro Bautista, bicampe\u00f3n del mundo en 2022 y 2023, y Cayetano Mora, periodista de la CMM, recibir\u00e1 el \u2018Reconocimiento especial de la prensa deportiva\u2019 (APDA). Por su parte, el distintivo al \u2018Mejor evento deportivo\u2019 es para \u2018Leyenda de tenis\u2019, Rodacal recoger\u00e1 el premio al \u2018Apoyo de la empresa privada al deporte\u2019, y el Pilates Solidario de Afanion al \u2018Evento Solidario\u2019.<\/p>\n<p style=\"text-align: justify;\">Menciones especiales<\/p>\n<p style=\"text-align: justify;\">Las menciones especiales han reca\u00eddo en la Fundaci\u00f3n Albacete Genuine por su apuesta por la inclusi\u00f3n; el Club Ciclista Onturense; el BSR AMIAB ; el Club Wushu D\u00e1xu\u00e9 Albacete que deja atr\u00e1s un 2023 con m\u00e1s de 20 medallas en el Campeonato de Espa\u00f1a y en el Wushu Swiss Open; la jugadora profesional de dardos, Almudena Fajardo; del ciclista H\u00e9ctor Carretero; del patinador Enrique Rubio, campe\u00f3n del mundo en Derrapes; los atletas Severino Felipe (Campe\u00f3n del Munod M\u00e1ster 45 en 50kms); Jos\u00e9 Mart\u00ednez Morote (oro en el Campeonato de Europa 10k); y Mar\u00eda Jos\u00e9 de Toro (t\u00edtulo nacional F45).<\/p>\n<p style=\"text-align: justify;\">A estos nombres se suman el coordinador de Deportes de Caudete, Jos\u00e9 Bernab\u00e9 Ortu\u00f1o; la entrenadora del Club Trampol\u00edn Aerotramp Albacete, Mar\u00eda Manjavacas; el entrenador de baloncesto, Alejandro Gonz\u00e1lez Cano; el ganador de la medalla de bronce en el Campeonato de Espa\u00f1a de Taekondo, Domingo S\u00e1nchez, y la Escuela de golf Las Pinaillas.<\/p>\n<p><!--publicidad-voz03--><a href=\"https:\/\/www.facebook.com\/profile.php?id=100063593791305&amp;locale=es_ES\"><img decoding=\"async\" class=\"alignnone size-medium\" src=\"https:\/\/blogger.googleusercontent.com\/img\/b\/R29vZ2xl\/AVvXsEi8_n_ll8UOcGxCqzFvb_9Io4ICczlGC990BPtPj2w9Px-u7B3oqWUW5vtjZUqPNJ-nyjiUIorE0ATsib_l5tV8BVN-UJ03RTnU__IHJF_4DgDBtY4LIqXNG-FomrO-7ywes20CBCRM2Hcm7EJSh3UUw1dO-c_uTflUrtgY1i7uBRezj_DpympmEFkfbQY\/s1600\/logo-principal2.jpg\" width=\"100%\" height=\"100\" \/><\/a><!--bestpublic-voz03--><!--desk-in-out-voz03--><br \/>\n<!--publicidad-voz04--><a href=\"https:\/\/www.facebook.com\/profile.php?id=61557370768692&amp;locale=es_ES\"><img decoding=\"async\" class=\"alignnone size-medium\" src=\"https:\/\/blogger.googleusercontent.com\/img\/b\/R29vZ2xl\/AVvXsEgy5RdcfffrnrItnYTcV9bCJjgJwldsQLWssfVfrLbyfXeBNTFKgBf0rMIvhrUaGUhiXzVr9_eQgCbi-j63ZDpfTvLIty9w7s140y-m1yHe7eKmEK7v2NAHUJDVYGdfeiQFeRCqUjdwWmN1MX_AUxxz4IVdJ4WIM0APxit8bjWkXzrnEFGqBvW_1F13H1g\/s1600\/logo-principal5.jpg\" width=\"100%\" height=\"100\" \/><\/a><!--bestpublic-voz04--><!--desk-in-out-voz04--><br \/>\n<!--publicidad-voz05--><a href=\"https:\/\/www.facebook.com\/asociaciontamborileroshellin?locale=es_ES\"><img decoding=\"async\" class=\"alignnone size-medium\" src=\"https:\/\/blogger.googleusercontent.com\/img\/b\/R29vZ2xl\/AVvXsEhHEEpZsKK1VpwiYMrS7aE2ujtqIDZoLd4B5wtbiseSU9s2HdTdQfhF84So2XwEB1fv0BLw95GADm6hUl1bkKtzh-eIgVigXONuu_5RxeIMPhjk8q6uNX4EaEHbooKkbu7pCADWPpVJjhKIH5NQSJpWqedC-YBez4QAQeJYokkLot9bhrIaUAeztsGis6M\/s1600\/logo-principal3.jpg\" width=\"100%\" height=\"100\" \/><\/a><!--bestpublic-voz05--><!--desk-in-out-voz05--><br \/>\n<!--publicidad-voz06--><!--bestpublic-voz06--><!--desk-in-out-voz06--><br \/>\n<!--publicidad-voz07--><!--bestpublic-voz07--><!--desk-in-out-voz07--><br \/>\n<!--publicidad-voz08--><!--bestpublic-voz08--><!--desk-in-out-voz08--><br \/>\n<!--publicidad-voz09--><!--bestpublic-voz09--><!--desk-in-out-voz09--><br \/>\n<!--publicidad-voz10--><!--bestpublic-voz10--><!--desk-in-out-voz10--><br \/>\n<!--publicidad-voz11--><!--bestpublic-voz11--><!--desk-in-out-voz11--><br \/>\n<!--publicidad-voz12--><!--bestpublic-voz12--><!--desk-in-out-voz12--><br \/>\n<!--publicidad-voz13--><!--bestpublic-voz13--><!--desk-in-out-voz13--><br \/>\n<!--publicidad-voz14--><!--bestpublic-voz14--><!--desk-in-out-voz14--><br \/>\n<!--publicidad-voz15--><!--bestpublic-voz15--><!--desk-in-out-voz15--><br \/>\n<!--publicidad-voz16--><!--bestpublic-voz16--><!--desk-in-out-voz16--><\/p>\n","protected":false},"excerpt":{"rendered":"<p>El diputado de Juventud y Deportes, Dani Sancha, ha dado a conocer los nombres de las personas y entidades reconocidas con los Premios Provinciales al Deporte 2023, as\u00ed como los&#8230;<\/p>\n","protected":false},"author":2,"featured_media":149529,"comment_status":"closed","ping_status":"closed","sticky":false,"template":"","format":"standard","meta":{"footnotes":""},"categories":[753,718,715,716,717],"tags":[],"class_list":["post-149528","post","type-post","status-publish","format-standard","has-post-thumbnail","hentry","category-blog-lv034","category-blogger","category-la-voz-de-hellin","category-la-voz-de-hellin-la-voz-de-hellin","category-noticias"],"_links":{"self":[{"href":"https:\/\/lavozdehellin.com\/noticias\/wp-json\/wp\/v2\/posts\/149528","targetHints":{"allow":["GET"]}}],"collection":[{"href":"https:\/\/lavozdehellin.com\/noticias\/wp-json\/wp\/v2\/posts"}],"about":[{"href":"https:\/\/lavozdehellin.com\/noticias\/wp-json\/wp\/v2\/types\/post"}],"author":[{"embeddable":true,"href":"https:\/\/lavozdehellin.com\/noticias\/wp-json\/wp\/v2\/users\/2"}],"replies":[{"embeddable":true,"href":"https:\/\/lavozdehellin.com\/noticias\/wp-json\/wp\/v2\/comments?post=149528"}],"version-history":[{"count":0,"href":"https:\/\/lavozdehellin.com\/noticias\/wp-json\/wp\/v2\/posts\/149528\/revisions"}],"wp:featuredmedia":[{"embeddable":true,"href":"https:\/\/lavozdehellin.com\/noticias\/wp-json\/wp\/v2\/media\/149529"}],"wp:attachment":[{"href":"https:\/\/lavozdehellin.com\/noticias\/wp-json\/wp\/v2\/media?parent=149528"}],"wp:term":[{"taxonomy":"category","embeddable":true,"href":"https:\/\/lavozdehellin.com\/noticias\/wp-json\/wp\/v2\/categories?post=149528"},{"taxonomy":"post_tag","embeddable":true,"href":"https:\/\/lavozdehellin.com\/noticias\/wp-json\/wp\/v2\/tags?post=149528"}],"curies":[{"name":"wp","href":"https:\/\/api.w.org\/{rel}","templated":true}]}}