{"id":149531,"date":"2024-03-21T19:19:35","date_gmt":"2024-03-21T18:19:35","guid":{"rendered":"https:\/\/lavozdehellin.com\/noticias\/?p=149531"},"modified":"2024-04-08T10:02:27","modified_gmt":"2024-04-08T09:02:27","slug":"v08-451-el-itap-de-la-diputacion-de-albacete-participo-en-una-veintena-de-proyectos-de-investigacion-en-2023","status":"publish","type":"post","link":"https:\/\/lavozdehellin.com\/noticias\/v08-451-el-itap-de-la-diputacion-de-albacete-participo-en-una-veintena-de-proyectos-de-investigacion-en-2023\/","title":{"rendered":"LVH NOTICIAS | EL ITAP DE LA DIPUTACI\u00d3N DE ALBACETE PARTICIP\u00d3 EN UNA VEINTENA DE PROYECTOS DE INVESTIGACI\u00d3N EN 2023"},"content":{"rendered":"<p style=\"text-align: justify;\">El Consejo de Administraci\u00f3n del Instituto T\u00e9cnico Agron\u00f3mico Provincial (ITAP), presidido por su consejero delegado, Jos\u00e9 Antonio G\u00f3mez Moreno, ha aprobado la memoria de actividades y la formulaci\u00f3n de las cuentas anuales correspondientes al ejercicio 2023 (que comprende el balance y cuenta de resultados, la memoria e informe de Gesti\u00f3n As\u00ed mismo se aprob\u00f3 la Memoria de Actividades),<\/p>\n<p><!--more--><br \/>\n<!--publicidad-voz01--><a href=\"https:\/\/www.facebook.com\/SoloRadioHellin\/?locale=es_ES\"><img decoding=\"async\" class=\"alignnone size-medium\" src=\"https:\/\/blogger.googleusercontent.com\/img\/b\/R29vZ2xl\/AVvXsEiNncirNnyGedv00mhjZjh5Wl4_YPdJGanoAl8tL8zH-HwqE8uHqjEfSt340RHdx-9tuCSIkZ8rFamZiGyYlgDGxCsmXjCH_1xk5eYM3ntFZRvJP_jndOKR7w1UAo9Tu0vrZyOLfqRpHIxYI5SymJJ-pfGCQw6QVpggBH-UgfjiFQ2JOxqxG0Jx94kW83c\/s1600\/logo-principal.jpg\" width=\"100%\" height=\"100\" \/><\/a><!--bestpublic-voz01--><!--desk-in-out-voz01--><br \/>\n<!--publicidad-voz02--><a href=\"https:\/\/www.hellincf.com\/\"><img decoding=\"async\" class=\"alignnone size-medium\" src=\"https:\/\/blogger.googleusercontent.com\/img\/b\/R29vZ2xl\/AVvXsEhuZ4-XfBVj3UtdP8-RZugy3WVrg-Zv28c53m4oV47qYCxL1rX_dqWX_YddsGSnpH5SRDqZ7bZeKPIfDVCDncpjVlhy3aQs2vojcJBn7Gdv9hC2_Nzct_pRFrnFE1a7KTCdY1bT_kAgnY3-iadRZrGeJf1fR2P5fu11bokx0pWjaypoy-ctwCjklldpEbA\/s1600\/logo-principal7.jpg\" width=\"100%\" height=\"100\" \/><\/a><!--bestpublic-voz02--><!--desk-in-out-voz02--><\/p>\n<p style=\"text-align: justify;\">En el informe de gesti\u00f3n, se ha dado cuenta de la puesta en marcha de dos proyectos europeos (MIDAS y NBSoil) concedidos el a\u00f1o anterior, y de otros dos proyectos regionales (PISATEL y SIMA), as\u00ed como de la labor de transferencia al sector a trav\u00e9s de las m\u00faltiples jornadas que organiza el ITAP y a las que asiste para divulgar los conocimientos adquiridos en su labor de experimentaci\u00f3n.<\/p>\n<p style=\"text-align: justify;\">Siempre, bajo el car\u00e1cter p\u00fablico y de servicio que realiza el Instituto como centro de referencia que sirve al sector agr\u00edcola de la provincia de Albacete y de toda Castilla-La Mancha.<\/p>\n<p style=\"text-align: justify;\">El ITAP cierra 2023 con unos 20 proyectos de investigaci\u00f3n en su haber<\/p>\n<p style=\"text-align: justify;\">En cuanto a la actividad de I+D, a lo largo del 2023 finalizaban cuatro proyectos de investigaci\u00f3n, y siguen en marcha en 2024: dos proyectos europeos de la convocatoria HORIZON; uno internacional con la NFS (Fundaci\u00f3n Nacional de Ciencias); tres proyectos nacionales en los que el ITAP participa junto al Instituto de Desarrollo Regional (IDR) de la UCLM (denominados UPGRADE, WATERNUTS e IRENE); y, a nivel regional, siete proyectos (PISATEL, SIMA, GO COMPO-NERPIO, GO ECIPUR, RETO-AGUA CLM, entre otros), en las diferentes convocatorias p\u00fablicas de las Consejer\u00edas de la JCCM. Finalmente, hay dos nuevos proyectos concedidos o en los que participa el ITAP.<\/p>\n<p style=\"text-align: justify;\">Todo ello, suma un total de 19 proyectos de investigaci\u00f3n dedicados, principalmente, a paliar los efectos del cambio clim\u00e1tico y de la escasez de agua, a realizar la aplicaci\u00f3n \u00f3ptima de fertilizantes, elegir las variedades de cultivos m\u00e1s productivas e id\u00f3neas y desarrollar herramientas digitales para un mejor uso de agua y fertilizantes. En definitiva, a resolver parte de los aspectos m\u00e1s preocupantes y negativos que sufren nuestros agricultores y agricultoras en las explotaciones del territorio provincial y regional.<\/p>\n<p style=\"text-align: justify;\">Importante trabajo en asesoramiento diversificado al sector<\/p>\n<p style=\"text-align: justify;\">En relaci\u00f3n a los servicios de asesoramiento y experimentaci\u00f3n del ITAP, los datos presentados han sido: en el Servicio de Ensayos y Recomendaci\u00f3n de Variedades, ensayos de cereales (para secano y regad\u00edo), y TRITICALE, colza y ma\u00edz (en 3 localizaciones diferentes), formando un total de 18 ensayos con instituciones p\u00fablicas y privadas. En el Servicio de Investigaci\u00f3n y Asesoramiento en cultivos le\u00f1osos (para cuestiones como la viabilidad del cultivo, elecci\u00f3n de variedades y ensayos con nuevas variedades, riego, fertilizaci\u00f3n, plagas y enfermedades, labores culturales, etc.) se llevaban a cabo ensayos de almendro, nogal, pistachero y albaricoquero.<\/p>\n<p style=\"text-align: justify;\">En el Servicio de Asesoramiento de Riegos, se asesor\u00f3 para un total de 11.395 hect\u00e1reas en 4 zonas diferentes (Centro, Mancha\u2013Montiel, Manchuela y Almansa-Hell\u00edn) y en 51 cultivos que, al sumarles sus diferentes ciclos, suponen 71. En global, han sido 28 comunidades de regantes y 95 fincas particulares asesoradas durante los meses que dura la campa\u00f1a (aproximadamente, de abril a octubre).<\/p>\n<p style=\"text-align: justify;\">El Servicio de Asesoramiento a la Fertilizaci\u00f3n, labor que se realiza principalmente analizando el suelo de las explotaciones, se han llevado a cabo en su laboratorio 1.525 an\u00e1lisis de suelos, 1044 de foliares, 154 de fertilizantes y 83 de agua de riego.<\/p>\n<p style=\"text-align: justify;\">Otro de los servicios del ITAP a disposici\u00f3n del sector agrario es el de Diagn\u00f3stico y Asistencia Fitosanitaria, dedicado a la sanidad vegetal. Dispone de un laboratorio equipado para llevar a cabo (a demanda de los agricultores y agricultoras y personal t\u00e9cnico) de detecciones y diagn\u00f3sticos de plagas y enfermedades en cultivos. El n\u00famero de consultas de diagn\u00f3stico o detecci\u00f3n fitosanitaria, ascendi\u00f3 a 1.037. Las muestras recibidas rondaron las 569 y se recibieron 1.246 procedentes de proyectos de investigaci\u00f3n.<\/p>\n<p style=\"text-align: justify;\">Transferencia tecnol\u00f3gica<\/p>\n<p style=\"text-align: justify;\">En relaci\u00f3n a la labor de transferencia tecnol\u00f3gica, desde el ITAP, se han organizado (y participado) en numerosas jornadas t\u00e9cnicas dedicadas, principalmente, al asesoramiento en materias diversas (como agua, cultivos le\u00f1osos, recomendaci\u00f3n en materia de suelos, y fertilizantes y detecci\u00f3n de plagas y enfermedades), dirigidas a profesionales t\u00e9cnicos, agrarios, alumnado y p\u00fablico en general liado al sector agroalimentario.<\/p>\n<p style=\"text-align: justify;\">En concreto se hicieron 9 publicaciones divulgativas, 2 publicaciones cient\u00edficas, 9 comunicaciones en congresos nacionales y 13 en internacionales, y m\u00e1s de 25 jornadas t\u00e9cnicas y charlas en diversas materias directamente ligadas a los cometidos del ITAP.<\/p>\n<p><!--publicidad-voz03--><a href=\"https:\/\/www.facebook.com\/profile.php?id=100063593791305&amp;locale=es_ES\"><img decoding=\"async\" class=\"alignnone size-medium\" src=\"https:\/\/blogger.googleusercontent.com\/img\/b\/R29vZ2xl\/AVvXsEi8_n_ll8UOcGxCqzFvb_9Io4ICczlGC990BPtPj2w9Px-u7B3oqWUW5vtjZUqPNJ-nyjiUIorE0ATsib_l5tV8BVN-UJ03RTnU__IHJF_4DgDBtY4LIqXNG-FomrO-7ywes20CBCRM2Hcm7EJSh3UUw1dO-c_uTflUrtgY1i7uBRezj_DpympmEFkfbQY\/s1600\/logo-principal2.jpg\" width=\"100%\" height=\"100\" \/><\/a><!--bestpublic-voz03--><!--desk-in-out-voz03--><br \/>\n<!--publicidad-voz04--><a href=\"https:\/\/www.facebook.com\/profile.php?id=61557370768692&amp;locale=es_ES\"><img decoding=\"async\" class=\"alignnone size-medium\" src=\"https:\/\/blogger.googleusercontent.com\/img\/b\/R29vZ2xl\/AVvXsEgy5RdcfffrnrItnYTcV9bCJjgJwldsQLWssfVfrLbyfXeBNTFKgBf0rMIvhrUaGUhiXzVr9_eQgCbi-j63ZDpfTvLIty9w7s140y-m1yHe7eKmEK7v2NAHUJDVYGdfeiQFeRCqUjdwWmN1MX_AUxxz4IVdJ4WIM0APxit8bjWkXzrnEFGqBvW_1F13H1g\/s1600\/logo-principal5.jpg\" width=\"100%\" height=\"100\" \/><\/a><!--bestpublic-voz04--><!--desk-in-out-voz04--><br \/>\n<!--publicidad-voz05--><a href=\"https:\/\/www.facebook.com\/asociaciontamborileroshellin?locale=es_ES\"><img decoding=\"async\" class=\"alignnone size-medium\" src=\"https:\/\/blogger.googleusercontent.com\/img\/b\/R29vZ2xl\/AVvXsEhHEEpZsKK1VpwiYMrS7aE2ujtqIDZoLd4B5wtbiseSU9s2HdTdQfhF84So2XwEB1fv0BLw95GADm6hUl1bkKtzh-eIgVigXONuu_5RxeIMPhjk8q6uNX4EaEHbooKkbu7pCADWPpVJjhKIH5NQSJpWqedC-YBez4QAQeJYokkLot9bhrIaUAeztsGis6M\/s1600\/logo-principal3.jpg\" width=\"100%\" height=\"100\" \/><\/a><!--bestpublic-voz05--><!--desk-in-out-voz05--><br \/>\n<!--publicidad-voz06--><!--bestpublic-voz06--><!--desk-in-out-voz06--><br \/>\n<!--publicidad-voz07--><!--bestpublic-voz07--><!--desk-in-out-voz07--><br \/>\n<!--publicidad-voz08--><!--bestpublic-voz08--><!--desk-in-out-voz08--><br \/>\n<!--publicidad-voz09--><!--bestpublic-voz09--><!--desk-in-out-voz09--><br \/>\n<!--publicidad-voz10--><!--bestpublic-voz10--><!--desk-in-out-voz10--><br \/>\n<!--publicidad-voz11--><!--bestpublic-voz11--><!--desk-in-out-voz11--><br \/>\n<!--publicidad-voz12--><!--bestpublic-voz12--><!--desk-in-out-voz12--><br \/>\n<!--publicidad-voz13--><!--bestpublic-voz13--><!--desk-in-out-voz13--><br \/>\n<!--publicidad-voz14--><!--bestpublic-voz14--><!--desk-in-out-voz14--><br \/>\n<!--publicidad-voz15--><!--bestpublic-voz15--><!--desk-in-out-voz15--><br \/>\n<!--publicidad-voz16--><!--bestpublic-voz16--><!--desk-in-out-voz16--><\/p>\n","protected":false},"excerpt":{"rendered":"<p>El Consejo de Administraci\u00f3n del Instituto T\u00e9cnico Agron\u00f3mico Provincial (ITAP), presidido por su consejero delegado, Jos\u00e9 Antonio G\u00f3mez Moreno, ha aprobado la memoria de actividades y la formulaci\u00f3n de las&#8230;<\/p>\n","protected":false},"author":2,"featured_media":149532,"comment_status":"closed","ping_status":"closed","sticky":false,"template":"","format":"standard","meta":{"footnotes":""},"categories":[753,718,715,716,717],"tags":[],"class_list":["post-149531","post","type-post","status-publish","format-standard","has-post-thumbnail","hentry","category-blog-lv034","category-blogger","category-la-voz-de-hellin","category-la-voz-de-hellin-la-voz-de-hellin","category-noticias"],"_links":{"self":[{"href":"https:\/\/lavozdehellin.com\/noticias\/wp-json\/wp\/v2\/posts\/149531","targetHints":{"allow":["GET"]}}],"collection":[{"href":"https:\/\/lavozdehellin.com\/noticias\/wp-json\/wp\/v2\/posts"}],"about":[{"href":"https:\/\/lavozdehellin.com\/noticias\/wp-json\/wp\/v2\/types\/post"}],"author":[{"embeddable":true,"href":"https:\/\/lavozdehellin.com\/noticias\/wp-json\/wp\/v2\/users\/2"}],"replies":[{"embeddable":true,"href":"https:\/\/lavozdehellin.com\/noticias\/wp-json\/wp\/v2\/comments?post=149531"}],"version-history":[{"count":0,"href":"https:\/\/lavozdehellin.com\/noticias\/wp-json\/wp\/v2\/posts\/149531\/revisions"}],"wp:featuredmedia":[{"embeddable":true,"href":"https:\/\/lavozdehellin.com\/noticias\/wp-json\/wp\/v2\/media\/149532"}],"wp:attachment":[{"href":"https:\/\/lavozdehellin.com\/noticias\/wp-json\/wp\/v2\/media?parent=149531"}],"wp:term":[{"taxonomy":"category","embeddable":true,"href":"https:\/\/lavozdehellin.com\/noticias\/wp-json\/wp\/v2\/categories?post=149531"},{"taxonomy":"post_tag","embeddable":true,"href":"https:\/\/lavozdehellin.com\/noticias\/wp-json\/wp\/v2\/tags?post=149531"}],"curies":[{"name":"wp","href":"https:\/\/api.w.org\/{rel}","templated":true}]}}