{"id":149534,"date":"2024-03-22T12:01:11","date_gmt":"2024-03-22T11:01:11","guid":{"rendered":"https:\/\/lavozdehellin.com\/noticias\/?p=149534"},"modified":"2024-04-08T10:02:27","modified_gmt":"2024-04-08T09:02:27","slug":"v08-452-la-diputacion-de-albacete-dispone-mas-de-1-000-000-e-a-traves-de-cinco-convocatorias-de-ayudas-para-dinamizar-la-cultura-y-favorecer-la-igualdad-de-oportunidades-en-la-educacion","status":"publish","type":"post","link":"https:\/\/lavozdehellin.com\/noticias\/v08-452-la-diputacion-de-albacete-dispone-mas-de-1-000-000-e-a-traves-de-cinco-convocatorias-de-ayudas-para-dinamizar-la-cultura-y-favorecer-la-igualdad-de-oportunidades-en-la-educacion\/","title":{"rendered":"LVH NOTICIAS | LA DIPUTACI\u00d3N DE ALBACETE DISPONE M\u00c1S DE 1.000.000 \u20ac A TRAV\u00c9S DE CINCO CONVOCATORIAS DE AYUDAS PARA DINAMIZAR LA CULTURA Y FAVORECER LA IGUALDAD DE OPORTUNIDADES EN LA EDUCACI\u00d3N"},"content":{"rendered":"<p style=\"text-align: justify;\">El Bolet\u00edn Oficial de la Provincia (BOP) recoge este viernes la publicaci\u00f3n de hasta cinco Convocatorias de Ayudas distintas por un valor superior al 1.000.000 \u20ac, con las que el Gobierno provincial que preside Santi Caba\u00f1ero avanza en su objetivo de dinamizar y promocionar la actividad cultural en la provincia y tambi\u00e9n de favorecer la igualdad de oportunidades en el \u00e1mbito de la educaci\u00f3n.<\/p>\n<p><!--more--><br \/>\n<!--publicidad-voz01--><a href=\"https:\/\/www.facebook.com\/SoloRadioHellin\/?locale=es_ES\"><img decoding=\"async\" class=\"alignnone size-medium\" src=\"https:\/\/blogger.googleusercontent.com\/img\/b\/R29vZ2xl\/AVvXsEiNncirNnyGedv00mhjZjh5Wl4_YPdJGanoAl8tL8zH-HwqE8uHqjEfSt340RHdx-9tuCSIkZ8rFamZiGyYlgDGxCsmXjCH_1xk5eYM3ntFZRvJP_jndOKR7w1UAo9Tu0vrZyOLfqRpHIxYI5SymJJ-pfGCQw6QVpggBH-UgfjiFQ2JOxqxG0Jx94kW83c\/s1600\/logo-principal.jpg\" width=\"100%\" height=\"100\" \/><\/a><!--bestpublic-voz01--><!--desk-in-out-voz01--><br \/>\n<!--publicidad-voz02--><a href=\"https:\/\/www.hellincf.com\/\"><img decoding=\"async\" class=\"alignnone size-medium\" src=\"https:\/\/blogger.googleusercontent.com\/img\/b\/R29vZ2xl\/AVvXsEhuZ4-XfBVj3UtdP8-RZugy3WVrg-Zv28c53m4oV47qYCxL1rX_dqWX_YddsGSnpH5SRDqZ7bZeKPIfDVCDncpjVlhy3aQs2vojcJBn7Gdv9hC2_Nzct_pRFrnFE1a7KTCdY1bT_kAgnY3-iadRZrGeJf1fR2P5fu11bokx0pWjaypoy-ctwCjklldpEbA\/s1600\/logo-principal7.jpg\" width=\"100%\" height=\"100\" \/><\/a><!--bestpublic-voz02--><!--desk-in-out-voz02--><\/p>\n<p style=\"text-align: justify;\">El diputado provincial de estas \u00e1reas, Miguel Zamora, ha sido el encargado de presentarlas, avanzando que a \u00e9stas se unir\u00e1 pr\u00f3ximamente la convocatoria para la adquisici\u00f3n de instrumentos musicales, y ha explicado que el objetivo de la instituci\u00f3n pasa \u201cpor fomentar la actividad de nuestras academias de m\u00fasica; que contin\u00fae creciendo la afici\u00f3n a la lectura; que no desistan las ganas de aprender en torno a las Universidades Populares; que puedan seguir plante\u00e1ndose citas en torno al arte y a las tradiciones, y que nuestros chicos y chicas puedan estudiar aquello que deseen\u201d.<\/p>\n<p style=\"text-align: justify;\">En este sentido, Zamora ha dado a conocer los detalles, apuntando que tres de estas l\u00edneas est\u00e1n dirigidas a Entidades Locales, y se pueden acoger a ellas presentando las solicitudes desde el 23 de marzo hasta el 11 de abril en el apartado \u2018Subvenciones\u2019 de la sede electr\u00f3nica de la propia Diputaci\u00f3n: www.dipualba.es<\/p>\n<p style=\"text-align: justify;\">448.000 \u20ac en ayudas para Universidades Populares<\/p>\n<p style=\"text-align: justify;\">En este bloque, la convocatoria de mayor cuant\u00eda, dotada con 448.000 \u20ac, est\u00e1 planteada para el desarrollo de proyectos de educaci\u00f3n popular y promoci\u00f3n socio-cultura a trav\u00e9s de las Universidades Populares, beneficiando en 2023 a 64 localidades.<\/p>\n<p style=\"text-align: justify;\">De hecho, el responsable provincial ha destacado la labor cultural, formativa, educativa y social que desarrollan estos centros en nuestro territorio \u201cy, a trav\u00e9s de la cual han contribuido de forma decisiva a mantener las tradiciones y las costumbres de nuestro territorio, favoreciendo la igualdad entre mujeres y hombres, la convivencia intercultural y una democracia activa\u201d.<\/p>\n<p style=\"text-align: justify;\">300.000 \u20ac para el manteamiento de academias de m\u00fasica<\/p>\n<p style=\"text-align: justify;\">Otra de estas ayudas es para el mantenimiento de academias de m\u00fasica y cuenta con un presupuesto de 300.000\u20ac, como ha se\u00f1alado Zamora, quien ha apuntado que \u00e9stas tienen una gran relevancia en muchas localidades de la provincia \u201cconvertidas en grandes agentes socioculturales y formativos\u201d, y ha recordado que en su pasada edici\u00f3n lleg\u00f3 a 53 municipios.<\/p>\n<p style=\"text-align: justify;\">En cuanto a los criterios de valoraci\u00f3n, el diputado ha destacado que se valorar\u00e1, sumando hasta un punto extra en cada caso, la participaci\u00f3n en el programa \u2018Alumno destacado\u2019 o la celebraci\u00f3n del D\u00eda de la m\u00fasica.<\/p>\n<p style=\"text-align: justify;\">40.000 \u20ac para los programas de clubes de lectura<\/p>\n<p style=\"text-align: justify;\">La \u00faltima l\u00ednea de ayudas para ayuntamientos es la destinada a los programas de clubes de lectura y est\u00e1 dotada con una cuant\u00eda de 40.000 \u20ac y en 2023 lleg\u00f3 a 50 localidades, \u201csiendo clave para apoyar a los consistorios en su labor diaria para fomentar la cultura y promocionar la lectura entre su poblaci\u00f3n\u201d.<\/p>\n<p style=\"text-align: justify;\">Algo muy importante, tal y como ha apuntado el diputado de Cultura, en una provincia que suma 330 Clubes de lectura locales; de ellos, 170 son de adultos, 121 infantiles y 39 juveniles, rondando el total de usuarios a nivel provincial las 6.300 personas y llegando a unos 69 puntos de la geograf\u00eda albacetense.<\/p>\n<p style=\"text-align: justify;\">En estos tres casos, las ayudas ir\u00e1n destinadas exclusivamente a financiar gastos de personal en el periodo comprendido entre el 1 de diciembre de 2023 hasta el 30 de noviembre de 2024 (ya sea profesorado de las academias, coordinadores, animadores socio-culturales, monitores, conferenciantes\u2026).<\/p>\n<p style=\"text-align: justify;\">30.000 \u20ac en ayudas a asociaciones, cofrad\u00edas y particulares para actividades culturales<\/p>\n<p style=\"text-align: justify;\">Por su parte, las dos restantes se han dispuesto, una de ellas, para asociaciones, cofrad\u00edas o particulares con el objetivo de impulsar actividades culturales excluidas de convocatorias espec\u00edficas en 2024, y la otra es una l\u00ednea de ayudas al transporte escolar en ense\u00f1anzas no obligatorias no universitarias en centros p\u00fablicos titularidad de la JCCM.<\/p>\n<p style=\"text-align: justify;\">En el primer caso, se trata de una convocatoria abierta dotada con 30.000 \u20ac que se pueden solicitar desde ma\u00f1ana hasta el 31 de julio, y persigue servir de apoyo a la realizaci\u00f3n de actividades y proyectos culturales de car\u00e1cter singular (no para el conjunto de actividades de todo el a\u00f1o), durante el per\u00edodo comprendido entre el 1 de noviembre de 2023 y el 31 de octubre de 2024 que no pueden acogerse al resto de Convocatorias espec\u00edficas dispuestas durante este a\u00f1o.<\/p>\n<p style=\"text-align: justify;\">Esta convocatoria, cuya cuant\u00eda unitaria m\u00e1xima por solicitud es de 1.500 \u20ac, se puede solicitar a trav\u00e9s de la sede electr\u00f3nica de la Diputaci\u00f3n de Albacete. Llegando en 2023 a m\u00e1s de 50 iniciativas.<\/p>\n<p style=\"text-align: justify;\">250.000 \u20ac en ayudas al transporte escolar para ense\u00f1anzas no obligatorias no universitarias<\/p>\n<p style=\"text-align: justify;\">Finalmente, la convocatoria de ayudas al transporte escolar para ense\u00f1anzas no obligatorias no universitarias en centros p\u00fablicos titularidad de la JCCM, que se pueden solicitar a t\u00edtulo particular desde el 23 de marzo hasta el 22 de abril, cuenta con una partida dotada con 250.000 \u20ac y, como ha explicado Zamora, \u201cson ayudas para esos y esas j\u00f3venes que, desde nuestros pueblos, quieren seguir desarrollando sus estudios una vez acabada la escuela, avanzando en el Bachillerato o en Grados Medios o Superiores de Formaci\u00f3n Profesional, pero que deben ir a otra localidad de la provincia distinta a la suya para hacerlo\u201d.<\/p>\n<p style=\"text-align: justify;\">Estas ayuda ir\u00e1n destinadas a compensar los gastos de desplazamiento por sus propios medios del alumnado al centro docente donde cursa estudios, en sus dos modalidades (diario o de fin de semana) durante el per\u00edodo comprendido entre los meses de septiembre de 2023 a junio de 2024, y las cuant\u00edas oscilan entre los 210 \u20ac y los 603 \u20ac por persona. Llegando en el pasado curso 2023\/2024, a m\u00e1s de 600 alumnos y alumnas del conjunto de la provincia.<\/p>\n<p style=\"text-align: justify;\">Tambi\u00e9n se podr\u00e1n pedir a trav\u00e9s de Internet accediendo a www.sede.dipualba.es y, con el objetivo de agilizar al m\u00e1ximo la tramitaci\u00f3n y resoluci\u00f3n de las ayudas, las solicitudes se firmar\u00e1n directamente por el alumnado beneficiario (aunque sea menor de edad).<\/p>\n<p><!--publicidad-voz03--><a href=\"https:\/\/www.facebook.com\/profile.php?id=100063593791305&amp;locale=es_ES\"><img decoding=\"async\" class=\"alignnone size-medium\" src=\"https:\/\/blogger.googleusercontent.com\/img\/b\/R29vZ2xl\/AVvXsEi8_n_ll8UOcGxCqzFvb_9Io4ICczlGC990BPtPj2w9Px-u7B3oqWUW5vtjZUqPNJ-nyjiUIorE0ATsib_l5tV8BVN-UJ03RTnU__IHJF_4DgDBtY4LIqXNG-FomrO-7ywes20CBCRM2Hcm7EJSh3UUw1dO-c_uTflUrtgY1i7uBRezj_DpympmEFkfbQY\/s1600\/logo-principal2.jpg\" width=\"100%\" height=\"100\" \/><\/a><!--bestpublic-voz03--><!--desk-in-out-voz03--><br \/>\n<!--publicidad-voz04--><a href=\"https:\/\/www.facebook.com\/profile.php?id=61557370768692&amp;locale=es_ES\"><img decoding=\"async\" class=\"alignnone size-medium\" src=\"https:\/\/blogger.googleusercontent.com\/img\/b\/R29vZ2xl\/AVvXsEgy5RdcfffrnrItnYTcV9bCJjgJwldsQLWssfVfrLbyfXeBNTFKgBf0rMIvhrUaGUhiXzVr9_eQgCbi-j63ZDpfTvLIty9w7s140y-m1yHe7eKmEK7v2NAHUJDVYGdfeiQFeRCqUjdwWmN1MX_AUxxz4IVdJ4WIM0APxit8bjWkXzrnEFGqBvW_1F13H1g\/s1600\/logo-principal5.jpg\" width=\"100%\" height=\"100\" \/><\/a><!--bestpublic-voz04--><!--desk-in-out-voz04--><br \/>\n<!--publicidad-voz05--><a href=\"https:\/\/www.facebook.com\/asociaciontamborileroshellin?locale=es_ES\"><img decoding=\"async\" class=\"alignnone size-medium\" src=\"https:\/\/blogger.googleusercontent.com\/img\/b\/R29vZ2xl\/AVvXsEhHEEpZsKK1VpwiYMrS7aE2ujtqIDZoLd4B5wtbiseSU9s2HdTdQfhF84So2XwEB1fv0BLw95GADm6hUl1bkKtzh-eIgVigXONuu_5RxeIMPhjk8q6uNX4EaEHbooKkbu7pCADWPpVJjhKIH5NQSJpWqedC-YBez4QAQeJYokkLot9bhrIaUAeztsGis6M\/s1600\/logo-principal3.jpg\" width=\"100%\" height=\"100\" \/><\/a><!--bestpublic-voz05--><!--desk-in-out-voz05--><br \/>\n<!--publicidad-voz06--><!--bestpublic-voz06--><!--desk-in-out-voz06--><br \/>\n<!--publicidad-voz07--><!--bestpublic-voz07--><!--desk-in-out-voz07--><br \/>\n<!--publicidad-voz08--><!--bestpublic-voz08--><!--desk-in-out-voz08--><br \/>\n<!--publicidad-voz09--><!--bestpublic-voz09--><!--desk-in-out-voz09--><br \/>\n<!--publicidad-voz10--><!--bestpublic-voz10--><!--desk-in-out-voz10--><br \/>\n<!--publicidad-voz11--><!--bestpublic-voz11--><!--desk-in-out-voz11--><br \/>\n<!--publicidad-voz12--><!--bestpublic-voz12--><!--desk-in-out-voz12--><br \/>\n<!--publicidad-voz13--><!--bestpublic-voz13--><!--desk-in-out-voz13--><br \/>\n<!--publicidad-voz14--><!--bestpublic-voz14--><!--desk-in-out-voz14--><br \/>\n<!--publicidad-voz15--><!--bestpublic-voz15--><!--desk-in-out-voz15--><br \/>\n<!--publicidad-voz16--><!--bestpublic-voz16--><!--desk-in-out-voz16--><\/p>\n","protected":false},"excerpt":{"rendered":"<p>El Bolet\u00edn Oficial de la Provincia (BOP) recoge este viernes la publicaci\u00f3n de hasta cinco Convocatorias de Ayudas distintas por un valor superior al 1.000.000 \u20ac, con las que el&#8230;<\/p>\n","protected":false},"author":2,"featured_media":149535,"comment_status":"closed","ping_status":"closed","sticky":false,"template":"","format":"standard","meta":{"footnotes":""},"categories":[753,718,715,716,717],"tags":[],"class_list":["post-149534","post","type-post","status-publish","format-standard","has-post-thumbnail","hentry","category-blog-lv034","category-blogger","category-la-voz-de-hellin","category-la-voz-de-hellin-la-voz-de-hellin","category-noticias"],"_links":{"self":[{"href":"https:\/\/lavozdehellin.com\/noticias\/wp-json\/wp\/v2\/posts\/149534","targetHints":{"allow":["GET"]}}],"collection":[{"href":"https:\/\/lavozdehellin.com\/noticias\/wp-json\/wp\/v2\/posts"}],"about":[{"href":"https:\/\/lavozdehellin.com\/noticias\/wp-json\/wp\/v2\/types\/post"}],"author":[{"embeddable":true,"href":"https:\/\/lavozdehellin.com\/noticias\/wp-json\/wp\/v2\/users\/2"}],"replies":[{"embeddable":true,"href":"https:\/\/lavozdehellin.com\/noticias\/wp-json\/wp\/v2\/comments?post=149534"}],"version-history":[{"count":0,"href":"https:\/\/lavozdehellin.com\/noticias\/wp-json\/wp\/v2\/posts\/149534\/revisions"}],"wp:featuredmedia":[{"embeddable":true,"href":"https:\/\/lavozdehellin.com\/noticias\/wp-json\/wp\/v2\/media\/149535"}],"wp:attachment":[{"href":"https:\/\/lavozdehellin.com\/noticias\/wp-json\/wp\/v2\/media?parent=149534"}],"wp:term":[{"taxonomy":"category","embeddable":true,"href":"https:\/\/lavozdehellin.com\/noticias\/wp-json\/wp\/v2\/categories?post=149534"},{"taxonomy":"post_tag","embeddable":true,"href":"https:\/\/lavozdehellin.com\/noticias\/wp-json\/wp\/v2\/tags?post=149534"}],"curies":[{"name":"wp","href":"https:\/\/api.w.org\/{rel}","templated":true}]}}