{"id":149537,"date":"2024-03-23T10:30:39","date_gmt":"2024-03-23T09:30:39","guid":{"rendered":"https:\/\/lavozdehellin.com\/noticias\/?p=149537"},"modified":"2024-04-08T10:02:26","modified_gmt":"2024-04-08T09:02:26","slug":"v08-453-cabanero-y-valera-visitan-algunas-de-las-inversiones-mas-recientes-impulsadas-en-chinchilla-por-la-diputacion-que-sigue-reforzando-su-compromiso-con-el-desarrollo-local-y-la-autonomia-municipa","status":"publish","type":"post","link":"https:\/\/lavozdehellin.com\/noticias\/v08-453-cabanero-y-valera-visitan-algunas-de-las-inversiones-mas-recientes-impulsadas-en-chinchilla-por-la-diputacion-que-sigue-reforzando-su-compromiso-con-el-desarrollo-local-y-la-autonomia-municipa\/","title":{"rendered":"LVH NOTICIAS | CABA\u00d1ERO Y VALERA VISITAN ALGUNAS DE LAS INVERSIONES M\u00c1S RECIENTES IMPULSADAS EN CHINCHILLA POR LA DIPUTACI\u00d3N, QUE SIGUE REFORZANDO SU COMPROMISO CON EL DESARROLLO LOCAL Y LA AUTONOM\u00cdA MUNICIPAL"},"content":{"rendered":"<p style=\"text-align: justify;\">La Diputaci\u00f3n de Albacete, bajo la Presidencia de Santi Caba\u00f1ero, sigue reafirmando su compromiso con el desarrollo y la mejora progresiva y continua de las distintas localidades de la provincia.<\/p>\n<p><!--more--><br \/>\n<!--publicidad-voz01--><a href=\"https:\/\/www.facebook.com\/SoloRadioHellin\/?locale=es_ES\"><img decoding=\"async\" class=\"alignnone size-medium\" src=\"https:\/\/blogger.googleusercontent.com\/img\/b\/R29vZ2xl\/AVvXsEiNncirNnyGedv00mhjZjh5Wl4_YPdJGanoAl8tL8zH-HwqE8uHqjEfSt340RHdx-9tuCSIkZ8rFamZiGyYlgDGxCsmXjCH_1xk5eYM3ntFZRvJP_jndOKR7w1UAo9Tu0vrZyOLfqRpHIxYI5SymJJ-pfGCQw6QVpggBH-UgfjiFQ2JOxqxG0Jx94kW83c\/s1600\/logo-principal.jpg\" width=\"100%\" height=\"100\" \/><\/a><!--bestpublic-voz01--><!--desk-in-out-voz01--><br \/>\n<!--publicidad-voz02--><a href=\"https:\/\/www.hellincf.com\/\"><img decoding=\"async\" class=\"alignnone size-medium\" src=\"https:\/\/blogger.googleusercontent.com\/img\/b\/R29vZ2xl\/AVvXsEhuZ4-XfBVj3UtdP8-RZugy3WVrg-Zv28c53m4oV47qYCxL1rX_dqWX_YddsGSnpH5SRDqZ7bZeKPIfDVCDncpjVlhy3aQs2vojcJBn7Gdv9hC2_Nzct_pRFrnFE1a7KTCdY1bT_kAgnY3-iadRZrGeJf1fR2P5fu11bokx0pWjaypoy-ctwCjklldpEbA\/s1600\/logo-principal7.jpg\" width=\"100%\" height=\"100\" \/><\/a><!--bestpublic-voz02--><!--desk-in-out-voz02--><\/p>\n<p style=\"text-align: justify;\">Tambi\u00e9n en Chinchilla de Montearag\u00f3n contin\u00faa destacando el esfuerzo conjunto con el Ayuntamiento para implementar diversas actuaciones de mejora.<\/p>\n<p style=\"text-align: justify;\">En una nueva visita al municipio, el presidente Caba\u00f1ero y el vicepresidente provincial y responsable de Obras, Fran Valera, han puesto de relieve el impacto positivo de varias de las iniciativas m\u00e1s recientes, junto al alcalde, Francisco Morote.<\/p>\n<p style=\"text-align: justify;\">Chinchilla de Montearag\u00f3n \u2018encarna\u2019 un ejemplo significativo del af\u00e1n de colaboraci\u00f3n en favor de un apoyo efectivo y \u00fatil a la gesti\u00f3n municipal que caracteriza al Equipo de Gobierno Provincial: se trata de una de las cuatro localidades (con Minaya, Molinicos y Fuente \u00c1lamo) cuyos ayuntamientos han decidido destinar este a\u00f1o la totalidad de las l\u00edneas de inversi\u00f3n que pone a su disposici\u00f3n la Diputaci\u00f3n (entre POS y Dipualba Responde), al programa \u2018Dipualba Responde-Gasto Corriente\u2019. Una cuant\u00eda que, en el caso de esta localidad, asciende a 122.880 euros.<\/p>\n<p style=\"text-align: justify;\">Con esta estrategia, pionera en 2024, la Diputaci\u00f3n permite a los ayuntamientos con menos de 20.000 habitantes enfocarse en cubrir necesidades esenciales de la gesti\u00f3n diaria (como el pago de n\u00f3minas, facturas o suministros), mostrando un nuevo avance hacia la autonom\u00eda municipal y la capacidad de atender a prioridades locales espec\u00edficas que mueve al Gobierno de Caba\u00f1ero.<\/p>\n<p style=\"text-align: justify;\">\u201cNosotros estamos convencidos de que cada ayuntamiento es quien mejor sabe d\u00f3nde tiene que invertir los recursos que la Diputaci\u00f3n pone a su disposici\u00f3n y, en este caso, el Ayuntamiento de Chinchilla ha decidido que es en gasto corriente donde este a\u00f1o lo necesita y nosotros no solamente lo apoyamos, sino que lo felicitamos\u201d, ha afirmado el presidente.<\/p>\n<p style=\"text-align: justify;\">En este sentido, Caba\u00f1ero ha proseguido se\u00f1alando que \u00e9se es, precisamente, el esp\u00edritu que tiene la Diputaci\u00f3n: \u201cAyudar a que los ayuntamientos hagan lo que consideran que tienen que hacer, porque muchas veces las administraciones tenemos la tentaci\u00f3n de ser demasiado \u2018paternalistas\u2019 o \u2018maternalistas\u2019 y de decirles lo que tienen que hacer\u2026 y es m\u00e1s f\u00e1cil equivocarse cuando se toma la decisi\u00f3n \u2018desde lejos\u2019 que cuando conf\u00edas en los municipios; es verdad que muchas veces las administraciones no queremos \u2018ceder\u2019 ese margen de \u2018poder\u2019 (por llamarlo de alguna manera) de decidir lo que hay que hacer, pero creo que es m\u00e1s inteligente tener \u2018escucha activa\u2019 con lo que los municipios quieren y poner los recursos a su disposici\u00f3n para que sean ellos, en su \u2018mayor\u00eda de edad\u2019 y en su autonom\u00eda municipal, los que decidan d\u00f3nde tienen que invertir como, en este caso, el Ayuntamiento de Chinchilla ha querido dedicar los recursos a gasto corriente\u201d, ha reiterado.<\/p>\n<p style=\"text-align: justify;\">Pr\u00f3xima instalaci\u00f3n de sistemas fotovoltaicos en los bombeos del Pol\u00edgono Camporroso y de las calles Toledo y Caracas<\/p>\n<p style=\"text-align: justify;\">Adem\u00e1s de esa previsi\u00f3n de inversi\u00f3n de m\u00e1s de 122.000 euros, la Diputaci\u00f3n prev\u00e9 gestionar otros m\u00e1s de 73.000 euros para instalar sistemas fotovoltaicos en los bombeos del Pol\u00edgono Camporroso y en las calles Toledo y Caracas, sumando a los esfuerzos de sostenibilidad y eficiencia energ\u00e9tica que vienen impuls\u00e1ndose en la localidad.<\/p>\n<p style=\"text-align: justify;\">Cuesti\u00f3n que, cerrando el \u2018grueso\u2019 de las partidas provinciales de inversiones, se complementa con una asignaci\u00f3n de los 17.000 euros del Plan de Caminos para la mejora de v\u00edas rurales, esenciales para el sector primario y la conectividad local, y a lo que habr\u00e1 que a\u00f1adirle las partidas que procedan de las distintas Convocatorias de Ayudas que la Diputaci\u00f3n pone a disposici\u00f3n, tanto de los propios ayuntamientos, como del tejido social de cada localidad y que, en ambos casos, acaba repercutiendo de forma positiva en la poblaci\u00f3n.<\/p>\n<p style=\"text-align: justify;\">Tambi\u00e9n, pero en este caso con cargo al POS Provincial de 2023, se va a acometer el arreglo de las calles Hermenegildo Montesinos y Elvira L\u00f3pez: dos v\u00edas emblem\u00e1ticas en las importantes celebraciones de Semana Santa que se disfruta en la localidad. Unas actuaciones que van a rehabilitar esta zona que rodea a la ermita de Santa Ana, uno de los muchos puntos de obligada visita en esta localidad de grandes atractivos tur\u00edsticos.<\/p>\n<p style=\"text-align: justify;\">La Diputaci\u00f3n ha contribuido a conectar las redes de abastecimiento de los Pol\u00edgonos<\/p>\n<p style=\"text-align: justify;\">Comparativamente, el a\u00f1o 2023 ya hab\u00eda sido testigo de un s\u00f3lido apoyo a Chinchilla de Montearag\u00f3n por parte de la Diputaci\u00f3n, con inversiones que superaron los 202.000 euros, destinadas a diversos proyectos, incluyendo la mejora de infraestructuras y el apoyo a la dinamizaci\u00f3n socio-cultural municipal.<\/p>\n<p style=\"text-align: justify;\">Como algunos ejemplos, a trav\u00e9s del POS de esa anualidad, Ayuntamiento y Diputaci\u00f3n trabajaron conjuntamente en la necesaria conexi\u00f3n de la red de abastecimiento de agua entre los Pol\u00edgonos Industriales Montearag\u00f3n y Camporroso. Adem\u00e1s, v\u00eda Convenio (dotado con m\u00e1s de 10.200 euros) se pudo reparar el z\u00f3calo del patio interior del Cuartel de la Guardia Civil; con el programa Dipualba Emergencias 2023, se destinaron 7.978 euros a la restauraci\u00f3n de la Muralla en la calle Escurrizo; y con la Convocatoria provincial destinada a la Rehabilitaci\u00f3n de Patrimonio, se invirtieron 7.500 euros en el arreglo de la b\u00f3veda de bajos del Ayuntamiento y la pintura del lateral de la fachada de la Iglesia Santa Mar\u00eda de El Salvador.<\/p>\n<p style=\"text-align: justify;\">Arreglo integral de la Plaza San Juli\u00e1n<\/p>\n<p style=\"text-align: justify;\">Avances que, como han comprobado los dirigentes provinciales acompa\u00f1ados del alcalde, se unen a la importante actuaci\u00f3n de mejora de servicios y pavimentaci\u00f3n en la Plaza San Juli\u00e1n, una de las principales calles de acceso al centro y sur de la localidad.<\/p>\n<p style=\"text-align: justify;\">Antes de estas obras, la pavimentaci\u00f3n era hormig\u00f3n en mal estado y parcheado; no se diferenciaba la calzada de la acera; la red de abastecimiento no estaba conectada entre diferentes ramas de las calles que convergen en la plaza, donde tampoco exist\u00eda red de saneamiento y, la de alumbrado, energ\u00eda y telefon\u00eda, se realizaba por tendido a\u00e9reo a trav\u00e9s de las fachadas y de postes de madera.<\/p>\n<p style=\"text-align: justify;\">Tras la inversi\u00f3n de 80.000 euros con cargo a otro POS, la plaza luce pavimentaba con adoqu\u00edn; se ha renovado la red de abastecimiento, conectando con las calles adyacentes con llaves de corte para lograr una red mallada; se ha cambiado de saneamiento, acabando con las filtraciones de las edificaciones colindantes; y se han canalizado todos los servicios de energ\u00eda de baja tensi\u00f3n, telecomunicaciones y alumbrado p\u00fablico. Actuaciones que marcan un evidente \u2018antes\u2019 y \u2018despu\u00e9s\u2019 hacia una mayor accesibilidad y belleza en el entorno.<\/p>\n<p style=\"text-align: justify;\">\u201cQuiero felicitar al alcalde y a la Corporaci\u00f3n Municipal por lo bien invertidos que est\u00e1n estos fondos que la Diputaci\u00f3n pone al servicio de los ayuntamientos; no hay nada m\u00e1s que ver la zona, que ha quedado preciosa; una zona complicada, por la orograf\u00eda, donde ha habido que meter todos los servicios y que ahora mismo no es que haya quedado digna, es que ha quedado preciosa (que, adem\u00e1s, con esta vista del castillo aqu\u00ed al lado\u2026 pues es un sitio envidiable)\u201d, ha se\u00f1alado Caba\u00f1ero<\/p>\n<p style=\"text-align: justify;\">En su visita, Caba\u00f1ero y Valera han podido pasear por \u00e9sas y otras zonas significativas en Chinchilla, caso de las inmediaciones de su castillo, aprovechando para dialogar con Morote sobre esas actuaciones e iniciativas que su equipo municipal tiene en mente ir desarrollando, tanto all\u00ed como en otros puntos de la localidad, as\u00ed como para recordarle las oportunidades que presentan las distintas Convocatorias de Ayuda de la Diputaci\u00f3n (muchas, ya disponibles y otras que lo estar\u00e1n muy pr\u00f3ximamente) y que, bien dirigidas a los ayuntamientos, bien al entramado social, contribuyan al impulso y dinamizaci\u00f3n de los pueblos.<\/p>\n<p style=\"text-align: justify;\">Un trabajo conjunto que destaca la importancia de escuchar y trabajar \u2018mano a mano\u2019 con las Entidades Locales, asegurando que cada inversi\u00f3n se traduzca en mejoras tangibles para la poblaci\u00f3n y su entorno desde una cada vez mayor autonom\u00eda municipal.<\/p>\n<p><!--publicidad-voz03--><a href=\"https:\/\/www.facebook.com\/profile.php?id=100063593791305&amp;locale=es_ES\"><img decoding=\"async\" class=\"alignnone size-medium\" src=\"https:\/\/blogger.googleusercontent.com\/img\/b\/R29vZ2xl\/AVvXsEi8_n_ll8UOcGxCqzFvb_9Io4ICczlGC990BPtPj2w9Px-u7B3oqWUW5vtjZUqPNJ-nyjiUIorE0ATsib_l5tV8BVN-UJ03RTnU__IHJF_4DgDBtY4LIqXNG-FomrO-7ywes20CBCRM2Hcm7EJSh3UUw1dO-c_uTflUrtgY1i7uBRezj_DpympmEFkfbQY\/s1600\/logo-principal2.jpg\" width=\"100%\" height=\"100\" \/><\/a><!--bestpublic-voz03--><!--desk-in-out-voz03--><br \/>\n<!--publicidad-voz04--><a href=\"https:\/\/www.facebook.com\/profile.php?id=61557370768692&amp;locale=es_ES\"><img decoding=\"async\" class=\"alignnone size-medium\" src=\"https:\/\/blogger.googleusercontent.com\/img\/b\/R29vZ2xl\/AVvXsEgy5RdcfffrnrItnYTcV9bCJjgJwldsQLWssfVfrLbyfXeBNTFKgBf0rMIvhrUaGUhiXzVr9_eQgCbi-j63ZDpfTvLIty9w7s140y-m1yHe7eKmEK7v2NAHUJDVYGdfeiQFeRCqUjdwWmN1MX_AUxxz4IVdJ4WIM0APxit8bjWkXzrnEFGqBvW_1F13H1g\/s1600\/logo-principal5.jpg\" width=\"100%\" height=\"100\" \/><\/a><!--bestpublic-voz04--><!--desk-in-out-voz04--><br \/>\n<!--publicidad-voz05--><a href=\"https:\/\/www.facebook.com\/asociaciontamborileroshellin?locale=es_ES\"><img decoding=\"async\" class=\"alignnone size-medium\" src=\"https:\/\/blogger.googleusercontent.com\/img\/b\/R29vZ2xl\/AVvXsEhHEEpZsKK1VpwiYMrS7aE2ujtqIDZoLd4B5wtbiseSU9s2HdTdQfhF84So2XwEB1fv0BLw95GADm6hUl1bkKtzh-eIgVigXONuu_5RxeIMPhjk8q6uNX4EaEHbooKkbu7pCADWPpVJjhKIH5NQSJpWqedC-YBez4QAQeJYokkLot9bhrIaUAeztsGis6M\/s1600\/logo-principal3.jpg\" width=\"100%\" height=\"100\" \/><\/a><!--bestpublic-voz05--><!--desk-in-out-voz05--><br \/>\n<!--publicidad-voz06--><!--bestpublic-voz06--><!--desk-in-out-voz06--><br \/>\n<!--publicidad-voz07--><!--bestpublic-voz07--><!--desk-in-out-voz07--><br \/>\n<!--publicidad-voz08--><!--bestpublic-voz08--><!--desk-in-out-voz08--><br \/>\n<!--publicidad-voz09--><!--bestpublic-voz09--><!--desk-in-out-voz09--><br \/>\n<!--publicidad-voz10--><!--bestpublic-voz10--><!--desk-in-out-voz10--><br \/>\n<!--publicidad-voz11--><!--bestpublic-voz11--><!--desk-in-out-voz11--><br \/>\n<!--publicidad-voz12--><!--bestpublic-voz12--><!--desk-in-out-voz12--><br \/>\n<!--publicidad-voz13--><!--bestpublic-voz13--><!--desk-in-out-voz13--><br \/>\n<!--publicidad-voz14--><!--bestpublic-voz14--><!--desk-in-out-voz14--><br \/>\n<!--publicidad-voz15--><!--bestpublic-voz15--><!--desk-in-out-voz15--><br \/>\n<!--publicidad-voz16--><!--bestpublic-voz16--><!--desk-in-out-voz16--><\/p>\n","protected":false},"excerpt":{"rendered":"<p>La Diputaci\u00f3n de Albacete, bajo la Presidencia de Santi Caba\u00f1ero, sigue reafirmando su compromiso con el desarrollo y la mejora progresiva y continua de las distintas localidades de la provincia.<\/p>\n","protected":false},"author":2,"featured_media":149538,"comment_status":"closed","ping_status":"closed","sticky":false,"template":"","format":"standard","meta":{"footnotes":""},"categories":[753,718,715,716,717],"tags":[],"class_list":["post-149537","post","type-post","status-publish","format-standard","has-post-thumbnail","hentry","category-blog-lv034","category-blogger","category-la-voz-de-hellin","category-la-voz-de-hellin-la-voz-de-hellin","category-noticias"],"_links":{"self":[{"href":"https:\/\/lavozdehellin.com\/noticias\/wp-json\/wp\/v2\/posts\/149537","targetHints":{"allow":["GET"]}}],"collection":[{"href":"https:\/\/lavozdehellin.com\/noticias\/wp-json\/wp\/v2\/posts"}],"about":[{"href":"https:\/\/lavozdehellin.com\/noticias\/wp-json\/wp\/v2\/types\/post"}],"author":[{"embeddable":true,"href":"https:\/\/lavozdehellin.com\/noticias\/wp-json\/wp\/v2\/users\/2"}],"replies":[{"embeddable":true,"href":"https:\/\/lavozdehellin.com\/noticias\/wp-json\/wp\/v2\/comments?post=149537"}],"version-history":[{"count":0,"href":"https:\/\/lavozdehellin.com\/noticias\/wp-json\/wp\/v2\/posts\/149537\/revisions"}],"wp:featuredmedia":[{"embeddable":true,"href":"https:\/\/lavozdehellin.com\/noticias\/wp-json\/wp\/v2\/media\/149538"}],"wp:attachment":[{"href":"https:\/\/lavozdehellin.com\/noticias\/wp-json\/wp\/v2\/media?parent=149537"}],"wp:term":[{"taxonomy":"category","embeddable":true,"href":"https:\/\/lavozdehellin.com\/noticias\/wp-json\/wp\/v2\/categories?post=149537"},{"taxonomy":"post_tag","embeddable":true,"href":"https:\/\/lavozdehellin.com\/noticias\/wp-json\/wp\/v2\/tags?post=149537"}],"curies":[{"name":"wp","href":"https:\/\/api.w.org\/{rel}","templated":true}]}}