{"id":149541,"date":"2024-03-24T12:44:25","date_gmt":"2024-03-24T11:44:25","guid":{"rendered":"https:\/\/lavozdehellin.com\/noticias\/?p=149541"},"modified":"2024-04-08T10:02:26","modified_gmt":"2024-04-08T09:02:26","slug":"v08-454-la-diputacion-de-albacete-colaborara-con-la-asociacion-espanola-de-turismo-rural-de-cara-al-xv-congreso-nacional-que-ayna-albergara-en-junio","status":"publish","type":"post","link":"https:\/\/lavozdehellin.com\/noticias\/v08-454-la-diputacion-de-albacete-colaborara-con-la-asociacion-espanola-de-turismo-rural-de-cara-al-xv-congreso-nacional-que-ayna-albergara-en-junio\/","title":{"rendered":"LVH NOTICIAS | LA DIPUTACI\u00d3N DE ALBACETE COLABORAR\u00c1 CON LA ASOCIACI\u00d3N ESPA\u00d1OLA DE TURISMO RURAL DE CARA AL XV CONGRESO NACIONAL QUE AYNA ALBERGAR\u00c1 EN JUNIO"},"content":{"rendered":"<p style=\"text-align: justify;\">La Diputaci\u00f3n de Albacete sumar\u00e1 esfuerzos con la Asociaci\u00f3n Espa\u00f1ola de Turismo Rural (ASETUR) para la celebraci\u00f3n del XV Congreso Nacional de Turismo Rural, que tendr\u00e1 lugar en Ayna los d\u00edas 4 y 5 de junio.<\/p>\n<p><!--more--><br \/>\n<!--publicidad-voz01--><a href=\"https:\/\/www.facebook.com\/SoloRadioHellin\/?locale=es_ES\"><img decoding=\"async\" class=\"alignnone size-medium\" src=\"https:\/\/blogger.googleusercontent.com\/img\/b\/R29vZ2xl\/AVvXsEiNncirNnyGedv00mhjZjh5Wl4_YPdJGanoAl8tL8zH-HwqE8uHqjEfSt340RHdx-9tuCSIkZ8rFamZiGyYlgDGxCsmXjCH_1xk5eYM3ntFZRvJP_jndOKR7w1UAo9Tu0vrZyOLfqRpHIxYI5SymJJ-pfGCQw6QVpggBH-UgfjiFQ2JOxqxG0Jx94kW83c\/s1600\/logo-principal.jpg\" width=\"100%\" height=\"100\" \/><\/a><!--bestpublic-voz01--><!--desk-in-out-voz01--><br \/>\n<!--publicidad-voz02--><a href=\"https:\/\/www.hellincf.com\/\"><img decoding=\"async\" class=\"alignnone size-medium\" src=\"https:\/\/blogger.googleusercontent.com\/img\/b\/R29vZ2xl\/AVvXsEhuZ4-XfBVj3UtdP8-RZugy3WVrg-Zv28c53m4oV47qYCxL1rX_dqWX_YddsGSnpH5SRDqZ7bZeKPIfDVCDncpjVlhy3aQs2vojcJBn7Gdv9hC2_Nzct_pRFrnFE1a7KTCdY1bT_kAgnY3-iadRZrGeJf1fR2P5fu11bokx0pWjaypoy-ctwCjklldpEbA\/s1600\/logo-principal7.jpg\" width=\"100%\" height=\"100\" \/><\/a><!--bestpublic-voz02--><!--desk-in-out-voz02--><\/p>\n<p style=\"text-align: justify;\">As\u00ed lo trasladaba el presidente provincial, Santi Caba\u00f1ero, junto a la diputada de Turismo y coordinadora del \u00c1rea de Desarrollo Rural de la Diputaci\u00f3n, Raquel Ruiz, durante una reuni\u00f3n mantenida con Juan Carlos T\u00e9bar, vicepresidente de ASETUR.<\/p>\n<p style=\"text-align: justify;\">El Congreso se centrar\u00e1 en temas cr\u00edticos para el futuro del sector, incluyendo la sostenibilidad tur\u00edstica, la exploraci\u00f3n de nuevos nichos de comercializaci\u00f3n y el aprovechamiento de las tecnolog\u00edas en el turismo. \u00abLa provincia de Albacete tiene mucho que aportar en estas \u00e1reas, gracias al esfuerzo conjunto que desde la Diputaci\u00f3n hemos hecho con otras administraciones para promover el desarrollo tur\u00edstico y destacar nuestras localidades y productos emblem\u00e1ticos\u00bb, se\u00f1alaba Caba\u00f1ero.<\/p>\n<p style=\"text-align: justify;\">El evento busca reforzar la cohesi\u00f3n dentro del sector y fomentar en el entorno rural el denominado \u2018turismo MICE\u2019 (acr\u00f3nimo de \u2018meetings\u2019, \u2018incentives\u2019, \u2018conferences\u2019 y \u2018exhibitions\u2019 para referirse al nicho de mercado de quienes viajan por razones de seminarios, charlas u otros eventos multitudinarios en la industria).<\/p>\n<p style=\"text-align: justify;\">La elecci\u00f3n de Ayna como sede de este Congreso no es casualidad. Como ha comentado Caba\u00f1ero, esta peque\u00f1a localidad, de aproximadamente 600 habitantes, representa el encanto del turismo rural y la importancia de eventos de esta magnitud para promover la visibilidad, el desarrollo econ\u00f3mico y el fomento del turismo sostenible en zonas rurales, como qued\u00f3 patente en la presentaci\u00f3n que la cita tuvo en el estand de C-LM durante la pasada edici\u00f3n de FITUR.<\/p>\n<p style=\"text-align: justify;\">El presidente de la Diputaci\u00f3n se ha mostrado convencido de que este gran evento previsto para junio no s\u00f3lo servir\u00e1 como otra plataforma para el debate y la innovaci\u00f3n en materia de turismo rural, sino tambi\u00e9n como \u201cuna oportunidad para Ayna y toda la provincia de Albacete de mostrar sus atractivos a un p\u00fablico nacional e internacional, impulsando el turismo y la econom\u00eda locales\u201d.<\/p>\n<p><!--publicidad-voz03--><a href=\"https:\/\/www.facebook.com\/profile.php?id=100063593791305&amp;locale=es_ES\"><img decoding=\"async\" class=\"alignnone size-medium\" src=\"https:\/\/blogger.googleusercontent.com\/img\/b\/R29vZ2xl\/AVvXsEi8_n_ll8UOcGxCqzFvb_9Io4ICczlGC990BPtPj2w9Px-u7B3oqWUW5vtjZUqPNJ-nyjiUIorE0ATsib_l5tV8BVN-UJ03RTnU__IHJF_4DgDBtY4LIqXNG-FomrO-7ywes20CBCRM2Hcm7EJSh3UUw1dO-c_uTflUrtgY1i7uBRezj_DpympmEFkfbQY\/s1600\/logo-principal2.jpg\" width=\"100%\" height=\"100\" \/><\/a><!--bestpublic-voz03--><!--desk-in-out-voz03--><br \/>\n<!--publicidad-voz04--><a href=\"https:\/\/www.facebook.com\/profile.php?id=61557370768692&amp;locale=es_ES\"><img decoding=\"async\" class=\"alignnone size-medium\" src=\"https:\/\/blogger.googleusercontent.com\/img\/b\/R29vZ2xl\/AVvXsEgy5RdcfffrnrItnYTcV9bCJjgJwldsQLWssfVfrLbyfXeBNTFKgBf0rMIvhrUaGUhiXzVr9_eQgCbi-j63ZDpfTvLIty9w7s140y-m1yHe7eKmEK7v2NAHUJDVYGdfeiQFeRCqUjdwWmN1MX_AUxxz4IVdJ4WIM0APxit8bjWkXzrnEFGqBvW_1F13H1g\/s1600\/logo-principal5.jpg\" width=\"100%\" height=\"100\" \/><\/a><!--bestpublic-voz04--><!--desk-in-out-voz04--><br \/>\n<!--publicidad-voz05--><a href=\"https:\/\/www.facebook.com\/asociaciontamborileroshellin?locale=es_ES\"><img decoding=\"async\" class=\"alignnone size-medium\" src=\"https:\/\/blogger.googleusercontent.com\/img\/b\/R29vZ2xl\/AVvXsEhHEEpZsKK1VpwiYMrS7aE2ujtqIDZoLd4B5wtbiseSU9s2HdTdQfhF84So2XwEB1fv0BLw95GADm6hUl1bkKtzh-eIgVigXONuu_5RxeIMPhjk8q6uNX4EaEHbooKkbu7pCADWPpVJjhKIH5NQSJpWqedC-YBez4QAQeJYokkLot9bhrIaUAeztsGis6M\/s1600\/logo-principal3.jpg\" width=\"100%\" height=\"100\" \/><\/a><!--bestpublic-voz05--><!--desk-in-out-voz05--><br \/>\n<!--publicidad-voz06--><!--bestpublic-voz06--><!--desk-in-out-voz06--><br \/>\n<!--publicidad-voz07--><!--bestpublic-voz07--><!--desk-in-out-voz07--><br \/>\n<!--publicidad-voz08--><!--bestpublic-voz08--><!--desk-in-out-voz08--><br \/>\n<!--publicidad-voz09--><!--bestpublic-voz09--><!--desk-in-out-voz09--><br \/>\n<!--publicidad-voz10--><!--bestpublic-voz10--><!--desk-in-out-voz10--><br \/>\n<!--publicidad-voz11--><!--bestpublic-voz11--><!--desk-in-out-voz11--><br \/>\n<!--publicidad-voz12--><!--bestpublic-voz12--><!--desk-in-out-voz12--><br \/>\n<!--publicidad-voz13--><!--bestpublic-voz13--><!--desk-in-out-voz13--><br \/>\n<!--publicidad-voz14--><!--bestpublic-voz14--><!--desk-in-out-voz14--><br \/>\n<!--publicidad-voz15--><!--bestpublic-voz15--><!--desk-in-out-voz15--><br \/>\n<!--publicidad-voz16--><!--bestpublic-voz16--><!--desk-in-out-voz16--><\/p>\n","protected":false},"excerpt":{"rendered":"<p>La Diputaci\u00f3n de Albacete sumar\u00e1 esfuerzos con la Asociaci\u00f3n Espa\u00f1ola de Turismo Rural (ASETUR) para la celebraci\u00f3n del XV Congreso Nacional de Turismo Rural, que tendr\u00e1 lugar en Ayna los&#8230;<\/p>\n","protected":false},"author":2,"featured_media":149542,"comment_status":"closed","ping_status":"closed","sticky":false,"template":"","format":"standard","meta":{"footnotes":""},"categories":[753,718,715,716,717],"tags":[],"class_list":["post-149541","post","type-post","status-publish","format-standard","has-post-thumbnail","hentry","category-blog-lv034","category-blogger","category-la-voz-de-hellin","category-la-voz-de-hellin-la-voz-de-hellin","category-noticias"],"_links":{"self":[{"href":"https:\/\/lavozdehellin.com\/noticias\/wp-json\/wp\/v2\/posts\/149541","targetHints":{"allow":["GET"]}}],"collection":[{"href":"https:\/\/lavozdehellin.com\/noticias\/wp-json\/wp\/v2\/posts"}],"about":[{"href":"https:\/\/lavozdehellin.com\/noticias\/wp-json\/wp\/v2\/types\/post"}],"author":[{"embeddable":true,"href":"https:\/\/lavozdehellin.com\/noticias\/wp-json\/wp\/v2\/users\/2"}],"replies":[{"embeddable":true,"href":"https:\/\/lavozdehellin.com\/noticias\/wp-json\/wp\/v2\/comments?post=149541"}],"version-history":[{"count":0,"href":"https:\/\/lavozdehellin.com\/noticias\/wp-json\/wp\/v2\/posts\/149541\/revisions"}],"wp:featuredmedia":[{"embeddable":true,"href":"https:\/\/lavozdehellin.com\/noticias\/wp-json\/wp\/v2\/media\/149542"}],"wp:attachment":[{"href":"https:\/\/lavozdehellin.com\/noticias\/wp-json\/wp\/v2\/media?parent=149541"}],"wp:term":[{"taxonomy":"category","embeddable":true,"href":"https:\/\/lavozdehellin.com\/noticias\/wp-json\/wp\/v2\/categories?post=149541"},{"taxonomy":"post_tag","embeddable":true,"href":"https:\/\/lavozdehellin.com\/noticias\/wp-json\/wp\/v2\/tags?post=149541"}],"curies":[{"name":"wp","href":"https:\/\/api.w.org\/{rel}","templated":true}]}}