{"id":149544,"date":"2024-03-25T11:38:19","date_gmt":"2024-03-25T10:38:19","guid":{"rendered":"https:\/\/lavozdehellin.com\/noticias\/?p=149544"},"modified":"2024-04-08T10:02:26","modified_gmt":"2024-04-08T09:02:26","slug":"v08-455-la-diputacion-de-albacete-destino-el-44-de-sus-ayudas-sociosanitarias-de-2023-a-entidades-dedicadas-a-la-salud-mental-y-al-cuidado-de-personas-con-alzheimer-y-otras-demencias","status":"publish","type":"post","link":"https:\/\/lavozdehellin.com\/noticias\/v08-455-la-diputacion-de-albacete-destino-el-44-de-sus-ayudas-sociosanitarias-de-2023-a-entidades-dedicadas-a-la-salud-mental-y-al-cuidado-de-personas-con-alzheimer-y-otras-demencias\/","title":{"rendered":"LVH NOTICIAS | LA DIPUTACI\u00d3N DE ALBACETE DESTIN\u00d3 EL 44% DE SUS AYUDAS SOCIOSANITARIAS DE 2023 A ENTIDADES DEDICADAS A LA SALUD MENTAL Y AL CUIDADO DE PERSONAS CON ALZHEIMER Y OTRAS DEMENCIAS"},"content":{"rendered":"<p style=\"text-align: justify;\">El vicepresidente de la Diputaci\u00f3n de Albacete, Fran Valera, y el diputado y coordinador del \u00c1rea Social, Jos\u00e9 Gonz\u00e1lez, acompa\u00f1ados por la alcaldesa y diputada provincial de Igualdad, Pilar Callado, han pasado este lunes por los centros de la Asociaci\u00f3n de Familiares y Amigos de Enfermos Ps\u00edquicos de Almansa (AFAENPAL) y de la Asociaci\u00f3n de Familiares y Amigos de Enfermos de Alzheimer y otras demencias (AFA Almansa).<\/p>\n<p><!--more--><br \/>\n<!--publicidad-voz01--><a href=\"https:\/\/www.facebook.com\/SoloRadioHellin\/?locale=es_ES\"><img decoding=\"async\" class=\"alignnone size-medium\" src=\"https:\/\/blogger.googleusercontent.com\/img\/b\/R29vZ2xl\/AVvXsEiNncirNnyGedv00mhjZjh5Wl4_YPdJGanoAl8tL8zH-HwqE8uHqjEfSt340RHdx-9tuCSIkZ8rFamZiGyYlgDGxCsmXjCH_1xk5eYM3ntFZRvJP_jndOKR7w1UAo9Tu0vrZyOLfqRpHIxYI5SymJJ-pfGCQw6QVpggBH-UgfjiFQ2JOxqxG0Jx94kW83c\/s1600\/logo-principal.jpg\" width=\"100%\" height=\"100\" \/><\/a><!--bestpublic-voz01--><!--desk-in-out-voz01--><br \/>\n<!--publicidad-voz02--><a href=\"https:\/\/www.hellincf.com\/\"><img decoding=\"async\" class=\"alignnone size-medium\" src=\"https:\/\/blogger.googleusercontent.com\/img\/b\/R29vZ2xl\/AVvXsEhuZ4-XfBVj3UtdP8-RZugy3WVrg-Zv28c53m4oV47qYCxL1rX_dqWX_YddsGSnpH5SRDqZ7bZeKPIfDVCDncpjVlhy3aQs2vojcJBn7Gdv9hC2_Nzct_pRFrnFE1a7KTCdY1bT_kAgnY3-iadRZrGeJf1fR2P5fu11bokx0pWjaypoy-ctwCjklldpEbA\/s1600\/logo-principal7.jpg\" width=\"100%\" height=\"100\" \/><\/a><!--bestpublic-voz02--><!--desk-in-out-voz02--><\/p>\n<p style=\"text-align: justify;\">Visitas que, como objetivo principal, han tenido los de agradecer y reconocer la \u201clabor esencial\u201d que estas asociaciones realizan cuidando y atendiendo a personas que, por sus propias situaciones de salud, son especialmente vulnerables en la sociedad.<\/p>\n<p style=\"text-align: justify;\">Encuentros en los que los representantes de la Diputaci\u00f3n de Albacete han querido destacar el apoyo incondicional que desde el Gobierno de la instituci\u00f3n se brinda no s\u00f3lo a los ayuntamientos, sino tambi\u00e9n a ese tejido asociativo que desempe\u00f1an un papel crucial en el bienestar provincial, reafirmando la convicci\u00f3n del presidente, Santi Caba\u00f1ero, de que el trabajo \u2018mancomunado\u2019 con estas organizaciones es esencial para avanzar hacia una sociedad m\u00e1s inclusiva y humanizada.<\/p>\n<p style=\"text-align: justify;\">Cinco entidades sociosanitarias de Almansa tuvieron en 2023 la Ayuda de la Diputaci\u00f3n<\/p>\n<p style=\"text-align: justify;\">En 2023, la Diputaci\u00f3n distribuy\u00f3 279.000 euros en ayudas entre 62 colectivos sociosanitarios, de los que cinco (incluyendo AFAENPAL y AFA Almansa) est\u00e1n radicados en Almansa (recibiendo un total de casi 33.000 euros).<\/p>\n<p style=\"text-align: justify;\">Concretamente, AFAENPAL (entidad presidida por Emma Mirta Galv\u00e1n y que cuenta con Sonia Meg\u00edas Amat como vicepresidente, adem\u00e1s de como coordinadora del centro, con unos 65 usuarios y usuarias y 6 profesionales), recibi\u00f3 el a\u00f1o pasado algo m\u00e1s de 10.300 euros de la Diputaci\u00f3n de Albacete. Con ellos, de forma comarcal, se impulsaron talleres de fomento de la autonom\u00eda y mejora de la calidad de vida de las personas con problemas de salud mental y sus familias, avanzando en su integraci\u00f3n socio-comunitaria con actividades ocupacionales y de ocio.<\/p>\n<p style=\"text-align: justify;\">\u201cUn proyecto muy completo que va \u2018m\u00e1s all\u00e1\u2019, porque hemos visto que trabaja en la educaci\u00f3n de la mano de los colegios, abordando la inteligencia emocional y tiene un valor clave porque, como nos contaban, usuarios y usuarias que han estado en los talleres de AFAENPAL ahora son formadores y formadoras que trabajan con las personas que lo necesitan; y \u00e9sa es la mejor prueba de que estos son proyectos de \u00e9xito\u201d, ha subrayado el diputado Jos\u00e9 Gonz\u00e1lez.<\/p>\n<p style=\"text-align: justify;\">Por su parte, AFA Almansa (presidida por Manuel Garc\u00eda Rubio y con Laura Castillo como trabajadora social de un centro que, con 9 profesionales, atiende a 20 personas), obtuvo algo m\u00e1s de 8.550 euros de subvenci\u00f3n provincial con los que se desarrollaron cuatro talleres para personas afectadas de Alzheimer y otras demencias as\u00ed como para sus familiares y personas cuidadoras.<\/p>\n<p style=\"text-align: justify;\">La atenci\u00f3n al Alzheimer y otras demencias y a la Salud Mental captan el 44% de la ayuda<\/p>\n<p style=\"text-align: justify;\">Una asignaci\u00f3n de recursos que refleja una clara estrategia conjunta para abordar las crecientes necesidades en el \u00e1mbito de la salud mental y la atenci\u00f3n al Alzheimer y otras demencias. Como han explicado los dirigentes provinciales, en 2023, el 44% del total de ayudas sociosanitarias de la Diputaci\u00f3n se destin\u00f3 espec\u00edficamente a esos dos sectores, subrayando la creciente conciencia sobre la importancia de ofrecer un tratamiento y atenci\u00f3n eficaces a esas condiciones debilitantes.<\/p>\n<p style=\"text-align: justify;\">\u201cEse dato refleja la importancia que Diputaci\u00f3n da al trabajo que hacen colectivos como estos. Que, de cada 10 euros que se destinan a los colectivos sociosanitarios, m\u00e1s de 4 vayan a salud mental y atenci\u00f3n al Alzheimer denota que esto no es \u2018un carro\u2019 o \u2018una moda\u2019 a la que nos subimos ahora, sino que responde a una tendencia en la que desde la Diputaci\u00f3n venimos trabajando desde hace tiempo\u201d, ha se\u00f1alado el vicepresidente.<\/p>\n<p style=\"text-align: justify;\">Al hilo de ello, Valera ha incidido en la siguiente reflexi\u00f3n: \u201cLa Diputaci\u00f3n siempre es noticia en todos los municipios (tambi\u00e9n en Almansa) cuando hablamos de \u2018grandes obras\u2019, de grandes cantidades de dinero dedicadas a inversi\u00f3n\u2026 Pero yo creo que hay pocas cosas m\u00e1s nobles que ayudar a las personas a ser libres, a ser totalmente (o, al menos en la medida de sus posibilidades) aut\u00f3nomas. Y seguramente, de todas las acciones pol\u00edticas que llevamos, esta sea de las m\u00e1s humanas, de las m\u00e1s generosas y de las que m\u00e1s llenan la palabra \u2018sociedad\u2019 de contenido\u2026\u201d.<\/p>\n<p style=\"text-align: justify;\">Con el prop\u00f3sito de continuar y expandir este apoyo al Tercer Sector, Valera y Gonz\u00e1lez han recordado que el Gobierno de Caba\u00f1ero contin\u00faa mejorando significativamente la Convocatoria de Ayudas para proyectos sociosanitarios en 2024 que, como han subrayado, est\u00e1n en plazo de solicitud hasta el pr\u00f3ximo 9 de abril, animando a los distintos colectivos a enviar sus peticiones a trav\u00e9s del apartado \u2018Subvenciones\u2019 de la web de la instituci\u00f3n: www.dipualba.es.<\/p>\n<p style=\"text-align: justify;\">Triple mejora en la Convocatoria de Ayudas para proyectos socionsanitarios: en la dotaci\u00f3n, en el dise\u00f1o y en la baremaci\u00f3n<\/p>\n<p style=\"text-align: justify;\">De cara a este a\u00f1o, se ha incrementado el presupuesto en m\u00e1s de un 25% hasta alcanzar los 350.000 euros. Cifra que asciende a los 450.000 euros si se le suma la Convocatoria destinada a financiar proyectos de Inserci\u00f3n Social, que mantiene 100.000 euros.<\/p>\n<p style=\"text-align: justify;\">La mejora presupuestaria, han explicado, se une a la optimizaci\u00f3n en el dise\u00f1o de l\u00edneas de proyecto y a la creaci\u00f3n de una gu\u00eda para facilitar la claridad y concreci\u00f3n en la presentaci\u00f3n de proyectos. Adem\u00e1s, se ha extendido el plazo para la ejecuci\u00f3n y justificaci\u00f3n de los proyectos hasta el 30 de noviembre de 2024, permitiendo un desarrollo m\u00e1s efectivo y profundo de las iniciativas.<\/p>\n<p style=\"text-align: justify;\">Pero, adem\u00e1s de esas subvenciones, la Diputaci\u00f3n mantiene 23 convenios de colaboraci\u00f3n en el \u00e1rea sociosanitaria que representan otros 1.667.692 euros de inversi\u00f3n. En total, m\u00e1s de 2.100.000 euros que, ha recordado, est\u00e1n siendo destinados al fortalecimiento del \u00c1rea Social provincial, evidenciando el compromiso del Equipo de Gobierno de la Diputaci\u00f3n con el mejoramiento de los servicios de salud y el bienestar de los colectivos m\u00e1s vulnerables.<\/p>\n<p style=\"text-align: justify;\">Esta visita a Almansa ha reiterado la importancia de la colaboraci\u00f3n entre las instituciones p\u00fablicas y las entidades del Tercer Sector que viene practicando la Diputaci\u00f3n de Albacete para abordar efectivamente las necesidades y desaf\u00edos de la sociedad en el \u00e1mbito de la atenci\u00f3n y los cuidados.<\/p>\n<p><!--publicidad-voz03--><a href=\"https:\/\/www.facebook.com\/profile.php?id=100063593791305&amp;locale=es_ES\"><img decoding=\"async\" class=\"alignnone size-medium\" src=\"https:\/\/blogger.googleusercontent.com\/img\/b\/R29vZ2xl\/AVvXsEi8_n_ll8UOcGxCqzFvb_9Io4ICczlGC990BPtPj2w9Px-u7B3oqWUW5vtjZUqPNJ-nyjiUIorE0ATsib_l5tV8BVN-UJ03RTnU__IHJF_4DgDBtY4LIqXNG-FomrO-7ywes20CBCRM2Hcm7EJSh3UUw1dO-c_uTflUrtgY1i7uBRezj_DpympmEFkfbQY\/s1600\/logo-principal2.jpg\" width=\"100%\" height=\"100\" \/><\/a><!--bestpublic-voz03--><!--desk-in-out-voz03--><br \/>\n<!--publicidad-voz04--><a href=\"https:\/\/www.facebook.com\/profile.php?id=61557370768692&amp;locale=es_ES\"><img decoding=\"async\" class=\"alignnone size-medium\" src=\"https:\/\/blogger.googleusercontent.com\/img\/b\/R29vZ2xl\/AVvXsEgy5RdcfffrnrItnYTcV9bCJjgJwldsQLWssfVfrLbyfXeBNTFKgBf0rMIvhrUaGUhiXzVr9_eQgCbi-j63ZDpfTvLIty9w7s140y-m1yHe7eKmEK7v2NAHUJDVYGdfeiQFeRCqUjdwWmN1MX_AUxxz4IVdJ4WIM0APxit8bjWkXzrnEFGqBvW_1F13H1g\/s1600\/logo-principal5.jpg\" width=\"100%\" height=\"100\" \/><\/a><!--bestpublic-voz04--><!--desk-in-out-voz04--><br \/>\n<!--publicidad-voz05--><a href=\"https:\/\/www.facebook.com\/asociaciontamborileroshellin?locale=es_ES\"><img decoding=\"async\" class=\"alignnone size-medium\" src=\"https:\/\/blogger.googleusercontent.com\/img\/b\/R29vZ2xl\/AVvXsEhHEEpZsKK1VpwiYMrS7aE2ujtqIDZoLd4B5wtbiseSU9s2HdTdQfhF84So2XwEB1fv0BLw95GADm6hUl1bkKtzh-eIgVigXONuu_5RxeIMPhjk8q6uNX4EaEHbooKkbu7pCADWPpVJjhKIH5NQSJpWqedC-YBez4QAQeJYokkLot9bhrIaUAeztsGis6M\/s1600\/logo-principal3.jpg\" width=\"100%\" height=\"100\" \/><\/a><!--bestpublic-voz05--><!--desk-in-out-voz05--><br \/>\n<!--publicidad-voz06--><!--bestpublic-voz06--><!--desk-in-out-voz06--><br \/>\n<!--publicidad-voz07--><!--bestpublic-voz07--><!--desk-in-out-voz07--><br \/>\n<!--publicidad-voz08--><!--bestpublic-voz08--><!--desk-in-out-voz08--><br \/>\n<!--publicidad-voz09--><!--bestpublic-voz09--><!--desk-in-out-voz09--><br \/>\n<!--publicidad-voz10--><!--bestpublic-voz10--><!--desk-in-out-voz10--><br \/>\n<!--publicidad-voz11--><!--bestpublic-voz11--><!--desk-in-out-voz11--><br \/>\n<!--publicidad-voz12--><!--bestpublic-voz12--><!--desk-in-out-voz12--><br \/>\n<!--publicidad-voz13--><!--bestpublic-voz13--><!--desk-in-out-voz13--><br \/>\n<!--publicidad-voz14--><!--bestpublic-voz14--><!--desk-in-out-voz14--><br \/>\n<!--publicidad-voz15--><!--bestpublic-voz15--><!--desk-in-out-voz15--><br \/>\n<!--publicidad-voz16--><!--bestpublic-voz16--><!--desk-in-out-voz16--><\/p>\n","protected":false},"excerpt":{"rendered":"<p>El vicepresidente de la Diputaci\u00f3n de Albacete, Fran Valera, y el diputado y coordinador del \u00c1rea Social, Jos\u00e9 Gonz\u00e1lez, acompa\u00f1ados por la alcaldesa y diputada provincial de Igualdad, Pilar Callado,&#8230;<\/p>\n","protected":false},"author":2,"featured_media":149545,"comment_status":"closed","ping_status":"closed","sticky":false,"template":"","format":"standard","meta":{"footnotes":""},"categories":[753,718,715,716,717],"tags":[],"class_list":["post-149544","post","type-post","status-publish","format-standard","has-post-thumbnail","hentry","category-blog-lv034","category-blogger","category-la-voz-de-hellin","category-la-voz-de-hellin-la-voz-de-hellin","category-noticias"],"_links":{"self":[{"href":"https:\/\/lavozdehellin.com\/noticias\/wp-json\/wp\/v2\/posts\/149544","targetHints":{"allow":["GET"]}}],"collection":[{"href":"https:\/\/lavozdehellin.com\/noticias\/wp-json\/wp\/v2\/posts"}],"about":[{"href":"https:\/\/lavozdehellin.com\/noticias\/wp-json\/wp\/v2\/types\/post"}],"author":[{"embeddable":true,"href":"https:\/\/lavozdehellin.com\/noticias\/wp-json\/wp\/v2\/users\/2"}],"replies":[{"embeddable":true,"href":"https:\/\/lavozdehellin.com\/noticias\/wp-json\/wp\/v2\/comments?post=149544"}],"version-history":[{"count":0,"href":"https:\/\/lavozdehellin.com\/noticias\/wp-json\/wp\/v2\/posts\/149544\/revisions"}],"wp:featuredmedia":[{"embeddable":true,"href":"https:\/\/lavozdehellin.com\/noticias\/wp-json\/wp\/v2\/media\/149545"}],"wp:attachment":[{"href":"https:\/\/lavozdehellin.com\/noticias\/wp-json\/wp\/v2\/media?parent=149544"}],"wp:term":[{"taxonomy":"category","embeddable":true,"href":"https:\/\/lavozdehellin.com\/noticias\/wp-json\/wp\/v2\/categories?post=149544"},{"taxonomy":"post_tag","embeddable":true,"href":"https:\/\/lavozdehellin.com\/noticias\/wp-json\/wp\/v2\/tags?post=149544"}],"curies":[{"name":"wp","href":"https:\/\/api.w.org\/{rel}","templated":true}]}}