{"id":149547,"date":"2024-03-26T12:36:48","date_gmt":"2024-03-26T11:36:48","guid":{"rendered":"https:\/\/lavozdehellin.com\/noticias\/?p=149547"},"modified":"2024-04-08T10:02:26","modified_gmt":"2024-04-08T09:02:26","slug":"v08-456-la-diputacion-de-albacete-invierte-mas-de-1-602-500-euros-en-arreglar-la-ab-200-un-hito-para-la-conectividad-y-la-seguridad-vial-en-la-manchuela","status":"publish","type":"post","link":"https:\/\/lavozdehellin.com\/noticias\/v08-456-la-diputacion-de-albacete-invierte-mas-de-1-602-500-euros-en-arreglar-la-ab-200-un-hito-para-la-conectividad-y-la-seguridad-vial-en-la-manchuela\/","title":{"rendered":"LVH NOTICIAS | LA DIPUTACI\u00d3N DE ALBACETE INVIERTE M\u00c1S DE 1.602.500 EUROS EN ARREGLAR LA AB-200, UN HITO PARA LA CONECTIVIDAD Y LA SEGURIDAD VIAL EN LA MANCHUELA"},"content":{"rendered":"<p style=\"text-align: justify;\">El presidente de la Diputaci\u00f3n, Santi Caba\u00f1ero, y el vicepresidente, Fran Valera, han constatado este martes finalizaci\u00f3n de los trabajos de asfaltado dentro de las obras de rehabilitaci\u00f3n en la carretera provincial AB-200.<\/p>\n<p><!--more--><br \/>\n<!--publicidad-voz01--><a href=\"https:\/\/www.facebook.com\/SoloRadioHellin\/?locale=es_ES\"><img decoding=\"async\" class=\"alignnone size-medium\" src=\"https:\/\/blogger.googleusercontent.com\/img\/b\/R29vZ2xl\/AVvXsEiNncirNnyGedv00mhjZjh5Wl4_YPdJGanoAl8tL8zH-HwqE8uHqjEfSt340RHdx-9tuCSIkZ8rFamZiGyYlgDGxCsmXjCH_1xk5eYM3ntFZRvJP_jndOKR7w1UAo9Tu0vrZyOLfqRpHIxYI5SymJJ-pfGCQw6QVpggBH-UgfjiFQ2JOxqxG0Jx94kW83c\/s1600\/logo-principal.jpg\" width=\"100%\" height=\"100\" \/><\/a><!--bestpublic-voz01--><!--desk-in-out-voz01--><br \/>\n<!--publicidad-voz02--><a href=\"https:\/\/www.hellincf.com\/\"><img decoding=\"async\" class=\"alignnone size-medium\" src=\"https:\/\/blogger.googleusercontent.com\/img\/b\/R29vZ2xl\/AVvXsEhuZ4-XfBVj3UtdP8-RZugy3WVrg-Zv28c53m4oV47qYCxL1rX_dqWX_YddsGSnpH5SRDqZ7bZeKPIfDVCDncpjVlhy3aQs2vojcJBn7Gdv9hC2_Nzct_pRFrnFE1a7KTCdY1bT_kAgnY3-iadRZrGeJf1fR2P5fu11bokx0pWjaypoy-ctwCjklldpEbA\/s1600\/logo-principal7.jpg\" width=\"100%\" height=\"100\" \/><\/a><!--bestpublic-voz02--><!--desk-in-out-voz02--><\/p>\n<p style=\"text-align: justify;\">La v\u00eda conecta las localidades de Casas de Juan N\u00fa\u00f1ez y Valdeganga, siendo una arteria clave para la movilidad y el desarrollo econ\u00f3mico de La Manchuela. De hecho, y en base a las observaciones realizadas en la zona y a sus condicionantes socioecon\u00f3micos, el total de la Intensidad Media Diaria de tr\u00e1fico estimada es de 618 veh\u00edculos al d\u00eda, siendo unos 50 de tipo pesados (un 8,095 %).<\/p>\n<p style=\"text-align: justify;\">El arreglo de la AB-200 era una demanda hist\u00f3rica a la que ha dado respuesta el Gobierno Provincial, siendo tambi\u00e9n testigos de ello el alcalde de Casas de Juan N\u00fa\u00f1ez, Juan Carlos G\u00f3mez, junto a parte de su Equipo de Gobierno, as\u00ed como integrantes de la Corporaci\u00f3n Municipal de Valdeganga y personal t\u00e9cnico del Servicio de Carreteras de la Diputaci\u00f3n, que ha explicado las actuaciones.<\/p>\n<p style=\"text-align: justify;\">Ensanchamiento de v\u00eda y mejoras del firme, la se\u00f1alizaci\u00f3n y los sistemas de drenaje<\/p>\n<p style=\"text-align: justify;\">Esta obra, que ha requerido una inversi\u00f3n final de 1.602.500 euros, reitera el compromiso del Equipo de Caba\u00f1ero con la mejora continua de las infraestructuras viarias titularidad de la instituci\u00f3n. El ensanchamiento (hasta los 7 metros) y la mejora integral del firme de la carretera, en un tramo de 8,3 kil\u00f3metros (entre los puntos kilom\u00e9tricos 11+700 y 20+000), no s\u00f3lo aumentar\u00e1 la seguridad vial sino que tambi\u00e9n fomentar\u00e1 el desarrollo econ\u00f3mico y tur\u00edstico de la regi\u00f3n.<\/p>\n<p style=\"text-align: justify;\">El presidente Caba\u00f1ero ha destacado esta obra como \u00abuna respuesta m\u00e1s que merecida\u00bb que beneficia a toda la comarca de La Manchuela, enfatizando la visi\u00f3n de la Diputaci\u00f3n de dotar a la provincia de Albacete de carreteras dignas, atractivas para las oportunidades, vertebradoras del territorio y beneficiosas para todos esos sectores que resultan claves para la econom\u00eda.<\/p>\n<p style=\"text-align: justify;\">La inversi\u00f3n en la AB-200 tambi\u00e9n ha incluido mejoras significativas en la se\u00f1alizaci\u00f3n y en los sistemas de drenaje, especialmente relevantes tras los da\u00f1os sufridos por las lluvias torrenciales de septiembre de 2023. Actuaciones que no s\u00f3lo han reparado los da\u00f1os urgentes, sino que prevendr\u00e1n futuros al asegurar mayor resiliencia de la v\u00eda frente a condiciones clim\u00e1ticas adversas, al aumentar la altura del trazado en la parte m\u00e1s problem\u00e1tica (a la altura del punto kil\u00f3metro 15+500, en el cruce con el barranco conocido como de Vallejo Abril).<\/p>\n<p style=\"text-align: justify;\">El Gobierno de Caba\u00f1ero ha invertido m\u00e1s de 22 millones de euros en obra nueva y m\u00e1s 5.650.000 euros en conservaci\u00f3n de carreteras en los \u00faltimos a\u00f1os<\/p>\n<p style=\"text-align: justify;\">La Diputaci\u00f3n de Albacete, bajo la Presidencia de Caba\u00f1ero, sigue demostrando un compromiso firme con la mejora de la Red Viaria Provincial, invirtiendo cerca de 22 millones de euros en obra nueva en el pasado Mandato. Sin ir m\u00e1s lejos, en la comarca de La Manchuela durante los \u00faltimos dos a\u00f1os, se han arreglado m\u00e1s de 20 kil\u00f3metros de v\u00edas de titularidad provincial (en concreto, la AB-204, AB-2004 y AB-105) con una inversi\u00f3n de m\u00e1s de 1.100.000 euros cofinanciados, en esos casos, entre la propia Diputaci\u00f3n y el Gobierno de Espa\u00f1a.<\/p>\n<p style=\"text-align: justify;\">Cifras que han de sumarse al important\u00edsimo avance que el Equipo de Gobierno de Caba\u00f1ero est\u00e1 haciendo tambi\u00e9n en lo relativo a los trabajos de mantenimiento y conservaci\u00f3n, fundamentales igualmente para garantizar las mayores condiciones de seguridad vial posibles. As\u00ed, cabe destacar que eran unos 2.900.000 euros los que desde la Diputaci\u00f3n se invirtieron en ello entre 2011 y 2020 (ambos incluidos), frente a los 5.650.000 euros que se han destinado a esas cuestiones de 2021 a este 2024: un 94\u201983% m\u00e1s en apenas cuatro ejercicios que en toda la d\u00e9cada previa.<\/p>\n<p style=\"text-align: justify;\">Mejorar v\u00edas de comunicaci\u00f3n para potenciar la \u2018joya tur\u00edstica\u2019 que es La Manchuela<\/p>\n<p style=\"text-align: justify;\">Este proyecto de la AB-200 se une a un legado de actuaciones que han transformado el dinamismo y las oportunidades en distintas zonas de la provincia, con una mirada especial hacia la revitalizaci\u00f3n de La Manchuela, una \u2018joya tur\u00edstica\u2019 a potenciar en la provincia.<\/p>\n<p style=\"text-align: justify;\">En este sentido, desde el Gobierno provincial se prev\u00e9 continuar con esa importante inversi\u00f3n en sus carreteras. Tras incidir en las zonas de las dos Sierras en los \u00faltimos ejercicios, el objetivo ahora ser\u00eda apuntalar la transformaci\u00f3n, precisamente, de las v\u00edas de la comarca de La Manchuela (principalmente, en la zona de la ribera del J\u00facar, desde Alcal\u00e1 del J\u00facar a Jorquera pasando por La Recueja y conectando con los diferentes ramales), para lo que se espera seguir contando con el gran respaldo encontrado en los \u00faltimos a\u00f1os en el Gobierno de Espa\u00f1a.<\/p>\n<p style=\"text-align: justify;\">Santi Caba\u00f1ero se ha mostrado convencido de que esta esta obra en la AB-200 mejorar\u00e1 el d\u00eda a d\u00eda de mucha gente, y ha agradecido a los alcaldes la colaboraci\u00f3n prestada para que los trabajos hayan podido desarrollarse del mejor modo posible. Agradecimiento que ha hecho extensivo a la poblaci\u00f3n m\u00e1s afectada, por la paciencia y el apoyo mostrado durante este proceso de mejora que, ha subrayado, reafirma el compromiso de la Diputaci\u00f3n con un futuro donde la seguridad vial y el desarrollo rural tambi\u00e9n van de la mano.<\/p>\n<p><!--publicidad-voz03--><a href=\"https:\/\/www.facebook.com\/profile.php?id=100063593791305&amp;locale=es_ES\"><img decoding=\"async\" class=\"alignnone size-medium\" src=\"https:\/\/blogger.googleusercontent.com\/img\/b\/R29vZ2xl\/AVvXsEi8_n_ll8UOcGxCqzFvb_9Io4ICczlGC990BPtPj2w9Px-u7B3oqWUW5vtjZUqPNJ-nyjiUIorE0ATsib_l5tV8BVN-UJ03RTnU__IHJF_4DgDBtY4LIqXNG-FomrO-7ywes20CBCRM2Hcm7EJSh3UUw1dO-c_uTflUrtgY1i7uBRezj_DpympmEFkfbQY\/s1600\/logo-principal2.jpg\" width=\"100%\" height=\"100\" \/><\/a><!--bestpublic-voz03--><!--desk-in-out-voz03--><br \/>\n<!--publicidad-voz04--><a href=\"https:\/\/www.facebook.com\/profile.php?id=61557370768692&amp;locale=es_ES\"><img decoding=\"async\" class=\"alignnone size-medium\" src=\"https:\/\/blogger.googleusercontent.com\/img\/b\/R29vZ2xl\/AVvXsEgy5RdcfffrnrItnYTcV9bCJjgJwldsQLWssfVfrLbyfXeBNTFKgBf0rMIvhrUaGUhiXzVr9_eQgCbi-j63ZDpfTvLIty9w7s140y-m1yHe7eKmEK7v2NAHUJDVYGdfeiQFeRCqUjdwWmN1MX_AUxxz4IVdJ4WIM0APxit8bjWkXzrnEFGqBvW_1F13H1g\/s1600\/logo-principal5.jpg\" width=\"100%\" height=\"100\" \/><\/a><!--bestpublic-voz04--><!--desk-in-out-voz04--><br \/>\n<!--publicidad-voz05--><a href=\"https:\/\/www.facebook.com\/asociaciontamborileroshellin?locale=es_ES\"><img decoding=\"async\" class=\"alignnone size-medium\" src=\"https:\/\/blogger.googleusercontent.com\/img\/b\/R29vZ2xl\/AVvXsEhHEEpZsKK1VpwiYMrS7aE2ujtqIDZoLd4B5wtbiseSU9s2HdTdQfhF84So2XwEB1fv0BLw95GADm6hUl1bkKtzh-eIgVigXONuu_5RxeIMPhjk8q6uNX4EaEHbooKkbu7pCADWPpVJjhKIH5NQSJpWqedC-YBez4QAQeJYokkLot9bhrIaUAeztsGis6M\/s1600\/logo-principal3.jpg\" width=\"100%\" height=\"100\" \/><\/a><!--bestpublic-voz05--><!--desk-in-out-voz05--><br \/>\n<!--publicidad-voz06--><!--bestpublic-voz06--><!--desk-in-out-voz06--><br \/>\n<!--publicidad-voz07--><!--bestpublic-voz07--><!--desk-in-out-voz07--><br \/>\n<!--publicidad-voz08--><!--bestpublic-voz08--><!--desk-in-out-voz08--><br \/>\n<!--publicidad-voz09--><!--bestpublic-voz09--><!--desk-in-out-voz09--><br \/>\n<!--publicidad-voz10--><!--bestpublic-voz10--><!--desk-in-out-voz10--><br \/>\n<!--publicidad-voz11--><!--bestpublic-voz11--><!--desk-in-out-voz11--><br \/>\n<!--publicidad-voz12--><!--bestpublic-voz12--><!--desk-in-out-voz12--><br \/>\n<!--publicidad-voz13--><!--bestpublic-voz13--><!--desk-in-out-voz13--><br \/>\n<!--publicidad-voz14--><!--bestpublic-voz14--><!--desk-in-out-voz14--><br \/>\n<!--publicidad-voz15--><!--bestpublic-voz15--><!--desk-in-out-voz15--><br \/>\n<!--publicidad-voz16--><!--bestpublic-voz16--><!--desk-in-out-voz16--><\/p>\n","protected":false},"excerpt":{"rendered":"<p>El presidente de la Diputaci\u00f3n, Santi Caba\u00f1ero, y el vicepresidente, Fran Valera, han constatado este martes finalizaci\u00f3n de los trabajos de asfaltado dentro de las obras de rehabilitaci\u00f3n en la&#8230;<\/p>\n","protected":false},"author":2,"featured_media":149548,"comment_status":"closed","ping_status":"closed","sticky":false,"template":"","format":"standard","meta":{"footnotes":""},"categories":[753,718,715,716,717],"tags":[],"class_list":["post-149547","post","type-post","status-publish","format-standard","has-post-thumbnail","hentry","category-blog-lv034","category-blogger","category-la-voz-de-hellin","category-la-voz-de-hellin-la-voz-de-hellin","category-noticias"],"_links":{"self":[{"href":"https:\/\/lavozdehellin.com\/noticias\/wp-json\/wp\/v2\/posts\/149547","targetHints":{"allow":["GET"]}}],"collection":[{"href":"https:\/\/lavozdehellin.com\/noticias\/wp-json\/wp\/v2\/posts"}],"about":[{"href":"https:\/\/lavozdehellin.com\/noticias\/wp-json\/wp\/v2\/types\/post"}],"author":[{"embeddable":true,"href":"https:\/\/lavozdehellin.com\/noticias\/wp-json\/wp\/v2\/users\/2"}],"replies":[{"embeddable":true,"href":"https:\/\/lavozdehellin.com\/noticias\/wp-json\/wp\/v2\/comments?post=149547"}],"version-history":[{"count":0,"href":"https:\/\/lavozdehellin.com\/noticias\/wp-json\/wp\/v2\/posts\/149547\/revisions"}],"wp:featuredmedia":[{"embeddable":true,"href":"https:\/\/lavozdehellin.com\/noticias\/wp-json\/wp\/v2\/media\/149548"}],"wp:attachment":[{"href":"https:\/\/lavozdehellin.com\/noticias\/wp-json\/wp\/v2\/media?parent=149547"}],"wp:term":[{"taxonomy":"category","embeddable":true,"href":"https:\/\/lavozdehellin.com\/noticias\/wp-json\/wp\/v2\/categories?post=149547"},{"taxonomy":"post_tag","embeddable":true,"href":"https:\/\/lavozdehellin.com\/noticias\/wp-json\/wp\/v2\/tags?post=149547"}],"curies":[{"name":"wp","href":"https:\/\/api.w.org\/{rel}","templated":true}]}}