{"id":149550,"date":"2024-03-27T11:53:15","date_gmt":"2024-03-27T10:53:15","guid":{"rendered":"https:\/\/lavozdehellin.com\/noticias\/?p=149550"},"modified":"2024-04-08T10:02:26","modified_gmt":"2024-04-08T09:02:26","slug":"v08-457-la-ifab-diputacion-y-ayuntamiento-de-albacete-y-jccm-suscriben-el-protocolo-para-la-celebracion-del-xl-expovicaman-y-de-la-ii-fiqab-el-proximo-mayo-en-el-recinto-ferial","status":"publish","type":"post","link":"https:\/\/lavozdehellin.com\/noticias\/v08-457-la-ifab-diputacion-y-ayuntamiento-de-albacete-y-jccm-suscriben-el-protocolo-para-la-celebracion-del-xl-expovicaman-y-de-la-ii-fiqab-el-proximo-mayo-en-el-recinto-ferial\/","title":{"rendered":"LVH NOTICIAS | LA IFAB (DIPUTACI\u00d3N Y AYUNTAMIENTO DE ALBACETE) Y JCCM SUSCRIBEN EL PROTOCOLO PARA LA CELEBRACI\u00d3N DEL XL EXPOVICAMAN Y DE LA II FIQAB EL PR\u00d3XIMO MAYO EN EL RECINTO FERIAL"},"content":{"rendered":"<p style=\"text-align: justify;\">En un paso encaminado a la promoci\u00f3n conjunta del sector agr\u00edcola y ganadero provincial y regional, se ha llevado a cabo la firma de un protocolo de colaboraci\u00f3n entre la Consejer\u00eda de Agricultura, Ganader\u00eda y Desarrollo Rural de la JCCM (representada por su titular, Juli\u00e1n Mart\u00ednez Liz\u00e1n) y la Instituci\u00f3n Ferial de Albacete (IFAB), Consorcio formado por la Diputaci\u00f3n de Albacete y el Ayuntamiento de Albacete (representados por sus m\u00e1ximos responsables: Santi Caba\u00f1ero y Manuel Serrano, respectivamente).<\/p>\n<p><!--more--><br \/>\n<!--publicidad-voz01--><a href=\"https:\/\/www.facebook.com\/SoloRadioHellin\/?locale=es_ES\"><img decoding=\"async\" class=\"alignnone size-medium\" src=\"https:\/\/blogger.googleusercontent.com\/img\/b\/R29vZ2xl\/AVvXsEiNncirNnyGedv00mhjZjh5Wl4_YPdJGanoAl8tL8zH-HwqE8uHqjEfSt340RHdx-9tuCSIkZ8rFamZiGyYlgDGxCsmXjCH_1xk5eYM3ntFZRvJP_jndOKR7w1UAo9Tu0vrZyOLfqRpHIxYI5SymJJ-pfGCQw6QVpggBH-UgfjiFQ2JOxqxG0Jx94kW83c\/s1600\/logo-principal.jpg\" width=\"100%\" height=\"100\" \/><\/a><!--bestpublic-voz01--><!--desk-in-out-voz01--><br \/>\n<!--publicidad-voz02--><a href=\"https:\/\/www.hellincf.com\/\"><img decoding=\"async\" class=\"alignnone size-medium\" src=\"https:\/\/blogger.googleusercontent.com\/img\/b\/R29vZ2xl\/AVvXsEhuZ4-XfBVj3UtdP8-RZugy3WVrg-Zv28c53m4oV47qYCxL1rX_dqWX_YddsGSnpH5SRDqZ7bZeKPIfDVCDncpjVlhy3aQs2vojcJBn7Gdv9hC2_Nzct_pRFrnFE1a7KTCdY1bT_kAgnY3-iadRZrGeJf1fR2P5fu11bokx0pWjaypoy-ctwCjklldpEbA\/s1600\/logo-principal7.jpg\" width=\"100%\" height=\"100\" \/><\/a><!--bestpublic-voz02--><!--desk-in-out-voz02--><\/p>\n<p style=\"text-align: justify;\">Un acuerdo que refrenda la organizaci\u00f3n de la 40\u00aa edici\u00f3n de EXPOVICAMAN y la II Feria Internacional del Queso de Albacete (FIQAB), eventos que tendr\u00e1n lugar de forma paralela del 9 al 12 de mayo en el emblem\u00e1tico Recinto Ferial de Albacete.<\/p>\n<p style=\"text-align: justify;\">El protocolo destaca la sinergia entre las entidades involucradas para promocionar el sector agroalimentario de la provincia de Albacete y del conjunto de Castilla-La Mancha. Eventos que no s\u00f3lo buscar\u00e1n superar expectativas en t\u00e9rminos de visitantes y negocio, sino tambi\u00e9n resaltar la importancia socioecon\u00f3mica, cultural y medioambiental del sector primario en el territorio.<\/p>\n<p style=\"text-align: justify;\">Como ha se\u00f1alado Caba\u00f1ero, que ha asistido acompa\u00f1ado del diputado coordinador del \u00c1rea Social, Jos\u00e9 Gonz\u00e1lez, m\u00e1s que la mera firma de un protocolo este acto es el reflejo de un \u201ccompromiso conjunto\u201d no s\u00f3lo con el sector primario, sino con las tradiciones y el futuro provincial que \u00e9ste representa, subrayando que la celebraci\u00f3n de Expovicaman en su 40\u00ba aniversario junto a la segunda cita de la FIQAB en el Recinto Ferial de Albacete no es casualidad, sino \u201cuna vuelta al origen\u201d de ese marco y un homenaje a su historia.<\/p>\n<p style=\"text-align: justify;\">El presidente se ha referido a c\u00f3mo Expovicaman se ha consolidado como \u201cun referente nacional\u201d en el sector agr\u00edcola y ganadero, simbolizando su fuerza desde la tradici\u00f3n y la innovaci\u00f3n en la provincia; y a c\u00f3mo en apenas su primera edici\u00f3n, la FIQAB demostraba en 2022 ser un evento clave en torno a uno de esos productos de excelencia que trascienden las fronteras provinciales y auton\u00f3micas, como es el queso manchego.<\/p>\n<p style=\"text-align: justify;\">Firme apoyo de la Diputaci\u00f3n al sector primario mediante diversas v\u00edas de colaboraci\u00f3n<\/p>\n<p style=\"text-align: justify;\">Santi Caba\u00f1ero ha afirmado que la apuesta del Gobierno de la Diputaci\u00f3n de Albacete es firme por el sector primario, de los m\u00e1s importantes (si no el que m\u00e1s) de la provincia y de cuya evoluci\u00f3n y comportamiento (ha subrayado) se derivan efectos que trascienden la econom\u00eda y se vinculan con la vertebraci\u00f3n social, demogr\u00e1fica, cultural y medioambiental.<\/p>\n<p style=\"text-align: justify;\">Un apoyo, ha referido que no s\u00f3lo se hace evidente a trav\u00e9s de ferias sectoriales (como Expovicaman y la FIQAB), tambi\u00e9n tendiendo la mano de forma directa a otros muchos productos emblem\u00e1ticos ligados a territorio albacete\u00f1o, como pueden ser el vino, el aceite de oliva, la miel, el ajo, la nuez y la cebolla, entre otros. Adem\u00e1s, la Diputaci\u00f3n lleva d\u00e9cadas colaborando activamente con la Lonja Agropecuaria y encabeza \u201cun trabajo de excelencia en transferencia de investigaci\u00f3n en cultivos y asesoramiento de riegos\u201d a trav\u00e9s del ITAP; un Instituto T\u00e9cnico Agron\u00f3mico Provincia cuyo fin \u00faltimo, ha recordado, es \u201capoyar a los y las profesionales del campo\u201d y mejorar sus rentas.<\/p>\n<p style=\"text-align: justify;\">En este sentido, ha insisto en remarcar el trabajo del ITAP que, ha afirmado, \u201cha evolucionado de forma paralela al propio sector en los \u00faltimos 40 a\u00f1os y que hoy en d\u00eda podemos decir que es puntero\u201d, dando como fruto a uno de los Institutos Agron\u00f3micos m\u00e1s avanzados de toda Espa\u00f1a y un aut\u00e9ntico referente en el sector.<\/p>\n<p style=\"text-align: justify;\">Como tal, ha asegurado que es de justicia que, desde ese espacio que normalmente la Diputaci\u00f3n de Albacete ocupa en la Feria de la capital provincial cada septiembre, tanto el ITAP como el Servicio de recogida y albergue de perros abandonados, \u2018Emperrados\u2019, vayan a tener presencia destacada tambi\u00e9n en esa pr\u00f3xima edici\u00f3n n\u00famero cuarenta de Expovicaman y segunda FIQAB.<\/p>\n<p style=\"text-align: justify;\">Diputaci\u00f3n aporta 250.000 euros este 2024 al Consorcio del IFAB para las distintas ferias<\/p>\n<p style=\"text-align: justify;\">La Diputaci\u00f3n aporta 250.000 euros al Consorcio de la Instituci\u00f3n Ferial de Albacete para la organizaci\u00f3n de ferias sectoriales en 2024, reafirmando su compromiso con la dinamizaci\u00f3n y proyecci\u00f3n de Albacete y, en el caso concreto de estas dos ferias, como un punto de referencia agroalimentario a nivel nacional e internacional.<\/p>\n<p style=\"text-align: justify;\">Expovicaman aspira a celebrar \u2018sus cuarenta\u2019 ampliando su horizonte y motivando la afluencia de p\u00fablico con iniciativas como el Sal\u00f3n del Caballo y otras actividades que sigan promoviendo la diversidad y riqueza de la actividad primaria. La FIQAB, en su segunda edici\u00f3n, aspira a \u2018aprovechar el tir\u00f3n\u2019 del m\u00edtico Expovicaman para consolidarse como un espacio de encuentro, formaci\u00f3n y negocio para productores, empresas y aficionados al mundo del queso, con el objetivo de superar de largo las 21.000 personas visitantes alcanzadas en aquella primera edici\u00f3n que super\u00f3 todas las expectativas.<\/p>\n<p><!--publicidad-voz03--><a href=\"https:\/\/www.facebook.com\/profile.php?id=100063593791305&amp;locale=es_ES\"><img decoding=\"async\" class=\"alignnone size-medium\" src=\"https:\/\/blogger.googleusercontent.com\/img\/b\/R29vZ2xl\/AVvXsEi8_n_ll8UOcGxCqzFvb_9Io4ICczlGC990BPtPj2w9Px-u7B3oqWUW5vtjZUqPNJ-nyjiUIorE0ATsib_l5tV8BVN-UJ03RTnU__IHJF_4DgDBtY4LIqXNG-FomrO-7ywes20CBCRM2Hcm7EJSh3UUw1dO-c_uTflUrtgY1i7uBRezj_DpympmEFkfbQY\/s1600\/logo-principal2.jpg\" width=\"100%\" height=\"100\" \/><\/a><!--bestpublic-voz03--><!--desk-in-out-voz03--><br \/>\n<!--publicidad-voz04--><a href=\"https:\/\/www.facebook.com\/profile.php?id=61557370768692&amp;locale=es_ES\"><img decoding=\"async\" class=\"alignnone size-medium\" src=\"https:\/\/blogger.googleusercontent.com\/img\/b\/R29vZ2xl\/AVvXsEgy5RdcfffrnrItnYTcV9bCJjgJwldsQLWssfVfrLbyfXeBNTFKgBf0rMIvhrUaGUhiXzVr9_eQgCbi-j63ZDpfTvLIty9w7s140y-m1yHe7eKmEK7v2NAHUJDVYGdfeiQFeRCqUjdwWmN1MX_AUxxz4IVdJ4WIM0APxit8bjWkXzrnEFGqBvW_1F13H1g\/s1600\/logo-principal5.jpg\" width=\"100%\" height=\"100\" \/><\/a><!--bestpublic-voz04--><!--desk-in-out-voz04--><br \/>\n<!--publicidad-voz05--><a href=\"https:\/\/www.facebook.com\/asociaciontamborileroshellin?locale=es_ES\"><img decoding=\"async\" class=\"alignnone size-medium\" src=\"https:\/\/blogger.googleusercontent.com\/img\/b\/R29vZ2xl\/AVvXsEhHEEpZsKK1VpwiYMrS7aE2ujtqIDZoLd4B5wtbiseSU9s2HdTdQfhF84So2XwEB1fv0BLw95GADm6hUl1bkKtzh-eIgVigXONuu_5RxeIMPhjk8q6uNX4EaEHbooKkbu7pCADWPpVJjhKIH5NQSJpWqedC-YBez4QAQeJYokkLot9bhrIaUAeztsGis6M\/s1600\/logo-principal3.jpg\" width=\"100%\" height=\"100\" \/><\/a><!--bestpublic-voz05--><!--desk-in-out-voz05--><br \/>\n<!--publicidad-voz06--><!--bestpublic-voz06--><!--desk-in-out-voz06--><br \/>\n<!--publicidad-voz07--><!--bestpublic-voz07--><!--desk-in-out-voz07--><br \/>\n<!--publicidad-voz08--><!--bestpublic-voz08--><!--desk-in-out-voz08--><br \/>\n<!--publicidad-voz09--><!--bestpublic-voz09--><!--desk-in-out-voz09--><br \/>\n<!--publicidad-voz10--><!--bestpublic-voz10--><!--desk-in-out-voz10--><br \/>\n<!--publicidad-voz11--><!--bestpublic-voz11--><!--desk-in-out-voz11--><br \/>\n<!--publicidad-voz12--><!--bestpublic-voz12--><!--desk-in-out-voz12--><br \/>\n<!--publicidad-voz13--><!--bestpublic-voz13--><!--desk-in-out-voz13--><br \/>\n<!--publicidad-voz14--><!--bestpublic-voz14--><!--desk-in-out-voz14--><br \/>\n<!--publicidad-voz15--><!--bestpublic-voz15--><!--desk-in-out-voz15--><br \/>\n<!--publicidad-voz16--><!--bestpublic-voz16--><!--desk-in-out-voz16--><\/p>\n","protected":false},"excerpt":{"rendered":"<p>En un paso encaminado a la promoci\u00f3n conjunta del sector agr\u00edcola y ganadero provincial y regional, se ha llevado a cabo la firma de un protocolo de colaboraci\u00f3n entre la&#8230;<\/p>\n","protected":false},"author":2,"featured_media":149551,"comment_status":"closed","ping_status":"closed","sticky":false,"template":"","format":"standard","meta":{"footnotes":""},"categories":[753,718,715,716,717],"tags":[],"class_list":["post-149550","post","type-post","status-publish","format-standard","has-post-thumbnail","hentry","category-blog-lv034","category-blogger","category-la-voz-de-hellin","category-la-voz-de-hellin-la-voz-de-hellin","category-noticias"],"_links":{"self":[{"href":"https:\/\/lavozdehellin.com\/noticias\/wp-json\/wp\/v2\/posts\/149550","targetHints":{"allow":["GET"]}}],"collection":[{"href":"https:\/\/lavozdehellin.com\/noticias\/wp-json\/wp\/v2\/posts"}],"about":[{"href":"https:\/\/lavozdehellin.com\/noticias\/wp-json\/wp\/v2\/types\/post"}],"author":[{"embeddable":true,"href":"https:\/\/lavozdehellin.com\/noticias\/wp-json\/wp\/v2\/users\/2"}],"replies":[{"embeddable":true,"href":"https:\/\/lavozdehellin.com\/noticias\/wp-json\/wp\/v2\/comments?post=149550"}],"version-history":[{"count":0,"href":"https:\/\/lavozdehellin.com\/noticias\/wp-json\/wp\/v2\/posts\/149550\/revisions"}],"wp:featuredmedia":[{"embeddable":true,"href":"https:\/\/lavozdehellin.com\/noticias\/wp-json\/wp\/v2\/media\/149551"}],"wp:attachment":[{"href":"https:\/\/lavozdehellin.com\/noticias\/wp-json\/wp\/v2\/media?parent=149550"}],"wp:term":[{"taxonomy":"category","embeddable":true,"href":"https:\/\/lavozdehellin.com\/noticias\/wp-json\/wp\/v2\/categories?post=149550"},{"taxonomy":"post_tag","embeddable":true,"href":"https:\/\/lavozdehellin.com\/noticias\/wp-json\/wp\/v2\/tags?post=149550"}],"curies":[{"name":"wp","href":"https:\/\/api.w.org\/{rel}","templated":true}]}}