{"id":149553,"date":"2024-04-02T13:02:23","date_gmt":"2024-04-02T12:02:23","guid":{"rendered":"https:\/\/lavozdehellin.com\/noticias\/?p=149553"},"modified":"2024-04-08T10:02:26","modified_gmt":"2024-04-08T09:02:26","slug":"v08-458-albanime-vive-su-24a-edicion-del-6-al-7-de-abril-con-mas-de-200-actividades-y-aspirando-a-seguir-batiendo-records-de-visitantes","status":"publish","type":"post","link":"https:\/\/lavozdehellin.com\/noticias\/v08-458-albanime-vive-su-24a-edicion-del-6-al-7-de-abril-con-mas-de-200-actividades-y-aspirando-a-seguir-batiendo-records-de-visitantes\/","title":{"rendered":"LVH NOTICIAS | ALBANIME VIVE SU 24\u00aa EDICI\u00d3N, DEL 6 AL 7 DE ABRIL, CON M\u00c1S DE 200 ACTIVIDADES Y ASPIRANDO A SEGUIR BATIENDO R\u00c9CORDS DE VISITANTES"},"content":{"rendered":"<p style=\"text-align: justify;\">La diputada provincial de Turismo ha participado este martes en la presentaci\u00f3n de Albanime: el Sal\u00f3n Manga, Anime y de Ocio Alternativo de Albacete que, del 6 al 7 de abril, celebrar\u00e1 su 24\u00aa edici\u00f3n en el recinto de la IFAB.<\/p>\n<p><!--more--><br \/>\n<!--publicidad-voz01--><a href=\"https:\/\/www.facebook.com\/SoloRadioHellin\/?locale=es_ES\"><img decoding=\"async\" class=\"alignnone size-medium\" src=\"https:\/\/blogger.googleusercontent.com\/img\/b\/R29vZ2xl\/AVvXsEiNncirNnyGedv00mhjZjh5Wl4_YPdJGanoAl8tL8zH-HwqE8uHqjEfSt340RHdx-9tuCSIkZ8rFamZiGyYlgDGxCsmXjCH_1xk5eYM3ntFZRvJP_jndOKR7w1UAo9Tu0vrZyOLfqRpHIxYI5SymJJ-pfGCQw6QVpggBH-UgfjiFQ2JOxqxG0Jx94kW83c\/s1600\/logo-principal.jpg\" width=\"100%\" height=\"100\" \/><\/a><!--bestpublic-voz01--><!--desk-in-out-voz01--><br \/>\n<!--publicidad-voz02--><a href=\"https:\/\/www.hellincf.com\/\"><img decoding=\"async\" class=\"alignnone size-medium\" src=\"https:\/\/blogger.googleusercontent.com\/img\/b\/R29vZ2xl\/AVvXsEhuZ4-XfBVj3UtdP8-RZugy3WVrg-Zv28c53m4oV47qYCxL1rX_dqWX_YddsGSnpH5SRDqZ7bZeKPIfDVCDncpjVlhy3aQs2vojcJBn7Gdv9hC2_Nzct_pRFrnFE1a7KTCdY1bT_kAgnY3-iadRZrGeJf1fR2P5fu11bokx0pWjaypoy-ctwCjklldpEbA\/s1600\/logo-principal7.jpg\" width=\"100%\" height=\"100\" \/><\/a><!--bestpublic-voz02--><!--desk-in-out-voz02--><\/p>\n<p style=\"text-align: justify;\">Raquel Ruiz ha puesto de relieve el apoyo de la Diputaci\u00f3n Provincial a este gran evento que busca seguir batiendo los registros de visitantes, tras las m\u00e1s de 10.000 personas que disfrutaron del evento el a\u00f1o pasado y que hacen de ella, ha subrayado, \u201cla feria m\u00e1s consolidada\u201d de las que ofrece la Instituci\u00f3n ferial durante su calendario del a\u00f1o.<\/p>\n<p style=\"text-align: justify;\">Junto a la concejala Gala de la Calzada, y al presidente de la Asociaci\u00f3n Nexus Outsiders, Javier Avil\u00e9s, as\u00ed como a las inseparables \u2018mascotas vivientes\u2019 de la feria, la responsable provincial ha afirmado que Albanime es \u201cuna cita imprescindible\u201d para cada vez m\u00e1s personas. As\u00ed Ruiz ha comentado que, \u201caunque a priori parece algo muy ajeno, cuando te pones a pensar, realmente te das cuenta de que este tipo de ocio, el manga y este tipo de cultura, nos ha acompa\u00f1ado a todos desde peque\u00f1os, pero no hemos sido muy conscientes; y ahora vemos que sigue acompa\u00f1ando a nuestros hijos, a nuestros j\u00f3venes, a quienes vienen por detr\u00e1s\u201d.<\/p>\n<p style=\"text-align: justify;\">Adem\u00e1s, la diputada ha destacado que esta cita es una oportunidad para el territorio provincial, al convertir a Albacete en \u201cun gran escaparate\u201d de este tipo de afici\u00f3n, con m\u00e1s de 200 actividades distribuidas en cerca de 10 zonas tem\u00e1ticas diferentes, en las que podr\u00e1n disfrutar de hasta 50 talleres con unas 900 plazas.<\/p>\n<p style=\"text-align: justify;\">Como ha se\u00f1alado el responsable de Nexus Outsiders, estas citas incluyen como novedad gui\u00f1os a la cultura japonesa; una zona gamer con m\u00e1s de 40 puestos de juegos, tanto retro como de \u00faltima generaci\u00f3n, un \u00e1rea exclusiva de PlayStation 5 y la oportunidad de probar la realidad virtual con PlayStation VR2; o m\u00e1s de 400 metros cuadrados dedicados a juegos de mesa.<\/p>\n<p style=\"text-align: justify;\">Propuestas que contar\u00e1n tambi\u00e9n con la participaci\u00f3n de reconocidos actores de doblaje, cosplayers de renombre, dibujantes, artistas, creadores de contenido y divulgadores de cultura japonesa.<\/p>\n<p style=\"text-align: justify;\">M\u00e1s de 80 personas implicadas en la organizaci\u00f3n de Albanime<\/p>\n<p style=\"text-align: justify;\">En total, ha explicado Javier Avil\u00e9s, \u201cm\u00e1s de 80 personas dentro de la organizaci\u00f3n\u201d que, durante estos 24 a\u00f1os, vienen trabajando en este proyecto en torno a \u2018un mundo\u2019 que, como ha comentado, antes le era \u201ctotalmente desconocido\u2019 a mucha gente en la provincia. \u201cHemos pasado a tener un peque\u00f1o certamen a una feria importante, con cada vez m\u00e1s aficionados\u2026 El mundo ha evolucionado y, evidentemente, los gustos tambi\u00e9n, y algo que antes era s\u00faper raro, ahora lo vemos tan habitual y es de agradecer, sobre todo para los que llevamos mucho tiempo en esto\u2026\u201d, ha explicado.<\/p>\n<p style=\"text-align: justify;\">Un trabajo que la diputada ha aprovechado para reconocerles p\u00fablicamente, haciendo extensivo ese agradecimiento al conjunto de profesionales que componen la Instituci\u00f3n Ferial de Albacete y que hacen posible el mayor lucimiento de \u00e9sta y del resto de eventos que componen el calendario de la IFAB, aprovechando para poner en valor \u201cel potencial\u201d del conjunto de la programaci\u00f3n de la instituci\u00f3ny las oportunidades y sinergias socioecon\u00f3micas que genera en la provincia de Albacete en sectores muy diversos.<\/p>\n<p style=\"text-align: justify;\">Ruiz ha destacado \u201cla alianza\u201d que est\u00e1 en la base del \u00e9xito de esa programaci\u00f3n en general y que se ejemplifica muy bien en este Sal\u00f3n, en alusi\u00f3n a la unidad de acci\u00f3n entre las administraciones (en este caso, Diputaci\u00f3n y Ayuntamiento) y el tejido asociativo.<\/p>\n<p style=\"text-align: justify;\">Tambi\u00e9n la diputada ha tenido palabras especiales hacia Llanos Ruiz, autora del cartel de este a\u00f1o (y ganadora del Certamen de Ilustraci\u00f3n de la pasada edici\u00f3n de Albanime); y hacia esas entra\u00f1ables \u2018mascotas\u2019 que, a\u00f1o tras a\u00f1o, son las \u2018caras visibles\u2019 del evento y lo hacen especial: \u201cOtra de las cosas que distinguen a esta feria con respecto al resto de las del calendario es que, en Albanime \u2018los carteles se hacen de carne y hueso\u2019 gracias a Soyo y Sonen (o, lo que es lo mismo, Luismi y Mireia en la vida real)\u201d, ha se\u00f1alado, poniendo en valor su implicaci\u00f3n en la cita.<\/p>\n<p style=\"text-align: justify;\">Finalmente, Ruiz ha animado a todo el mundo que pueda a pasar por Albanime este pr\u00f3ximo fin de semana: \u201cTanto a los aficionados y aficionadas como a quienes desconocen totalmente este mundo (o creen que lo desconocen), de verdad, les animo a visitarlo porque, cuando entren y pongan all\u00ed un pie, se van a dar cuenta de que no es ajeno a nadie, todo les va a sonar, todo les va a parecer cotidiano (me atrever\u00eda a decir)\u2026 Animo a disfrutar de todo ese gran alboroto de alegr\u00eda, de color y de diversi\u00f3n y deseo grandes \u00e9xitos a la organizaci\u00f3n\u201d, ha se\u00f1alado.<\/p>\n<p style=\"text-align: justify;\">Como ha se\u00f1alado Javier Avil\u00e9s, el horario ser\u00e1 de 10 a 21 horas el primer d\u00eda, y de 10 a 20 horas el segundo y, las entradas (que se pueden adquirir en la p\u00e1gina web oficial de Albanime) cuestan 8 euros para el s\u00e1bado, 7 euros para el domingo, y 11 euros si es para los dos d\u00edas (incluyendo, en este caso, un obsequio). Adem\u00e1s, es gratuita para ni\u00f1os y ni\u00f1as de hasta 4 a\u00f1os.<\/p>\n<p><!--publicidad-voz03--><a href=\"https:\/\/www.facebook.com\/profile.php?id=100063593791305&amp;locale=es_ES\"><img decoding=\"async\" class=\"alignnone size-medium\" src=\"https:\/\/blogger.googleusercontent.com\/img\/b\/R29vZ2xl\/AVvXsEi8_n_ll8UOcGxCqzFvb_9Io4ICczlGC990BPtPj2w9Px-u7B3oqWUW5vtjZUqPNJ-nyjiUIorE0ATsib_l5tV8BVN-UJ03RTnU__IHJF_4DgDBtY4LIqXNG-FomrO-7ywes20CBCRM2Hcm7EJSh3UUw1dO-c_uTflUrtgY1i7uBRezj_DpympmEFkfbQY\/s1600\/logo-principal2.jpg\" width=\"100%\" height=\"100\" \/><\/a><!--bestpublic-voz03--><!--desk-in-out-voz03--><br \/>\n<!--publicidad-voz04--><a href=\"https:\/\/www.facebook.com\/profile.php?id=61557370768692&amp;locale=es_ES\"><img decoding=\"async\" class=\"alignnone size-medium\" src=\"https:\/\/blogger.googleusercontent.com\/img\/b\/R29vZ2xl\/AVvXsEgy5RdcfffrnrItnYTcV9bCJjgJwldsQLWssfVfrLbyfXeBNTFKgBf0rMIvhrUaGUhiXzVr9_eQgCbi-j63ZDpfTvLIty9w7s140y-m1yHe7eKmEK7v2NAHUJDVYGdfeiQFeRCqUjdwWmN1MX_AUxxz4IVdJ4WIM0APxit8bjWkXzrnEFGqBvW_1F13H1g\/s1600\/logo-principal5.jpg\" width=\"100%\" height=\"100\" \/><\/a><!--bestpublic-voz04--><!--desk-in-out-voz04--><br \/>\n<!--publicidad-voz05--><a href=\"https:\/\/www.facebook.com\/asociaciontamborileroshellin?locale=es_ES\"><img decoding=\"async\" class=\"alignnone size-medium\" src=\"https:\/\/blogger.googleusercontent.com\/img\/b\/R29vZ2xl\/AVvXsEhHEEpZsKK1VpwiYMrS7aE2ujtqIDZoLd4B5wtbiseSU9s2HdTdQfhF84So2XwEB1fv0BLw95GADm6hUl1bkKtzh-eIgVigXONuu_5RxeIMPhjk8q6uNX4EaEHbooKkbu7pCADWPpVJjhKIH5NQSJpWqedC-YBez4QAQeJYokkLot9bhrIaUAeztsGis6M\/s1600\/logo-principal3.jpg\" width=\"100%\" height=\"100\" \/><\/a><!--bestpublic-voz05--><!--desk-in-out-voz05--><br \/>\n<!--publicidad-voz06--><!--bestpublic-voz06--><!--desk-in-out-voz06--><br \/>\n<!--publicidad-voz07--><!--bestpublic-voz07--><!--desk-in-out-voz07--><br \/>\n<!--publicidad-voz08--><!--bestpublic-voz08--><!--desk-in-out-voz08--><br \/>\n<!--publicidad-voz09--><!--bestpublic-voz09--><!--desk-in-out-voz09--><br \/>\n<!--publicidad-voz10--><!--bestpublic-voz10--><!--desk-in-out-voz10--><br \/>\n<!--publicidad-voz11--><!--bestpublic-voz11--><!--desk-in-out-voz11--><br \/>\n<!--publicidad-voz12--><!--bestpublic-voz12--><!--desk-in-out-voz12--><br \/>\n<!--publicidad-voz13--><!--bestpublic-voz13--><!--desk-in-out-voz13--><br \/>\n<!--publicidad-voz14--><!--bestpublic-voz14--><!--desk-in-out-voz14--><br \/>\n<!--publicidad-voz15--><!--bestpublic-voz15--><!--desk-in-out-voz15--><br \/>\n<!--publicidad-voz16--><!--bestpublic-voz16--><!--desk-in-out-voz16--><\/p>\n","protected":false},"excerpt":{"rendered":"<p>La diputada provincial de Turismo ha participado este martes en la presentaci\u00f3n de Albanime: el Sal\u00f3n Manga, Anime y de Ocio Alternativo de Albacete que, del 6 al 7 de&#8230;<\/p>\n","protected":false},"author":2,"featured_media":149554,"comment_status":"closed","ping_status":"closed","sticky":false,"template":"","format":"standard","meta":{"footnotes":""},"categories":[753,718,715,716,717],"tags":[],"class_list":["post-149553","post","type-post","status-publish","format-standard","has-post-thumbnail","hentry","category-blog-lv034","category-blogger","category-la-voz-de-hellin","category-la-voz-de-hellin-la-voz-de-hellin","category-noticias"],"_links":{"self":[{"href":"https:\/\/lavozdehellin.com\/noticias\/wp-json\/wp\/v2\/posts\/149553","targetHints":{"allow":["GET"]}}],"collection":[{"href":"https:\/\/lavozdehellin.com\/noticias\/wp-json\/wp\/v2\/posts"}],"about":[{"href":"https:\/\/lavozdehellin.com\/noticias\/wp-json\/wp\/v2\/types\/post"}],"author":[{"embeddable":true,"href":"https:\/\/lavozdehellin.com\/noticias\/wp-json\/wp\/v2\/users\/2"}],"replies":[{"embeddable":true,"href":"https:\/\/lavozdehellin.com\/noticias\/wp-json\/wp\/v2\/comments?post=149553"}],"version-history":[{"count":0,"href":"https:\/\/lavozdehellin.com\/noticias\/wp-json\/wp\/v2\/posts\/149553\/revisions"}],"wp:featuredmedia":[{"embeddable":true,"href":"https:\/\/lavozdehellin.com\/noticias\/wp-json\/wp\/v2\/media\/149554"}],"wp:attachment":[{"href":"https:\/\/lavozdehellin.com\/noticias\/wp-json\/wp\/v2\/media?parent=149553"}],"wp:term":[{"taxonomy":"category","embeddable":true,"href":"https:\/\/lavozdehellin.com\/noticias\/wp-json\/wp\/v2\/categories?post=149553"},{"taxonomy":"post_tag","embeddable":true,"href":"https:\/\/lavozdehellin.com\/noticias\/wp-json\/wp\/v2\/tags?post=149553"}],"curies":[{"name":"wp","href":"https:\/\/api.w.org\/{rel}","templated":true}]}}