{"id":149556,"date":"2024-04-02T13:11:20","date_gmt":"2024-04-02T12:11:20","guid":{"rendered":"https:\/\/lavozdehellin.com\/noticias\/?p=149556"},"modified":"2024-04-08T10:02:26","modified_gmt":"2024-04-08T09:02:26","slug":"v08-459-la-diputacion-de-albacete-reitera-su-compromiso-con-la-asociacion-desarrollo-durante-la-presentacion-de-sus-actividades-en-el-marco-del-dia-mundial-de-concienciacion-del-autismo","status":"publish","type":"post","link":"https:\/\/lavozdehellin.com\/noticias\/v08-459-la-diputacion-de-albacete-reitera-su-compromiso-con-la-asociacion-desarrollo-durante-la-presentacion-de-sus-actividades-en-el-marco-del-dia-mundial-de-concienciacion-del-autismo\/","title":{"rendered":"LVH NOTICIAS | LA DIPUTACI\u00d3N DE ALBACETE REITERA SU COMPROMISO CON LA ASOCIACI\u00d3N DESARROLLO DURANTE LA PRESENTACI\u00d3N DE SUS ACTIVIDADES EN EL MARCO DEL D\u00cdA MUNDIAL DE CONCIENCIACI\u00d3N DEL AUTISMO"},"content":{"rendered":"<p style=\"text-align: justify;\">La Diputaci\u00f3n de Albacete ha acogido, un a\u00f1o m\u00e1s, la presentaci\u00f3n de las actividades programadas por la Asociaci\u00f3n Desarrollo en el marco de D\u00eda Mundial de Concienciaci\u00f3n del Autismo, que se conmemora cada 2 de abril, y que este 2024 tiene como lema \u2018M\u00e1s cerca de lo que crees\u2019, recordando que el 1% de la poblaci\u00f3n est\u00e1 dentro del espectro autista en diferente grado.<\/p>\n<p><!--more--><br \/>\n<!--publicidad-voz01--><a href=\"https:\/\/www.facebook.com\/SoloRadioHellin\/?locale=es_ES\"><img decoding=\"async\" class=\"alignnone size-medium\" src=\"https:\/\/blogger.googleusercontent.com\/img\/b\/R29vZ2xl\/AVvXsEiNncirNnyGedv00mhjZjh5Wl4_YPdJGanoAl8tL8zH-HwqE8uHqjEfSt340RHdx-9tuCSIkZ8rFamZiGyYlgDGxCsmXjCH_1xk5eYM3ntFZRvJP_jndOKR7w1UAo9Tu0vrZyOLfqRpHIxYI5SymJJ-pfGCQw6QVpggBH-UgfjiFQ2JOxqxG0Jx94kW83c\/s1600\/logo-principal.jpg\" width=\"100%\" height=\"100\" \/><\/a><!--bestpublic-voz01--><!--desk-in-out-voz01--><br \/>\n<!--publicidad-voz02--><a href=\"https:\/\/www.hellincf.com\/\"><img decoding=\"async\" class=\"alignnone size-medium\" src=\"https:\/\/blogger.googleusercontent.com\/img\/b\/R29vZ2xl\/AVvXsEhuZ4-XfBVj3UtdP8-RZugy3WVrg-Zv28c53m4oV47qYCxL1rX_dqWX_YddsGSnpH5SRDqZ7bZeKPIfDVCDncpjVlhy3aQs2vojcJBn7Gdv9hC2_Nzct_pRFrnFE1a7KTCdY1bT_kAgnY3-iadRZrGeJf1fR2P5fu11bokx0pWjaypoy-ctwCjklldpEbA\/s1600\/logo-principal7.jpg\" width=\"100%\" height=\"100\" \/><\/a><!--bestpublic-voz02--><!--desk-in-out-voz02--><\/p>\n<p style=\"text-align: justify;\">El diputado provincial del \u00c1rea Social, Jos\u00e9 Gonz\u00e1lez, junto al presidente de la entidad, Inocente Jim\u00e9nez, y a su coordinadora, Ana Lozano, ha dado a conocer los detalles de esta iniciativa durante una rueda de prensa que ha finalizado con una visita a la Plaza del Altozano, donde se han llevado a cabo algunos talleres y un mercadillo, mostrando el pleno apoyo del Gobierno que preside Santi Caba\u00f1ero a esta campa\u00f1a, que se extender\u00e1 desde este martes y hasta el pr\u00f3ximo domingo, 7 de abril, \u201ccon el objetivo compartido de visibilizar, sensibilizar y concienciar a la sociedad en torno al TEA y tambi\u00e9n sobre la importancia de la plena inclusi\u00f3n social, educativa y laboral\u201d.<\/p>\n<p style=\"text-align: justify;\">Agradeciendo la elecci\u00f3n de la \u2018Casa Provincial\u2019 para dar a conocer sus propuestas, Gonz\u00e1lez ha felicitado a Desarrollo Autismo, advirtiendo que esta asociaci\u00f3n se ha convertido por m\u00e9ritos propios, tras m\u00e1s de 20 a\u00f1os de trabajo, en una entidad referente en el Tercer Sector provincial. Y les ha felicitado, en la figura de su presidente, por el trabajo que vienen realizando para eliminar estereotipos y prejuicios y para mejorar la calidad de vida de muchas personas con TEA y de sus familias, al tiempo que ha se\u00f1alado su trabajo en materia de diagn\u00f3stico y tratamiento precoz, recordando la importancia del programa \u2018bbMiradas\u2019.<\/p>\n<p style=\"text-align: justify;\">Asimismo, les ha dado la enhorabuena por las diferentes actividades que han organizado en el marco de esta efem\u00e9ride y, especialmente, por esa visi\u00f3n provincial con la que trabajan, con iniciativas programadas tambi\u00e9n en sus delegaciones comarcales (Hell\u00edn, Almansa y Villarrobledo), y ha asegurado que la Diputaci\u00f3n de Albacete ha sido, es y ser\u00e1 su aliada y una compa\u00f1era de viaje.<\/p>\n<p style=\"text-align: justify;\">La Diputaci\u00f3n colabora con Desarrollo Autismo para que sus programas y servicios lleguen a la provincia<\/p>\n<p style=\"text-align: justify;\">De hecho, este a\u00f1o la instituci\u00f3n provincial ha realizado un \u201cesfuerzo extra\u201d, y al convenio anual que viene suscribiendo con la asociaci\u00f3n (por valor de 38.000 \u20ac), ha a\u00f1adido un segundo acuerdo de colaboraci\u00f3n (de 10.000 \u20ac) para contribuir a la reforma de su nueva sede en Hell\u00edn, con el objetivo de atender m\u00e1s y mejor a los vecinos y vecinas de la comarca.<\/p>\n<p style=\"text-align: justify;\">En este sentido, Gonz\u00e1lez ha advertido que para el Gobierno provincial es \u201cun verdadero orgullo\u201d contribuir, a trav\u00e9s de dicho convenio, a que diferentes programas y servicios de atenci\u00f3n sociosanitaria que Desarrollo Autismo impulsa \u201cy que son muy necesarios\u201d, lleguen a la provincia de la mano del trabajo que esta asociaci\u00f3n presta en sus delegaciones comarcales de Hell\u00edn, Villarrobledo y Almansa.<\/p>\n<p style=\"text-align: justify;\">Se trata del proyecto de Atenci\u00f3n Terap\u00e9utica para TEA mediante atenci\u00f3n psicol\u00f3gica, de logopeda y terapia ocupacional; de un Aula de Adultos, de Aulas de Comunicaci\u00f3n y de una Escuela de Verano (estos tres \u00faltimos desarrollados en Hell\u00edn). Iniciativas con las que se consigue avanzar en la autonom\u00eda personal e inclusi\u00f3n social y comunitaria (con programas concretos para personas con TEA de 3 a 21 a\u00f1os y de 21 a\u00f1os en adelante); y tambi\u00e9n en la conciliaci\u00f3n familiar y laboral de padres y madres.<\/p>\n<p style=\"text-align: justify;\">En este punto, Gonz\u00e1lez ha dejado claro que desde las administraciones p\u00fablicas es imprescindible reconocer y agradecer la labor que desarrolla el Tercer Sector en nuestra provincia y tenderle la mano para seguir sumando esfuerzos y, al hacerlo, \u201cgenerar ese efecto multiplicador que se traduce en m\u00e1s programas, m\u00e1s servicios y m\u00e1s igualdad de oportunidades para quienes m\u00e1s los necesitan\u201d.<\/p>\n<p style=\"text-align: justify;\">Adem\u00e1s, ha recordado que la Diputaci\u00f3n de Albacete, junto a otros edificios municipales de la provincia (Templete del Jard\u00edn de los Reyes Cat\u00f3licos en Almansa; el Ayuntamiento, La Rosaleda o la Fuente del Jard\u00edn Mart\u00ednez Parra en Hell\u00edn; y el Consistorio y el Mercado de Abastos en Villarrobledo), se sumar\u00e1 a la campa\u00f1a \u2018Ilumina de azul\u2019, coloreando de este tono la fachada del Palacio Provincial \u201ccon el objetivo no s\u00f3lo de visibilizar el TEA, sino tambi\u00e9n de recordar que es necesario seguir trabajando en investigaci\u00f3n, en diagn\u00f3stico precoz y en recursos para quienes son diagnosticados y para sus familias\u201d.<\/p>\n<p style=\"text-align: justify;\">Desde Desarrollo Autismo agradecen el apoyo a la Diputaci\u00f3n<\/p>\n<p style=\"text-align: justify;\">Por su parte, el presidente de Desarrollo Autismo, Inocente Jim\u00e9nez, ha agradecido a la Diputaci\u00f3n de Albacete su constante apoyo y su colaboraci\u00f3n, aludiendo \u201ca la implicaci\u00f3n personal de su presidente, Santi Caba\u00f1ero\u201d y a ese apoyo \u2018extra\u2019 que han recibido este 2024, y ha explicado que desde la asociaci\u00f3n est\u00e1n trabajando para llevar sus servicios y programas a las zonas rurales, para que las personas con TEA y sus familias no tengan que desplazarse hasta la capital.<\/p>\n<p style=\"text-align: justify;\">Adem\u00e1s, Jim\u00e9nez ha reivindicado la necesidad de avanzar en un mayor conocimiento y aceptaci\u00f3n para las personas con TEA y de forma especial en el \u00e1mbito educativo, donde \u201cm\u00e1s del 80% sufren acoso escolar\u201d, y en el laboral, \u201cdonde m\u00e1s del 90% est\u00e1n desempleadas\u201d, al tiempo que ha insistido en la importancia de terminar con los falsos roles que existen y \u201cque tantos perjuicios generan\u201d, y ha puesto en valor el Plan Nacional de Autismo para caminar en estas direcciones.<\/p>\n<p style=\"text-align: justify;\">Actividades en Albacete, Hell\u00edn, Villarrobledo y Almansa<\/p>\n<p style=\"text-align: justify;\">Finalmente, ha sido la coordinadora de la asociaci\u00f3n, Ana Lozano, la encargada de dar a conocer las actividades que se han organizado en el marco del D\u00eda Mundial de Concienciaci\u00f3n del Autismo en las diferentes localidades en las que la entidad tiene sede. As\u00ed, en Albacete durante la ma\u00f1ana de este martes han tenido lugar talleres de chapas, jabones, abalorios\u2026, un mercadillo y una mesa informativa en la Plaza del Altozano, que se repetir\u00e1n el pr\u00f3ximo d\u00eda 6 de marzo a partir de las 11:30h, sumando la lectura del manifiesto, la tradicional suelta de globos y la actuaci\u00f3n musical de \u2018Electrollanetes\u2019.<\/p>\n<p style=\"text-align: justify;\">En Almansa, el d\u00eda 6 tambi\u00e9n est\u00e1 prevista la lectura del manifiesto y la suelta de globos a partir de las 12:00h y, adem\u00e1s, habr\u00e1 una mesa informativa, en la calle San Francisco, desde las 10:00h hasta las 14:00h. Tambi\u00e9n se han organizado talleres y un mercadillo durante la semana.<\/p>\n<p style=\"text-align: justify;\">Igualmente, en Hell\u00edn, durante la jornada de este martes, se dar\u00e1 lectura al manifiesto a cargo de Juani Soria (voluntaria de la asociaci\u00f3n) y, junto a la suelta de globos, esta tarde est\u00e1 prevista una cadena humana formando el s\u00edmbolo del infinito en la Plaza de la Iglesia (18:00h). Asimismo, el d\u00eda 3 de abril, durante la ma\u00f1ana, se colocar\u00e1n mesas informativas y de postulaci\u00f3n en los soportales del Parque al lado del Kiosco Robert; en la C\/ L\u00f3pez del Oro y en la Gran V\u00eda (a la altura Mercadona).<\/p>\n<p style=\"text-align: justify;\">Y, por \u00faltimo, en Villarrobledo, el d\u00eda 7 de abril se ha programado la lectura del manifiesto y la posterior suelta de globos a las 13:00h en la Plaza Ram\u00f3n y Cajal.<\/p>\n<p><!--publicidad-voz03--><a href=\"https:\/\/www.facebook.com\/profile.php?id=100063593791305&amp;locale=es_ES\"><img decoding=\"async\" class=\"alignnone size-medium\" src=\"https:\/\/blogger.googleusercontent.com\/img\/b\/R29vZ2xl\/AVvXsEi8_n_ll8UOcGxCqzFvb_9Io4ICczlGC990BPtPj2w9Px-u7B3oqWUW5vtjZUqPNJ-nyjiUIorE0ATsib_l5tV8BVN-UJ03RTnU__IHJF_4DgDBtY4LIqXNG-FomrO-7ywes20CBCRM2Hcm7EJSh3UUw1dO-c_uTflUrtgY1i7uBRezj_DpympmEFkfbQY\/s1600\/logo-principal2.jpg\" width=\"100%\" height=\"100\" \/><\/a><!--bestpublic-voz03--><!--desk-in-out-voz03--><br \/>\n<!--publicidad-voz04--><a href=\"https:\/\/www.facebook.com\/profile.php?id=61557370768692&amp;locale=es_ES\"><img decoding=\"async\" class=\"alignnone size-medium\" src=\"https:\/\/blogger.googleusercontent.com\/img\/b\/R29vZ2xl\/AVvXsEgy5RdcfffrnrItnYTcV9bCJjgJwldsQLWssfVfrLbyfXeBNTFKgBf0rMIvhrUaGUhiXzVr9_eQgCbi-j63ZDpfTvLIty9w7s140y-m1yHe7eKmEK7v2NAHUJDVYGdfeiQFeRCqUjdwWmN1MX_AUxxz4IVdJ4WIM0APxit8bjWkXzrnEFGqBvW_1F13H1g\/s1600\/logo-principal5.jpg\" width=\"100%\" height=\"100\" \/><\/a><!--bestpublic-voz04--><!--desk-in-out-voz04--><br \/>\n<!--publicidad-voz05--><a href=\"https:\/\/www.facebook.com\/asociaciontamborileroshellin?locale=es_ES\"><img decoding=\"async\" class=\"alignnone size-medium\" src=\"https:\/\/blogger.googleusercontent.com\/img\/b\/R29vZ2xl\/AVvXsEhHEEpZsKK1VpwiYMrS7aE2ujtqIDZoLd4B5wtbiseSU9s2HdTdQfhF84So2XwEB1fv0BLw95GADm6hUl1bkKtzh-eIgVigXONuu_5RxeIMPhjk8q6uNX4EaEHbooKkbu7pCADWPpVJjhKIH5NQSJpWqedC-YBez4QAQeJYokkLot9bhrIaUAeztsGis6M\/s1600\/logo-principal3.jpg\" width=\"100%\" height=\"100\" \/><\/a><!--bestpublic-voz05--><!--desk-in-out-voz05--><br \/>\n<!--publicidad-voz06--><!--bestpublic-voz06--><!--desk-in-out-voz06--><br \/>\n<!--publicidad-voz07--><!--bestpublic-voz07--><!--desk-in-out-voz07--><br \/>\n<!--publicidad-voz08--><!--bestpublic-voz08--><!--desk-in-out-voz08--><br \/>\n<!--publicidad-voz09--><!--bestpublic-voz09--><!--desk-in-out-voz09--><br \/>\n<!--publicidad-voz10--><!--bestpublic-voz10--><!--desk-in-out-voz10--><br \/>\n<!--publicidad-voz11--><!--bestpublic-voz11--><!--desk-in-out-voz11--><br \/>\n<!--publicidad-voz12--><!--bestpublic-voz12--><!--desk-in-out-voz12--><br \/>\n<!--publicidad-voz13--><!--bestpublic-voz13--><!--desk-in-out-voz13--><br \/>\n<!--publicidad-voz14--><!--bestpublic-voz14--><!--desk-in-out-voz14--><br \/>\n<!--publicidad-voz15--><!--bestpublic-voz15--><!--desk-in-out-voz15--><br \/>\n<!--publicidad-voz16--><!--bestpublic-voz16--><!--desk-in-out-voz16--><\/p>\n","protected":false},"excerpt":{"rendered":"<p>La Diputaci\u00f3n de Albacete ha acogido, un a\u00f1o m\u00e1s, la presentaci\u00f3n de las actividades programadas por la Asociaci\u00f3n Desarrollo en el marco de D\u00eda Mundial de Concienciaci\u00f3n del Autismo, que&#8230;<\/p>\n","protected":false},"author":2,"featured_media":149557,"comment_status":"closed","ping_status":"closed","sticky":false,"template":"","format":"standard","meta":{"footnotes":""},"categories":[753,718,715,716,717],"tags":[],"class_list":["post-149556","post","type-post","status-publish","format-standard","has-post-thumbnail","hentry","category-blog-lv034","category-blogger","category-la-voz-de-hellin","category-la-voz-de-hellin-la-voz-de-hellin","category-noticias"],"_links":{"self":[{"href":"https:\/\/lavozdehellin.com\/noticias\/wp-json\/wp\/v2\/posts\/149556","targetHints":{"allow":["GET"]}}],"collection":[{"href":"https:\/\/lavozdehellin.com\/noticias\/wp-json\/wp\/v2\/posts"}],"about":[{"href":"https:\/\/lavozdehellin.com\/noticias\/wp-json\/wp\/v2\/types\/post"}],"author":[{"embeddable":true,"href":"https:\/\/lavozdehellin.com\/noticias\/wp-json\/wp\/v2\/users\/2"}],"replies":[{"embeddable":true,"href":"https:\/\/lavozdehellin.com\/noticias\/wp-json\/wp\/v2\/comments?post=149556"}],"version-history":[{"count":0,"href":"https:\/\/lavozdehellin.com\/noticias\/wp-json\/wp\/v2\/posts\/149556\/revisions"}],"wp:featuredmedia":[{"embeddable":true,"href":"https:\/\/lavozdehellin.com\/noticias\/wp-json\/wp\/v2\/media\/149557"}],"wp:attachment":[{"href":"https:\/\/lavozdehellin.com\/noticias\/wp-json\/wp\/v2\/media?parent=149556"}],"wp:term":[{"taxonomy":"category","embeddable":true,"href":"https:\/\/lavozdehellin.com\/noticias\/wp-json\/wp\/v2\/categories?post=149556"},{"taxonomy":"post_tag","embeddable":true,"href":"https:\/\/lavozdehellin.com\/noticias\/wp-json\/wp\/v2\/tags?post=149556"}],"curies":[{"name":"wp","href":"https:\/\/api.w.org\/{rel}","templated":true}]}}