{"id":149560,"date":"2024-04-02T13:27:01","date_gmt":"2024-04-02T12:27:01","guid":{"rendered":"https:\/\/lavozdehellin.com\/noticias\/?p=149560"},"modified":"2024-04-08T10:02:26","modified_gmt":"2024-04-08T09:02:26","slug":"v08-460-la-diputacion-de-albacete-colabora-con-la-campana-yo-sigo-comprando-en-mi-comercio-impulsada-por-fecom","status":"publish","type":"post","link":"https:\/\/lavozdehellin.com\/noticias\/v08-460-la-diputacion-de-albacete-colabora-con-la-campana-yo-sigo-comprando-en-mi-comercio-impulsada-por-fecom\/","title":{"rendered":"LVH NOTICIAS | LA DIPUTACI\u00d3N DE ALBACETE COLABORA CON LA CAMPA\u00d1A \u2018YO SIGO COMPRANDO EN MI COMERCIO\u2019 IMPULSADA POR FECOM"},"content":{"rendered":"<p style=\"text-align: justify;\">La diputada provincial del \u00c1rea de Atenci\u00f3n Ciudadana, Ana Albaladejo, ha participado en la presentaci\u00f3n de la campa\u00f1a \u2018Yo sigo comprando en mi comercio\u2019 impulsada por la Federaci\u00f3n de Comercio de Albacete (FECOM) con la colaboraci\u00f3n econ\u00f3mica de la Diputaci\u00f3n para apoyar los negocios de proximidad en el territorio albacetense.<\/p>\n<p><!--more--><br \/>\n<!--publicidad-voz01--><a href=\"https:\/\/www.facebook.com\/SoloRadioHellin\/?locale=es_ES\"><img decoding=\"async\" class=\"alignnone size-medium\" src=\"https:\/\/blogger.googleusercontent.com\/img\/b\/R29vZ2xl\/AVvXsEiNncirNnyGedv00mhjZjh5Wl4_YPdJGanoAl8tL8zH-HwqE8uHqjEfSt340RHdx-9tuCSIkZ8rFamZiGyYlgDGxCsmXjCH_1xk5eYM3ntFZRvJP_jndOKR7w1UAo9Tu0vrZyOLfqRpHIxYI5SymJJ-pfGCQw6QVpggBH-UgfjiFQ2JOxqxG0Jx94kW83c\/s1600\/logo-principal.jpg\" width=\"100%\" height=\"100\" \/><\/a><!--bestpublic-voz01--><!--desk-in-out-voz01--><br \/>\n<!--publicidad-voz02--><a href=\"https:\/\/www.hellincf.com\/\"><img decoding=\"async\" class=\"alignnone size-medium\" src=\"https:\/\/blogger.googleusercontent.com\/img\/b\/R29vZ2xl\/AVvXsEhuZ4-XfBVj3UtdP8-RZugy3WVrg-Zv28c53m4oV47qYCxL1rX_dqWX_YddsGSnpH5SRDqZ7bZeKPIfDVCDncpjVlhy3aQs2vojcJBn7Gdv9hC2_Nzct_pRFrnFE1a7KTCdY1bT_kAgnY3-iadRZrGeJf1fR2P5fu11bokx0pWjaypoy-ctwCjklldpEbA\/s1600\/logo-principal7.jpg\" width=\"100%\" height=\"100\" \/><\/a><!--bestpublic-voz02--><!--desk-in-out-voz02--><\/p>\n<p style=\"text-align: justify;\">Junto a Jos\u00e9 Lozano, presidente de esta entidad, Albaladejo ha mostrado el respaldo de la instituci\u00f3n provincial a una iniciativa a la que tambi\u00e9n se han sumado Globalcaja, Aguas de Albacete y Soliss Seguros, y ha felicitado a sus organizadores, advirtiendo \u201cque es muy positivo para nuestro territorio contar con una Federaci\u00f3n como \u00e9sta: fuerte y s\u00f3lida\u201d, dejando claro que el Gobierno que preside Santi Caba\u00f1ero siempre estar\u00e1 al lado de cada propuesta que contribuya a promocionar y dinamizar el comercio local en la provincia de Albacete, \u201cconsiguiendo, con ello, favorecer su desarrollo y crecimiento\u201d.<\/p>\n<p style=\"text-align: justify;\">De hecho, ha se\u00f1alado que este sector tiene una notable relevancia en la econom\u00eda provincial, ya que se trata de una actividad clave dentro del sector servicios que, a su vez, es el que mayor proporci\u00f3n de empresas aglutina en este territorio y uno de los que m\u00e1s puestos de trabajo genera.<\/p>\n<p style=\"text-align: justify;\">Adem\u00e1s, la diputada de Atenci\u00f3n Ciudadana ha recordado que el comercio local, especialmente, en el mundo rural no s\u00f3lo es un negocio que genera riqueza, \u201ces tambi\u00e9n un servicio p\u00fablico que se presta a la ciudadan\u00eda\u201d, y ha alabado esta campa\u00f1a con la que se disponen 5.500 \u20ac en premios a trav\u00e9s de 110 vales de 50 \u20ac canjeables en peque\u00f1os comercios adheridos.<\/p>\n<p style=\"text-align: justify;\">Una campa\u00f1a que comienza el 6 de abril y finaliza el 4 de mayo, sumando no s\u00f3lo establecimientos de Albacete, sino de otros puntos de la provincia (La Roda, Hell\u00edn, Villarrobledo y Caudete).<\/p>\n<p style=\"text-align: justify;\">Albaladejo subraya que apostar por el comercio local \u201ces hacer una localidad m\u00e1s humana, m\u00e1s alegre, m\u00e1s din\u00e1mica y m\u00e1s viva\u201d<\/p>\n<p style=\"text-align: justify;\">Albaladejo ha dejado claro que iniciativas como \u00e9sta contribuyen a fidelizar y \u2018recompensar\u2019 al cliente y tambi\u00e9n a captar a nuevos ante la posibilidad de ganar premios, y ha explicado que avanza en una triple direcci\u00f3n, en alusi\u00f3n al aliciente que supone para consumir en el comercio de proximidad, al est\u00edmulo que genera en estos establecimientos y a su capacidad para desestacionalizar las campa\u00f1as promocionales que suelen realizarse en fechas muy concretas (como es el caso de la Navidad).<\/p>\n<p style=\"text-align: justify;\">En esta l\u00ednea, la diputada ha subrayado que consumir en el comercio local \u201chace comunidad y es sin\u00f3nimo de calidad, buen servicio y sostenibilidad\u201d, y ha destacado que \u00e9ste estimula las econom\u00edas locales, apuntando que el dinero que gastamos en ellos revierte en esa comunidad, as\u00ed como el trato m\u00e1s cercano y personalizado que ofrecen al cliente.<\/p>\n<p style=\"text-align: justify;\">Finalmente, Albaladejo ha animado a los vecinos y vecinas de la provincia a apostar por este comercio, remarcando que la Diputaci\u00f3n de Albacete siempre va a estar al lado de las tiendas de nuestros barrios y de nuestros pueblos, desde el convencimiento de consolidar e impulsar este tejido comercial \u201ces tambi\u00e9n una forma de hacer una localidad m\u00e1s humana, m\u00e1s alegre, m\u00e1s din\u00e1mica y m\u00e1s viva\u201d.<\/p>\n<p><!--publicidad-voz03--><a href=\"https:\/\/www.facebook.com\/profile.php?id=100063593791305&amp;locale=es_ES\"><img decoding=\"async\" class=\"alignnone size-medium\" src=\"https:\/\/blogger.googleusercontent.com\/img\/b\/R29vZ2xl\/AVvXsEi8_n_ll8UOcGxCqzFvb_9Io4ICczlGC990BPtPj2w9Px-u7B3oqWUW5vtjZUqPNJ-nyjiUIorE0ATsib_l5tV8BVN-UJ03RTnU__IHJF_4DgDBtY4LIqXNG-FomrO-7ywes20CBCRM2Hcm7EJSh3UUw1dO-c_uTflUrtgY1i7uBRezj_DpympmEFkfbQY\/s1600\/logo-principal2.jpg\" width=\"100%\" height=\"100\" \/><\/a><!--bestpublic-voz03--><!--desk-in-out-voz03--><br \/>\n<!--publicidad-voz04--><a href=\"https:\/\/www.facebook.com\/profile.php?id=61557370768692&amp;locale=es_ES\"><img decoding=\"async\" class=\"alignnone size-medium\" src=\"https:\/\/blogger.googleusercontent.com\/img\/b\/R29vZ2xl\/AVvXsEgy5RdcfffrnrItnYTcV9bCJjgJwldsQLWssfVfrLbyfXeBNTFKgBf0rMIvhrUaGUhiXzVr9_eQgCbi-j63ZDpfTvLIty9w7s140y-m1yHe7eKmEK7v2NAHUJDVYGdfeiQFeRCqUjdwWmN1MX_AUxxz4IVdJ4WIM0APxit8bjWkXzrnEFGqBvW_1F13H1g\/s1600\/logo-principal5.jpg\" width=\"100%\" height=\"100\" \/><\/a><!--bestpublic-voz04--><!--desk-in-out-voz04--><br \/>\n<!--publicidad-voz05--><a href=\"https:\/\/www.facebook.com\/asociaciontamborileroshellin?locale=es_ES\"><img decoding=\"async\" class=\"alignnone size-medium\" src=\"https:\/\/blogger.googleusercontent.com\/img\/b\/R29vZ2xl\/AVvXsEhHEEpZsKK1VpwiYMrS7aE2ujtqIDZoLd4B5wtbiseSU9s2HdTdQfhF84So2XwEB1fv0BLw95GADm6hUl1bkKtzh-eIgVigXONuu_5RxeIMPhjk8q6uNX4EaEHbooKkbu7pCADWPpVJjhKIH5NQSJpWqedC-YBez4QAQeJYokkLot9bhrIaUAeztsGis6M\/s1600\/logo-principal3.jpg\" width=\"100%\" height=\"100\" \/><\/a><!--bestpublic-voz05--><!--desk-in-out-voz05--><br \/>\n<!--publicidad-voz06--><!--bestpublic-voz06--><!--desk-in-out-voz06--><br \/>\n<!--publicidad-voz07--><!--bestpublic-voz07--><!--desk-in-out-voz07--><br \/>\n<!--publicidad-voz08--><!--bestpublic-voz08--><!--desk-in-out-voz08--><br \/>\n<!--publicidad-voz09--><!--bestpublic-voz09--><!--desk-in-out-voz09--><br \/>\n<!--publicidad-voz10--><!--bestpublic-voz10--><!--desk-in-out-voz10--><br \/>\n<!--publicidad-voz11--><!--bestpublic-voz11--><!--desk-in-out-voz11--><br \/>\n<!--publicidad-voz12--><!--bestpublic-voz12--><!--desk-in-out-voz12--><br \/>\n<!--publicidad-voz13--><!--bestpublic-voz13--><!--desk-in-out-voz13--><br \/>\n<!--publicidad-voz14--><!--bestpublic-voz14--><!--desk-in-out-voz14--><br \/>\n<!--publicidad-voz15--><!--bestpublic-voz15--><!--desk-in-out-voz15--><br \/>\n<!--publicidad-voz16--><!--bestpublic-voz16--><!--desk-in-out-voz16--><\/p>\n","protected":false},"excerpt":{"rendered":"<p>La diputada provincial del \u00c1rea de Atenci\u00f3n Ciudadana, Ana Albaladejo, ha participado en la presentaci\u00f3n de la campa\u00f1a \u2018Yo sigo comprando en mi comercio\u2019 impulsada por la Federaci\u00f3n de Comercio&#8230;<\/p>\n","protected":false},"author":2,"featured_media":149561,"comment_status":"closed","ping_status":"closed","sticky":false,"template":"","format":"standard","meta":{"footnotes":""},"categories":[753,718,715,716,717],"tags":[],"class_list":["post-149560","post","type-post","status-publish","format-standard","has-post-thumbnail","hentry","category-blog-lv034","category-blogger","category-la-voz-de-hellin","category-la-voz-de-hellin-la-voz-de-hellin","category-noticias"],"_links":{"self":[{"href":"https:\/\/lavozdehellin.com\/noticias\/wp-json\/wp\/v2\/posts\/149560","targetHints":{"allow":["GET"]}}],"collection":[{"href":"https:\/\/lavozdehellin.com\/noticias\/wp-json\/wp\/v2\/posts"}],"about":[{"href":"https:\/\/lavozdehellin.com\/noticias\/wp-json\/wp\/v2\/types\/post"}],"author":[{"embeddable":true,"href":"https:\/\/lavozdehellin.com\/noticias\/wp-json\/wp\/v2\/users\/2"}],"replies":[{"embeddable":true,"href":"https:\/\/lavozdehellin.com\/noticias\/wp-json\/wp\/v2\/comments?post=149560"}],"version-history":[{"count":0,"href":"https:\/\/lavozdehellin.com\/noticias\/wp-json\/wp\/v2\/posts\/149560\/revisions"}],"wp:featuredmedia":[{"embeddable":true,"href":"https:\/\/lavozdehellin.com\/noticias\/wp-json\/wp\/v2\/media\/149561"}],"wp:attachment":[{"href":"https:\/\/lavozdehellin.com\/noticias\/wp-json\/wp\/v2\/media?parent=149560"}],"wp:term":[{"taxonomy":"category","embeddable":true,"href":"https:\/\/lavozdehellin.com\/noticias\/wp-json\/wp\/v2\/categories?post=149560"},{"taxonomy":"post_tag","embeddable":true,"href":"https:\/\/lavozdehellin.com\/noticias\/wp-json\/wp\/v2\/tags?post=149560"}],"curies":[{"name":"wp","href":"https:\/\/api.w.org\/{rel}","templated":true}]}}