{"id":149563,"date":"2024-04-02T18:39:48","date_gmt":"2024-04-02T17:39:48","guid":{"rendered":"https:\/\/lavozdehellin.com\/noticias\/?p=149563"},"modified":"2024-04-08T10:02:26","modified_gmt":"2024-04-08T09:02:26","slug":"v08-461-la-diputacion-destaca-el-papel-de-cultural-albacete-en-la-feria-de-artes-escenicas-y-musicales-de-c-lm-que-tendra-lugar-del-9-al-12-de-abril-en-la-ciudad","status":"publish","type":"post","link":"https:\/\/lavozdehellin.com\/noticias\/v08-461-la-diputacion-destaca-el-papel-de-cultural-albacete-en-la-feria-de-artes-escenicas-y-musicales-de-c-lm-que-tendra-lugar-del-9-al-12-de-abril-en-la-ciudad\/","title":{"rendered":"LVH NOTICIAS | LA DIPUTACI\u00d3N DESTACA EL PAPEL DE CULTURAL ALBACETE EN LA FERIA DE ARTES ESC\u00c9NICAS Y MUSICALES DE C-LM, QUE TENDR\u00c1 LUGAR DEL 9 AL 12 DE ABRIL EN LA CIUDAD"},"content":{"rendered":"<p style=\"text-align: justify;\">La 28\u00aa Feria de Artes Esc\u00e9nicas y Musicales de Castilla-La Mancha (FAEMCLM) tendr\u00e1 lugar del 9 al 12 de abril en diferentes espacios de Albacete sumando, una edici\u00f3n m\u00e1s, el apoyo de la Diputaci\u00f3n, tal y como ha subrayado su diputado de Cultura, Miguel Zamora, durante la presentaci\u00f3n de este evento.<\/p>\n<p><!--more--><br \/>\n<!--publicidad-voz01--><a href=\"https:\/\/www.facebook.com\/SoloRadioHellin\/?locale=es_ES\"><img decoding=\"async\" class=\"alignnone size-medium\" src=\"https:\/\/blogger.googleusercontent.com\/img\/b\/R29vZ2xl\/AVvXsEiNncirNnyGedv00mhjZjh5Wl4_YPdJGanoAl8tL8zH-HwqE8uHqjEfSt340RHdx-9tuCSIkZ8rFamZiGyYlgDGxCsmXjCH_1xk5eYM3ntFZRvJP_jndOKR7w1UAo9Tu0vrZyOLfqRpHIxYI5SymJJ-pfGCQw6QVpggBH-UgfjiFQ2JOxqxG0Jx94kW83c\/s1600\/logo-principal.jpg\" width=\"100%\" height=\"100\" \/><\/a><!--bestpublic-voz01--><!--desk-in-out-voz01--><br \/>\n<!--publicidad-voz02--><a href=\"https:\/\/www.hellincf.com\/\"><img decoding=\"async\" class=\"alignnone size-medium\" src=\"https:\/\/blogger.googleusercontent.com\/img\/b\/R29vZ2xl\/AVvXsEhuZ4-XfBVj3UtdP8-RZugy3WVrg-Zv28c53m4oV47qYCxL1rX_dqWX_YddsGSnpH5SRDqZ7bZeKPIfDVCDncpjVlhy3aQs2vojcJBn7Gdv9hC2_Nzct_pRFrnFE1a7KTCdY1bT_kAgnY3-iadRZrGeJf1fR2P5fu11bokx0pWjaypoy-ctwCjklldpEbA\/s1600\/logo-principal7.jpg\" width=\"100%\" height=\"100\" \/><\/a><!--bestpublic-voz02--><!--desk-in-out-voz02--><\/p>\n<p style=\"text-align: justify;\">Junto al consejero de Educaci\u00f3n, Cultura y Deportes, Amador Pastor; al delegado provincial de la JCCM, Pedro Antonio Ruiz Santos; a la concejala de Cultura, Elena Serrall\u00e9; y a su director art\u00edstico, Jos\u00e9 Campos, Zamora ha puesto de relieve el orgullo que supone para este territorio ser la sede de una iniciativa que se ha convertido en \u201cun referente nacional\u201d para distribuidoras, productoras, gestores culturales y compa\u00f1\u00edas con m\u00e1s de 400 inscripciones este 2024 y situada entre las cinco mejores de Espa\u00f1a.<\/p>\n<p style=\"text-align: justify;\">El diputado de Cultura ha dejado claro el gran significado que esta Feria, que incluye teatro, danza, m\u00fasica y circo, tiene para Albacete, y ha destacado su contribuci\u00f3n a la dinamizaci\u00f3n del sector cultural, convirtiendo a nuestra tierra en un punto de encuentro de profesionales de las artes esc\u00e9nicas para favorecer intercambios y acuerdos, a\u00f1adiendo que tambi\u00e9n ofrece una oferta cultural de m\u00e1xima calidad a su ciudadan\u00eda (las actuaciones de la tarde est\u00e1n abiertas al p\u00fablico con entrada).<\/p>\n<p style=\"text-align: justify;\">En este sentido, el diputado ha destacado la apuesta que desde FAEMCLM se realiza por el p\u00fablico infantil y joven, despertando el gusto por las artes esc\u00e9nicas y musicales en edades tempranas de la mano de los 14 centros educativos de Albacete que, con cerca de 1.600 alumnos y alumnas, podr\u00e1n participar de este evento disfrutando de alguno de los siete espect\u00e1culos que se han programado en horario de ma\u00f1ana.<\/p>\n<p style=\"text-align: justify;\">Una medida que est\u00e1 en l\u00ednea con el trabajo que desde la propia Diputaci\u00f3n se realiza en esta direcci\u00f3n a trav\u00e9s de sus campa\u00f1as de Artes Esc\u00e9nicas en el Teatro de la Paz, con las que en 2023 se consigui\u00f3 llegar a cerca de 6.000 chicos y chicas de la provincia, y en las primeras fases de este 2024 ya han sido m\u00e1s de 1.800 los y las estudiantes que han asistido a alguna de las obras incluidas en este programa.<\/p>\n<p style=\"text-align: justify;\">El 55% de los espect\u00e1culos son de compa\u00f1\u00edas de C-LM y cerca del 20% de Albacete<\/p>\n<p style=\"text-align: justify;\">Adem\u00e1s, Zamora ha aprovechado la ocasi\u00f3n para subrayar la importancia que la cultura tiene para el desarrollo social y econ\u00f3mico, reivindicando la calidad excepcional del teatro, la m\u00fasica, la danza, el circo\u2026 que se produce en esta provincia y en esta regi\u00f3n. Tanto es as\u00ed que de los 21 espect\u00e1culos que integran la programaci\u00f3n de esta Feria de Artes Esc\u00e9nicas y Musicales de C-LM en torno al 55% llevan el sello de Castilla-La Mancha (11) y cerca del 20% (4) son de la provincia de Albacete (Teatro Cachivaches, Producciones Alberto Alfaro, D\u00e1nzame Mucho y la Chica Charco).<\/p>\n<p style=\"text-align: justify;\">Asimismo, el responsable provincial ha asegurado que no es casual ni que FAEMCLM cumpla 28 ediciones ni que esta provincia se haya convertido en su sede, aludiendo al trabajo conjunto y comprometido que realizan el Gobierno regional, Cultural Albacete y Antonio Campos, as\u00ed como al apoyo incondicional de administraciones como la propia Diputaci\u00f3n.<\/p>\n<p style=\"text-align: justify;\">De hecho, la instituci\u00f3n provincial colabora activamente en su desarrollo tanto a trav\u00e9s de Cultural Albacete (al que este a\u00f1o aporta 1.200.000 \u20ac de financiaci\u00f3n), que se encarga de la coordinaci\u00f3n t\u00e9cnica y de la gesti\u00f3n de entradas, como mediante la cesi\u00f3n de espacios. En concreto, este 2024 ha sido el Teatro de la Paz, donde se han programado tres espect\u00e1culos: \u2018El Secreto de Barbaroja\u2019 (9 de abril); \u2018Homo Peter\u2019 (10 de abril), \u2018La vida es juego (11 de abril).<\/p>\n<p style=\"text-align: justify;\">En este punto, Zamora ha dejado claro que este Consorcio \u201ces uno de los instrumentos m\u00e1s importantes del pa\u00eds como modelo de gesti\u00f3n cultural\u201d, y ha incidido en su contribuci\u00f3n a FAEMCLM, advirtiendo que, del mismo modo que la labor de los t\u00e9cnicos y t\u00e9cnicas de cultura \u201ces imprescindible\u201d, tambi\u00e9n lo es contar con recursos como esta Feria, \u201cque nutre de contenido cultural la Red de Artes Esc\u00e9nicas y los circuitos provinciales, que nuestras comisiones art\u00edsticas seleccionan para que los municipios, desde el m\u00e1s grande hasta el m\u00e1s peque\u00f1o de Albacete, tengan actividad cultural de m\u00e1xima calidad\u201d.<\/p>\n<p style=\"text-align: justify;\">Adem\u00e1s, ha agradecido el esfuerzo que realiza el Gobierno regional en esta material, y ha explicado que la importancia de colaborar y apoyar esta iniciativa es mucho m\u00e1s que un compromiso, advirtiendo la obligaci\u00f3n que tienen las administraciones p\u00fablicas de trabajar de forma coordinada y desde la unidad para apoyar al sector y para hacer llegar la cultura a la ciudadan\u00eda independientemente del lugar donde resida o de su poder adquisitivo.<\/p>\n<p style=\"text-align: justify;\">Homenaje a Francisco Nieva<\/p>\n<p style=\"text-align: justify;\">Junto a los espect\u00e1culos organizados, entre los que se incluyen dos estrenos exclusivos y que tendr\u00e1 lugar tambi\u00e9n en el Teatro Circo, en el Auditorio Municipal o en escenarios al aire libre como la Plaza del Altozano, se han programado ocho actividades complementarias que incluyen un homenaje al primer centenario del nacimiento del dramaturgo y escen\u00f3grafo castellano-manchego, Francisco Nieva, a trav\u00e9s de una ponencia a cargo de la directora de escena y dramaturga albacete\u00f1a, Rakel Camacho, titulada \u2018Nieva Hoy: Redescubrimiento, Enso\u00f1aci\u00f3n y Vanguardia del Teatro de Francisco Nieva en la Escena Contempor\u00e1nea Espa\u00f1ola\u2019 (9 de abril en el Teatrito del teatro Circo a la 13:00h).<\/p>\n<p><!--publicidad-voz03--><a href=\"https:\/\/www.facebook.com\/profile.php?id=100063593791305&amp;locale=es_ES\"><img decoding=\"async\" class=\"alignnone size-medium\" src=\"https:\/\/blogger.googleusercontent.com\/img\/b\/R29vZ2xl\/AVvXsEi8_n_ll8UOcGxCqzFvb_9Io4ICczlGC990BPtPj2w9Px-u7B3oqWUW5vtjZUqPNJ-nyjiUIorE0ATsib_l5tV8BVN-UJ03RTnU__IHJF_4DgDBtY4LIqXNG-FomrO-7ywes20CBCRM2Hcm7EJSh3UUw1dO-c_uTflUrtgY1i7uBRezj_DpympmEFkfbQY\/s1600\/logo-principal2.jpg\" width=\"100%\" height=\"100\" \/><\/a><!--bestpublic-voz03--><!--desk-in-out-voz03--><br \/>\n<!--publicidad-voz04--><a href=\"https:\/\/www.facebook.com\/profile.php?id=61557370768692&amp;locale=es_ES\"><img decoding=\"async\" class=\"alignnone size-medium\" src=\"https:\/\/blogger.googleusercontent.com\/img\/b\/R29vZ2xl\/AVvXsEgy5RdcfffrnrItnYTcV9bCJjgJwldsQLWssfVfrLbyfXeBNTFKgBf0rMIvhrUaGUhiXzVr9_eQgCbi-j63ZDpfTvLIty9w7s140y-m1yHe7eKmEK7v2NAHUJDVYGdfeiQFeRCqUjdwWmN1MX_AUxxz4IVdJ4WIM0APxit8bjWkXzrnEFGqBvW_1F13H1g\/s1600\/logo-principal5.jpg\" width=\"100%\" height=\"100\" \/><\/a><!--bestpublic-voz04--><!--desk-in-out-voz04--><br \/>\n<!--publicidad-voz05--><a href=\"https:\/\/www.facebook.com\/asociaciontamborileroshellin?locale=es_ES\"><img decoding=\"async\" class=\"alignnone size-medium\" src=\"https:\/\/blogger.googleusercontent.com\/img\/b\/R29vZ2xl\/AVvXsEhHEEpZsKK1VpwiYMrS7aE2ujtqIDZoLd4B5wtbiseSU9s2HdTdQfhF84So2XwEB1fv0BLw95GADm6hUl1bkKtzh-eIgVigXONuu_5RxeIMPhjk8q6uNX4EaEHbooKkbu7pCADWPpVJjhKIH5NQSJpWqedC-YBez4QAQeJYokkLot9bhrIaUAeztsGis6M\/s1600\/logo-principal3.jpg\" width=\"100%\" height=\"100\" \/><\/a><!--bestpublic-voz05--><!--desk-in-out-voz05--><br \/>\n<!--publicidad-voz06--><!--bestpublic-voz06--><!--desk-in-out-voz06--><br \/>\n<!--publicidad-voz07--><!--bestpublic-voz07--><!--desk-in-out-voz07--><br \/>\n<!--publicidad-voz08--><!--bestpublic-voz08--><!--desk-in-out-voz08--><br \/>\n<!--publicidad-voz09--><!--bestpublic-voz09--><!--desk-in-out-voz09--><br \/>\n<!--publicidad-voz10--><!--bestpublic-voz10--><!--desk-in-out-voz10--><br \/>\n<!--publicidad-voz11--><!--bestpublic-voz11--><!--desk-in-out-voz11--><br \/>\n<!--publicidad-voz12--><!--bestpublic-voz12--><!--desk-in-out-voz12--><br \/>\n<!--publicidad-voz13--><!--bestpublic-voz13--><!--desk-in-out-voz13--><br \/>\n<!--publicidad-voz14--><!--bestpublic-voz14--><!--desk-in-out-voz14--><br \/>\n<!--publicidad-voz15--><!--bestpublic-voz15--><!--desk-in-out-voz15--><br \/>\n<!--publicidad-voz16--><!--bestpublic-voz16--><!--desk-in-out-voz16--><\/p>\n","protected":false},"excerpt":{"rendered":"<p>La 28\u00aa Feria de Artes Esc\u00e9nicas y Musicales de Castilla-La Mancha (FAEMCLM) tendr\u00e1 lugar del 9 al 12 de abril en diferentes espacios de Albacete sumando, una edici\u00f3n m\u00e1s, el&#8230;<\/p>\n","protected":false},"author":2,"featured_media":149564,"comment_status":"closed","ping_status":"closed","sticky":false,"template":"","format":"standard","meta":{"footnotes":""},"categories":[753,718,715,716,717],"tags":[],"class_list":["post-149563","post","type-post","status-publish","format-standard","has-post-thumbnail","hentry","category-blog-lv034","category-blogger","category-la-voz-de-hellin","category-la-voz-de-hellin-la-voz-de-hellin","category-noticias"],"_links":{"self":[{"href":"https:\/\/lavozdehellin.com\/noticias\/wp-json\/wp\/v2\/posts\/149563","targetHints":{"allow":["GET"]}}],"collection":[{"href":"https:\/\/lavozdehellin.com\/noticias\/wp-json\/wp\/v2\/posts"}],"about":[{"href":"https:\/\/lavozdehellin.com\/noticias\/wp-json\/wp\/v2\/types\/post"}],"author":[{"embeddable":true,"href":"https:\/\/lavozdehellin.com\/noticias\/wp-json\/wp\/v2\/users\/2"}],"replies":[{"embeddable":true,"href":"https:\/\/lavozdehellin.com\/noticias\/wp-json\/wp\/v2\/comments?post=149563"}],"version-history":[{"count":0,"href":"https:\/\/lavozdehellin.com\/noticias\/wp-json\/wp\/v2\/posts\/149563\/revisions"}],"wp:featuredmedia":[{"embeddable":true,"href":"https:\/\/lavozdehellin.com\/noticias\/wp-json\/wp\/v2\/media\/149564"}],"wp:attachment":[{"href":"https:\/\/lavozdehellin.com\/noticias\/wp-json\/wp\/v2\/media?parent=149563"}],"wp:term":[{"taxonomy":"category","embeddable":true,"href":"https:\/\/lavozdehellin.com\/noticias\/wp-json\/wp\/v2\/categories?post=149563"},{"taxonomy":"post_tag","embeddable":true,"href":"https:\/\/lavozdehellin.com\/noticias\/wp-json\/wp\/v2\/tags?post=149563"}],"curies":[{"name":"wp","href":"https:\/\/api.w.org\/{rel}","templated":true}]}}