{"id":149566,"date":"2024-04-03T09:20:58","date_gmt":"2024-04-03T08:20:58","guid":{"rendered":"https:\/\/lavozdehellin.com\/noticias\/?p=149566"},"modified":"2024-04-08T10:02:25","modified_gmt":"2024-04-08T09:02:25","slug":"v08-462-en-marcha-el-3o-maraton-de-narracion-oral-de-la-diputacion-de-albacete-que-ha-crecido-dando-el-salto-a-la-provincia","status":"publish","type":"post","link":"https:\/\/lavozdehellin.com\/noticias\/v08-462-en-marcha-el-3o-maraton-de-narracion-oral-de-la-diputacion-de-albacete-que-ha-crecido-dando-el-salto-a-la-provincia\/","title":{"rendered":"LVH NOTICIAS | EN MARCHA EL 3\u00ba MARAT\u00d3N DE NARRACI\u00d3N ORAL DE LA DIPUTACI\u00d3N DE ALBACETE QUE HA CRECIDO \u2018DANDO EL SALTO\u2019 A LA PROVINCIA"},"content":{"rendered":"<p style=\"text-align: justify;\">La Diputaci\u00f3n de Albacete avanza en su compromiso con la promoci\u00f3n de la lectura en el conjunto de la geograf\u00eda provincial y, en esta ocasi\u00f3n, lo hace de la mano de su 3\u00ba Marat\u00f3n de Narraci\u00f3n Oral.<\/p>\n<p><!--more--><br \/>\n<!--publicidad-voz01--><a href=\"https:\/\/www.facebook.com\/SoloRadioHellin\/?locale=es_ES\"><img decoding=\"async\" class=\"alignnone size-medium\" src=\"https:\/\/blogger.googleusercontent.com\/img\/b\/R29vZ2xl\/AVvXsEiNncirNnyGedv00mhjZjh5Wl4_YPdJGanoAl8tL8zH-HwqE8uHqjEfSt340RHdx-9tuCSIkZ8rFamZiGyYlgDGxCsmXjCH_1xk5eYM3ntFZRvJP_jndOKR7w1UAo9Tu0vrZyOLfqRpHIxYI5SymJJ-pfGCQw6QVpggBH-UgfjiFQ2JOxqxG0Jx94kW83c\/s1600\/logo-principal.jpg\" width=\"100%\" height=\"100\" \/><\/a><!--bestpublic-voz01--><!--desk-in-out-voz01--><br \/>\n<!--publicidad-voz02--><a href=\"https:\/\/www.hellincf.com\/\"><img decoding=\"async\" class=\"alignnone size-medium\" src=\"https:\/\/blogger.googleusercontent.com\/img\/b\/R29vZ2xl\/AVvXsEhuZ4-XfBVj3UtdP8-RZugy3WVrg-Zv28c53m4oV47qYCxL1rX_dqWX_YddsGSnpH5SRDqZ7bZeKPIfDVCDncpjVlhy3aQs2vojcJBn7Gdv9hC2_Nzct_pRFrnFE1a7KTCdY1bT_kAgnY3-iadRZrGeJf1fR2P5fu11bokx0pWjaypoy-ctwCjklldpEbA\/s1600\/logo-principal7.jpg\" width=\"100%\" height=\"100\" \/><\/a><!--bestpublic-voz02--><!--desk-in-out-voz02--><\/p>\n<p style=\"text-align: justify;\">Una cita que no deja de crecer y, tras dos a\u00f1os de \u00e9xitos con llenos absolutos, este 2024 incorpora una importante novedad: un Circuito Provincial, que se suma a las sesiones que en sus dos primeras ediciones han tenido lugar en la capital.<\/p>\n<p style=\"text-align: justify;\">As\u00ed, este Marat\u00f3n, que comenz\u00f3 el pasado 21 de marzo en La Roda y se extender\u00e1 hasta el 27 de abril, tiene la previsi\u00f3n de llegar a unas 2.000 personas entre p\u00fablico adulto e infantil a trav\u00e9s de 15 sesiones: 9 de ellas en diferentes puntos de la provincia, y las 6 restantes en el Sal\u00f3n de Actos de la Diputaci\u00f3n.<\/p>\n<p style=\"text-align: justify;\">Y contar\u00e1 con reconocidos narradores y narradoras nacionales como Pablo Albo, Alberto Sebasti\u00e1n, Virginia Imaz y Alicia Bulul\u00fa.<\/p>\n<p style=\"text-align: justify;\">De hecho, Pablo Albo, que ha recorrido el mundo narrando historias y ostenta prestigiosos reconocimientos internacionales (dos premios Lazarillo, la menci\u00f3n The White Ravens de Alemania en cinco ocasiones, el Junior Library Guild de Estados Unidos en una o la Fundaci\u00f3n Cuatro Gatos de Miami) est\u00e1 siendo la voz de las sesiones en la provincia, donde ya est\u00e1n disfrutando de sus \u2018Cuentos de cuando el mar volaba\u2019.<\/p>\n<p style=\"text-align: justify;\">En concreto, junto a las dos actuaciones que tuvieron lugar en La Roda hace unas semanas, se han organizado dos m\u00e1s este mi\u00e9rcoles, 3 de abril, en Caudete. Y el 4 de abril, en Agram\u00f3n, Nava de Campa\u00f1a e Isso contar\u00e1n tambi\u00e9n con una sesi\u00f3n en cada ubicaci\u00f3n, a las que se une una m\u00e1s en Villarrobledo el 16 de abril, y otra en Casas Ib\u00e1\u00f1ez el 17 del mismo mes.<\/p>\n<p style=\"text-align: justify;\">Por su parte, Alberto Sebasti\u00e1n, que se dedica a la narraci\u00f3n, al teatro y a la animaci\u00f3n de la lectura, y ha participado en m\u00e1s de una treinta de festivales y en cientos de sesiones desde que debut\u00f3 como narrador profesional en 1993, protagonizar\u00e1 la primera sesi\u00f3n en el Sal\u00f3n de Actos de la Diputaci\u00f3n. Ser\u00e1 el d\u00eda 11 de abril, donde escucharemos \u2018\u00a1Qu\u00e9 cosas pasan!\u2019 y \u2018Lindo Encarnado\u2019.<\/p>\n<p style=\"text-align: justify;\">Igualmente, Virginia Imaz, actriz, cuentacuentos y directora de escena espa\u00f1ola, fundadora del grupo de teatro Oihulari Klown y Premio Emakunde a la Igualdad 2017, dar\u00e1 vida a la sesi\u00f3n programada el d\u00eda 19 de abril tambi\u00e9n en la \u2018Casa Provincial\u2019. Esta profesional, que ha participado en m\u00e1s de 70 festivales de narraci\u00f3n oral en Espa\u00f1a, Portugal, Francia, B\u00e9lgica, El Salvador, M\u00e9xico, Colombia, Nicaragua y Argentina, acercar\u00e1 hasta Albacete \u2018Mi casa\u2019 y \u2018La domadora de sue\u00f1os\u2019.<\/p>\n<p style=\"text-align: justify;\">Finalmente, la narradora oral, actriz y titiritera, Alicia Bulul\u00fa, cerrar\u00e1 este 3\u00ba Marat\u00f3n de Narraci\u00f3n Oral el d\u00eda 27 de abril con \u2018Estaba una pastora\u2019 y \u2018Las ni\u00f1as perdidas\u2019. Fue nombrada narradora inaudita en la Marat\u00f3n de Cuentos de Guadalajara; Premio Educativo Vicente Ferrer (2018) con el proyecto de inclusi\u00f3n y educaci\u00f3n para el desarrollo, \u2018Las Felinas\u2019; Premio Fomento Lector en la edici\u00f3n 2023 de la Feria del Libro de Sevilla; y Premio Fundaci\u00f3n Cuatro Gatos por la publicaci\u00f3n de su libro \u2018Diario desayuno\u2019.<\/p>\n<p style=\"text-align: justify;\">Todas las narraciones son abiertas al p\u00fablico y aquellas que tendr\u00e1n lugar en el Sal\u00f3n de Actos de la Diputaci\u00f3n est\u00e1n programadas a las 18:00 y a las 19:00 horas entre semana, y el s\u00e1bado a las 11:30 y a las 12.30 horas, con un primer pase para p\u00fablico familiar y un segundo para adulto.<\/p>\n<p style=\"text-align: justify;\">Este a\u00f1o, el Circuito Provincial se ha planteado como una \u2018experiencia piloto\u2019 con el objetivo de valorar su acogida y ampliar su expansi\u00f3n en futuras ediciones, y ha contado con la colaboraci\u00f3n de las bibliotecas de las localidades implicadas, as\u00ed como de los Ayuntamientos.<\/p>\n<p style=\"text-align: justify;\">A trav\u00e9s de esta actividad se fomentan y dinamizan los h\u00e1bitos lectores, que pasa necesariamente por escuchar y conocer historias, y, al mismo tiempo, se acercan las propuestas culturales que organiza el Servicio Provincial de Educaci\u00f3n y Cultura a la ciudadan\u00eda de las diferentes localidades. Todo ello en l\u00ednea con el trabajo que viene realizando el Gobierno que preside Santi Caba\u00f1ero tambi\u00e9n en este \u00e1mbito, contribuyendo al desarrollo personal y cognitivo de la ciudadan\u00eda, que de la mano de la lectura crece m\u00e1s informada, m\u00e1s cr\u00edtica y m\u00e1s creativa.<\/p>\n<p><!--publicidad-voz03--><a href=\"https:\/\/www.facebook.com\/profile.php?id=100063593791305&amp;locale=es_ES\"><img decoding=\"async\" class=\"alignnone size-medium\" src=\"https:\/\/blogger.googleusercontent.com\/img\/b\/R29vZ2xl\/AVvXsEi8_n_ll8UOcGxCqzFvb_9Io4ICczlGC990BPtPj2w9Px-u7B3oqWUW5vtjZUqPNJ-nyjiUIorE0ATsib_l5tV8BVN-UJ03RTnU__IHJF_4DgDBtY4LIqXNG-FomrO-7ywes20CBCRM2Hcm7EJSh3UUw1dO-c_uTflUrtgY1i7uBRezj_DpympmEFkfbQY\/s1600\/logo-principal2.jpg\" width=\"100%\" height=\"100\" \/><\/a><!--bestpublic-voz03--><!--desk-in-out-voz03--><br \/>\n<!--publicidad-voz04--><a href=\"https:\/\/www.facebook.com\/profile.php?id=61557370768692&amp;locale=es_ES\"><img decoding=\"async\" class=\"alignnone size-medium\" src=\"https:\/\/blogger.googleusercontent.com\/img\/b\/R29vZ2xl\/AVvXsEgy5RdcfffrnrItnYTcV9bCJjgJwldsQLWssfVfrLbyfXeBNTFKgBf0rMIvhrUaGUhiXzVr9_eQgCbi-j63ZDpfTvLIty9w7s140y-m1yHe7eKmEK7v2NAHUJDVYGdfeiQFeRCqUjdwWmN1MX_AUxxz4IVdJ4WIM0APxit8bjWkXzrnEFGqBvW_1F13H1g\/s1600\/logo-principal5.jpg\" width=\"100%\" height=\"100\" \/><\/a><!--bestpublic-voz04--><!--desk-in-out-voz04--><br \/>\n<!--publicidad-voz05--><a href=\"https:\/\/www.facebook.com\/asociaciontamborileroshellin?locale=es_ES\"><img decoding=\"async\" class=\"alignnone size-medium\" src=\"https:\/\/blogger.googleusercontent.com\/img\/b\/R29vZ2xl\/AVvXsEhHEEpZsKK1VpwiYMrS7aE2ujtqIDZoLd4B5wtbiseSU9s2HdTdQfhF84So2XwEB1fv0BLw95GADm6hUl1bkKtzh-eIgVigXONuu_5RxeIMPhjk8q6uNX4EaEHbooKkbu7pCADWPpVJjhKIH5NQSJpWqedC-YBez4QAQeJYokkLot9bhrIaUAeztsGis6M\/s1600\/logo-principal3.jpg\" width=\"100%\" height=\"100\" \/><\/a><!--bestpublic-voz05--><!--desk-in-out-voz05--><br \/>\n<!--publicidad-voz06--><!--bestpublic-voz06--><!--desk-in-out-voz06--><br \/>\n<!--publicidad-voz07--><!--bestpublic-voz07--><!--desk-in-out-voz07--><br \/>\n<!--publicidad-voz08--><!--bestpublic-voz08--><!--desk-in-out-voz08--><br \/>\n<!--publicidad-voz09--><!--bestpublic-voz09--><!--desk-in-out-voz09--><br \/>\n<!--publicidad-voz10--><!--bestpublic-voz10--><!--desk-in-out-voz10--><br \/>\n<!--publicidad-voz11--><!--bestpublic-voz11--><!--desk-in-out-voz11--><br \/>\n<!--publicidad-voz12--><!--bestpublic-voz12--><!--desk-in-out-voz12--><br \/>\n<!--publicidad-voz13--><!--bestpublic-voz13--><!--desk-in-out-voz13--><br \/>\n<!--publicidad-voz14--><!--bestpublic-voz14--><!--desk-in-out-voz14--><br \/>\n<!--publicidad-voz15--><!--bestpublic-voz15--><!--desk-in-out-voz15--><br \/>\n<!--publicidad-voz16--><!--bestpublic-voz16--><!--desk-in-out-voz16--><\/p>\n","protected":false},"excerpt":{"rendered":"<p>La Diputaci\u00f3n de Albacete avanza en su compromiso con la promoci\u00f3n de la lectura en el conjunto de la geograf\u00eda provincial y, en esta ocasi\u00f3n, lo hace de la mano&#8230;<\/p>\n","protected":false},"author":2,"featured_media":149567,"comment_status":"closed","ping_status":"closed","sticky":false,"template":"","format":"standard","meta":{"footnotes":""},"categories":[753,718,715,716,717],"tags":[],"class_list":["post-149566","post","type-post","status-publish","format-standard","has-post-thumbnail","hentry","category-blog-lv034","category-blogger","category-la-voz-de-hellin","category-la-voz-de-hellin-la-voz-de-hellin","category-noticias"],"_links":{"self":[{"href":"https:\/\/lavozdehellin.com\/noticias\/wp-json\/wp\/v2\/posts\/149566","targetHints":{"allow":["GET"]}}],"collection":[{"href":"https:\/\/lavozdehellin.com\/noticias\/wp-json\/wp\/v2\/posts"}],"about":[{"href":"https:\/\/lavozdehellin.com\/noticias\/wp-json\/wp\/v2\/types\/post"}],"author":[{"embeddable":true,"href":"https:\/\/lavozdehellin.com\/noticias\/wp-json\/wp\/v2\/users\/2"}],"replies":[{"embeddable":true,"href":"https:\/\/lavozdehellin.com\/noticias\/wp-json\/wp\/v2\/comments?post=149566"}],"version-history":[{"count":0,"href":"https:\/\/lavozdehellin.com\/noticias\/wp-json\/wp\/v2\/posts\/149566\/revisions"}],"wp:featuredmedia":[{"embeddable":true,"href":"https:\/\/lavozdehellin.com\/noticias\/wp-json\/wp\/v2\/media\/149567"}],"wp:attachment":[{"href":"https:\/\/lavozdehellin.com\/noticias\/wp-json\/wp\/v2\/media?parent=149566"}],"wp:term":[{"taxonomy":"category","embeddable":true,"href":"https:\/\/lavozdehellin.com\/noticias\/wp-json\/wp\/v2\/categories?post=149566"},{"taxonomy":"post_tag","embeddable":true,"href":"https:\/\/lavozdehellin.com\/noticias\/wp-json\/wp\/v2\/tags?post=149566"}],"curies":[{"name":"wp","href":"https:\/\/api.w.org\/{rel}","templated":true}]}}