{"id":149569,"date":"2024-04-03T11:22:26","date_gmt":"2024-04-03T10:22:26","guid":{"rendered":"https:\/\/lavozdehellin.com\/noticias\/?p=149569"},"modified":"2024-04-08T10:02:25","modified_gmt":"2024-04-08T09:02:25","slug":"v08-463-la-diputacion-de-albacete-lanza-dos-nuevas-webs-y-ayudas-para-la-modernizacion-y-puesta-en-valor-de-los-archivos-municipales","status":"publish","type":"post","link":"https:\/\/lavozdehellin.com\/noticias\/v08-463-la-diputacion-de-albacete-lanza-dos-nuevas-webs-y-ayudas-para-la-modernizacion-y-puesta-en-valor-de-los-archivos-municipales\/","title":{"rendered":"LVH NOTICIAS | LA DIPUTACI\u00d3N DE ALBACETE LANZA DOS NUEVAS WEBS Y AYUDAS PARA LA MODERNIZACI\u00d3N Y PUESTA EN VALOR DE LOS ARCHIVOS MUNICIPALES"},"content":{"rendered":"<p style=\"text-align: justify;\">El Gobierno de la Diputaci\u00f3n de Albacete sigue dando pasos dentro del Plan Estrat\u00e9gico puesto en marcha para la modernizaci\u00f3n y puesta en valor de los Archivos Municipales.<\/p>\n<p><!--more--><br \/>\n<!--publicidad-voz01--><a href=\"https:\/\/www.facebook.com\/SoloRadioHellin\/?locale=es_ES\"><img decoding=\"async\" class=\"alignnone size-medium\" src=\"https:\/\/blogger.googleusercontent.com\/img\/b\/R29vZ2xl\/AVvXsEiNncirNnyGedv00mhjZjh5Wl4_YPdJGanoAl8tL8zH-HwqE8uHqjEfSt340RHdx-9tuCSIkZ8rFamZiGyYlgDGxCsmXjCH_1xk5eYM3ntFZRvJP_jndOKR7w1UAo9Tu0vrZyOLfqRpHIxYI5SymJJ-pfGCQw6QVpggBH-UgfjiFQ2JOxqxG0Jx94kW83c\/s1600\/logo-principal.jpg\" width=\"100%\" height=\"100\" \/><\/a><!--bestpublic-voz01--><!--desk-in-out-voz01--><br \/>\n<!--publicidad-voz02--><a href=\"https:\/\/www.hellincf.com\/\"><img decoding=\"async\" class=\"alignnone size-medium\" src=\"https:\/\/blogger.googleusercontent.com\/img\/b\/R29vZ2xl\/AVvXsEhuZ4-XfBVj3UtdP8-RZugy3WVrg-Zv28c53m4oV47qYCxL1rX_dqWX_YddsGSnpH5SRDqZ7bZeKPIfDVCDncpjVlhy3aQs2vojcJBn7Gdv9hC2_Nzct_pRFrnFE1a7KTCdY1bT_kAgnY3-iadRZrGeJf1fR2P5fu11bokx0pWjaypoy-ctwCjklldpEbA\/s1600\/logo-principal7.jpg\" width=\"100%\" height=\"100\" \/><\/a><!--bestpublic-voz02--><!--desk-in-out-voz02--><\/p>\n<p style=\"text-align: justify;\">Este plan, que se enmarca dentro de los grandes compromisos adquiridos por el Gobierno de Santi Caba\u00f1ero al inicio del presente Mandato, se ve ahora reforzado con la creaci\u00f3n de dos p\u00e1ginas web as\u00ed como con la apertura de convocatorias de ayudas econ\u00f3micas (una inminente y, la otra, disponible antes del verano) destinadas a los ayuntamientos de la provincia.<\/p>\n<p style=\"text-align: justify;\">Tal y como ha contextualizado el presidente, el Pleno de la Diputaci\u00f3n aprob\u00f3 en su d\u00eda el convenio-tipo a disposici\u00f3n de los ayuntamientos de la provincia destinado, fundamentalmente, a facilitarles tres acciones clave: la digitalizaci\u00f3n de los fondos con valor (cultural, hist\u00f3rico, cient\u00edfico y, en general, para la sociedad) que se alojen en sus archivos municipales; la organizaci\u00f3n de esos fondos, para su conservaci\u00f3n, identificaci\u00f3n y acceso; y la puesta a disposici\u00f3n de los documentos digitalizados en los dos portales web que Servicio de Archivo y Documentaci\u00f3n ha venido preparando desde el pasado verano.<\/p>\n<p style=\"text-align: justify;\">As\u00ed lo ha detallado durante la rueda de prensa en la que, junto al jefe del citado Servicio, Alejandro Garc\u00eda, los y las periodistas han podido conocer \u2018en vivo\u2019 todos los detalles de sendas webs.<\/p>\n<p style=\"text-align: justify;\">Innovaci\u00f3n digital al servicio de la gesti\u00f3n documental mediante dos nuevas web<\/p>\n<p style=\"text-align: justify;\">La primera de las plataformas es el Portal de Archivos Municipales de la Provincia de Albacete, un cat\u00e1logo colectivo que ya cuenta con documentaci\u00f3n organizada y descrita, tanto a nivel municipal como provincial, permitiendo a los ayuntamientos esa organizaci\u00f3n y digitalizaci\u00f3n de sus fondos documentales, aumentando as\u00ed su accesibilidad y difusi\u00f3n.<\/p>\n<p style=\"text-align: justify;\">Como han concretado, el portal est\u00e1 plenamente integrado en el recolector Hispana y en proceso de incorporarse al recolector Europeana, lo que ampl\u00eda su visibilidad a nivel internacional. En esta web est\u00e1n ya disponibles los documentos administrativos de Alatoz, Fuensanta, Carcel\u00e9n, Pe\u00f1ascosa y Munera as\u00ed como los documentos hist\u00f3ricos de Alcaraz.<\/p>\n<p style=\"text-align: justify;\">Adem\u00e1s, en este a\u00f1o se ha firmado ya convenio con los ayuntamientos de Lezuza y Paterna del Madera, para organizar el archivo y subir sus recursos a la web y actualmente se est\u00e1 tramitando la firma del acuerdo con el consistorio de Nerpio, esperando ampliar a m\u00e1s a lo largo de 2024.<\/p>\n<p style=\"text-align: justify;\">La segunda plataforma impulsada es una web 360\u00ba que ofrece una experiencia inmersiva a los usuarios, permitiendo un primer acercamiento visual y detallado a los archivos de la provincia a trav\u00e9s de visitas virtuales. Este a\u00f1o se espera aumentar la cantidad de archivos municipales disponibles en esta plataforma, comenzando con 15 ya accesibles.<\/p>\n<p style=\"text-align: justify;\">Se llega a ambas a trav\u00e9s del enlace: https:\/\/web.dipualba.es\/archivo\/<\/p>\n<p style=\"text-align: justify;\">Apoyo a la modernizaci\u00f3n de archivos: Convocatorias de Ayudas<\/p>\n<p style=\"text-align: justify;\">Adem\u00e1s, dentro de ese compromiso del Gobierno Provincial con la modernizaci\u00f3n y organizaci\u00f3n de los archivos municipales, Santi Caba\u00f1ero ha anunciado dos convocatorias de ayudas. Una primera, disponible desde este jueves 4 de abril y hasta el pr\u00f3ximo 3 de mayo, dotada con 25.000 euros destinados al equipamiento material de los Archivos Municipales. Los Ayuntamientos interesados en solicitarlas, pueden hacerlo dentro de ese plazo v\u00eda sede electr\u00f3nica, en el apartado \u2018Subvenciones\u2019 de la p\u00e1gina web de la Diputaci\u00f3n de Albacete (www.dipualba.es).<\/p>\n<p style=\"text-align: justify;\">Adem\u00e1s, habr\u00e1 una segunda l\u00ednea de Ayudas, prevista para antes del verano, que contar\u00e1 con una dotaci\u00f3n de 75.000 euros para facilitar a los consistorios la contrataci\u00f3n de servicios especializados en la organizaci\u00f3n de sus archivos, ya sea con personal propio o externo.<\/p>\n<p style=\"text-align: justify;\">Puesta en valor del patrimonio documental<\/p>\n<p style=\"text-align: justify;\">Esas ayudas se enmarcan dentro de un esfuerzo m\u00e1s amplio que incluye una Auditor\u00eda de Archivos de la provincia con el objetivo de lograr un escenario de archivos municipales modernos y bien organizados para 2026.<\/p>\n<p style=\"text-align: justify;\">Tambi\u00e9n se suman a la formaci\u00f3n que se viene facilitando tanto al personal administrativo como t\u00e9cnico de los ayuntamientos; algo para lo que ser\u00e1 muy importante la afiliaci\u00f3n de la Diputaci\u00f3n de Albacete al Consejo Internacional de Archivos, en su Rama de Archivos Municipales, y en la Secci\u00f3n Europa. Esto, que se va a aprobar en el Pleno de este jueves, 4 de abril, va a beneficiar a los archivos municipales de la provincia en el sentido de que proporcionar\u00e1 talleres, cursos, documentaci\u00f3n, etc., que se pueden usar estando la Diputaci\u00f3n como intermediaria.<\/p>\n<p style=\"text-align: justify;\">Igualmente, se sigue avanzando en la organizaci\u00f3n y celebraci\u00f3n de actividades de difusi\u00f3n social que est\u00e1n ayudando a visibilizar a los archivos municipales; y adquisici\u00f3n de tecnolog\u00eda avanzada (concretamente, de un esc\u00e1ner profesional) que est\u00e1 permitiendo la paulatina digitalizaci\u00f3n de los fondos municipales con valor cultural.<\/p>\n<p style=\"text-align: justify;\">Todo ello, reafirmando el compromiso del Gobierno de Caba\u00f1ero con la conservaci\u00f3n y puesta en valor del patrimonio documental de la provincia buscando, adem\u00e1s de avanzar en la digitalizaci\u00f3n y organizaci\u00f3n de los archivos municipales, promover su accesibilidad y comprensi\u00f3n por parte de la ciudadan\u00eda.<\/p>\n<p style=\"text-align: justify;\">Un esfuerzo conjunto que, ha recordado, no s\u00f3lo beneficia a los municipios de menor tama\u00f1o, d\u00e1ndoles a sus archivos visibilidad y accesibilidad, sino que tambi\u00e9n encamina a la provincia de Albacete hacia la vanguardia en la gesti\u00f3n y modernizaci\u00f3n de su patrimonio documental.<\/p>\n<p><!--publicidad-voz03--><a href=\"https:\/\/www.facebook.com\/profile.php?id=100063593791305&amp;locale=es_ES\"><img decoding=\"async\" class=\"alignnone size-medium\" src=\"https:\/\/blogger.googleusercontent.com\/img\/b\/R29vZ2xl\/AVvXsEi8_n_ll8UOcGxCqzFvb_9Io4ICczlGC990BPtPj2w9Px-u7B3oqWUW5vtjZUqPNJ-nyjiUIorE0ATsib_l5tV8BVN-UJ03RTnU__IHJF_4DgDBtY4LIqXNG-FomrO-7ywes20CBCRM2Hcm7EJSh3UUw1dO-c_uTflUrtgY1i7uBRezj_DpympmEFkfbQY\/s1600\/logo-principal2.jpg\" width=\"100%\" height=\"100\" \/><\/a><!--bestpublic-voz03--><!--desk-in-out-voz03--><br \/>\n<!--publicidad-voz04--><a href=\"https:\/\/www.facebook.com\/profile.php?id=61557370768692&amp;locale=es_ES\"><img decoding=\"async\" class=\"alignnone size-medium\" src=\"https:\/\/blogger.googleusercontent.com\/img\/b\/R29vZ2xl\/AVvXsEgy5RdcfffrnrItnYTcV9bCJjgJwldsQLWssfVfrLbyfXeBNTFKgBf0rMIvhrUaGUhiXzVr9_eQgCbi-j63ZDpfTvLIty9w7s140y-m1yHe7eKmEK7v2NAHUJDVYGdfeiQFeRCqUjdwWmN1MX_AUxxz4IVdJ4WIM0APxit8bjWkXzrnEFGqBvW_1F13H1g\/s1600\/logo-principal5.jpg\" width=\"100%\" height=\"100\" \/><\/a><!--bestpublic-voz04--><!--desk-in-out-voz04--><br \/>\n<!--publicidad-voz05--><a href=\"https:\/\/www.facebook.com\/asociaciontamborileroshellin?locale=es_ES\"><img decoding=\"async\" class=\"alignnone size-medium\" src=\"https:\/\/blogger.googleusercontent.com\/img\/b\/R29vZ2xl\/AVvXsEhHEEpZsKK1VpwiYMrS7aE2ujtqIDZoLd4B5wtbiseSU9s2HdTdQfhF84So2XwEB1fv0BLw95GADm6hUl1bkKtzh-eIgVigXONuu_5RxeIMPhjk8q6uNX4EaEHbooKkbu7pCADWPpVJjhKIH5NQSJpWqedC-YBez4QAQeJYokkLot9bhrIaUAeztsGis6M\/s1600\/logo-principal3.jpg\" width=\"100%\" height=\"100\" \/><\/a><!--bestpublic-voz05--><!--desk-in-out-voz05--><br \/>\n<!--publicidad-voz06--><!--bestpublic-voz06--><!--desk-in-out-voz06--><br \/>\n<!--publicidad-voz07--><!--bestpublic-voz07--><!--desk-in-out-voz07--><br \/>\n<!--publicidad-voz08--><!--bestpublic-voz08--><!--desk-in-out-voz08--><br \/>\n<!--publicidad-voz09--><!--bestpublic-voz09--><!--desk-in-out-voz09--><br \/>\n<!--publicidad-voz10--><!--bestpublic-voz10--><!--desk-in-out-voz10--><br \/>\n<!--publicidad-voz11--><!--bestpublic-voz11--><!--desk-in-out-voz11--><br \/>\n<!--publicidad-voz12--><!--bestpublic-voz12--><!--desk-in-out-voz12--><br \/>\n<!--publicidad-voz13--><!--bestpublic-voz13--><!--desk-in-out-voz13--><br \/>\n<!--publicidad-voz14--><!--bestpublic-voz14--><!--desk-in-out-voz14--><br \/>\n<!--publicidad-voz15--><!--bestpublic-voz15--><!--desk-in-out-voz15--><br \/>\n<!--publicidad-voz16--><!--bestpublic-voz16--><!--desk-in-out-voz16--><\/p>\n","protected":false},"excerpt":{"rendered":"<p>El Gobierno de la Diputaci\u00f3n de Albacete sigue dando pasos dentro del Plan Estrat\u00e9gico puesto en marcha para la modernizaci\u00f3n y puesta en valor de los Archivos Municipales.<\/p>\n","protected":false},"author":2,"featured_media":149570,"comment_status":"closed","ping_status":"closed","sticky":false,"template":"","format":"standard","meta":{"footnotes":""},"categories":[753,718,715,716,717],"tags":[],"class_list":["post-149569","post","type-post","status-publish","format-standard","has-post-thumbnail","hentry","category-blog-lv034","category-blogger","category-la-voz-de-hellin","category-la-voz-de-hellin-la-voz-de-hellin","category-noticias"],"_links":{"self":[{"href":"https:\/\/lavozdehellin.com\/noticias\/wp-json\/wp\/v2\/posts\/149569","targetHints":{"allow":["GET"]}}],"collection":[{"href":"https:\/\/lavozdehellin.com\/noticias\/wp-json\/wp\/v2\/posts"}],"about":[{"href":"https:\/\/lavozdehellin.com\/noticias\/wp-json\/wp\/v2\/types\/post"}],"author":[{"embeddable":true,"href":"https:\/\/lavozdehellin.com\/noticias\/wp-json\/wp\/v2\/users\/2"}],"replies":[{"embeddable":true,"href":"https:\/\/lavozdehellin.com\/noticias\/wp-json\/wp\/v2\/comments?post=149569"}],"version-history":[{"count":0,"href":"https:\/\/lavozdehellin.com\/noticias\/wp-json\/wp\/v2\/posts\/149569\/revisions"}],"wp:featuredmedia":[{"embeddable":true,"href":"https:\/\/lavozdehellin.com\/noticias\/wp-json\/wp\/v2\/media\/149570"}],"wp:attachment":[{"href":"https:\/\/lavozdehellin.com\/noticias\/wp-json\/wp\/v2\/media?parent=149569"}],"wp:term":[{"taxonomy":"category","embeddable":true,"href":"https:\/\/lavozdehellin.com\/noticias\/wp-json\/wp\/v2\/categories?post=149569"},{"taxonomy":"post_tag","embeddable":true,"href":"https:\/\/lavozdehellin.com\/noticias\/wp-json\/wp\/v2\/tags?post=149569"}],"curies":[{"name":"wp","href":"https:\/\/api.w.org\/{rel}","templated":true}]}}