{"id":149572,"date":"2024-04-03T18:31:11","date_gmt":"2024-04-03T17:31:11","guid":{"rendered":"https:\/\/lavozdehellin.com\/noticias\/?p=149572"},"modified":"2024-04-08T10:02:25","modified_gmt":"2024-04-08T09:02:25","slug":"v08-464-la-alqueria-andalusi-de-la-graja-en-higueruela-despierta-el-interes-en-un-seminario-de-arqueologia-celebrado-en-la-universidad-autonoma-de-barcelona","status":"publish","type":"post","link":"https:\/\/lavozdehellin.com\/noticias\/v08-464-la-alqueria-andalusi-de-la-graja-en-higueruela-despierta-el-interes-en-un-seminario-de-arqueologia-celebrado-en-la-universidad-autonoma-de-barcelona\/","title":{"rendered":"LVH NOTICIAS | LA ALQUER\u00cdA ANDALUS\u00cd DE LA GRAJA EN HIGUERUELA DESPIERTA EL INTER\u00c9S EN UN SEMINARIO DE ARQUEOLOG\u00cdA CELEBRADO EN LA UNIVERSIDAD AUT\u00d3NOMA DE BARCELONA"},"content":{"rendered":"<p style=\"text-align: justify;\">El proyecto arqueol\u00f3gico de la Alquer\u00eda Andalus\u00ed de La Graja en Higueruela ha cobrado protagonismo en un seminario de historia y arqueolog\u00eda celebrado en Barcelona, en torno a los espacios dom\u00e9sticos y su configuraci\u00f3n en las zonas rurales de Al-Andalus, abordando un campo de estudio que permite explorar las din\u00e1micas de vida cotidiana, la organizaci\u00f3n social y la arquitectura de los asentamientos campesinos.<\/p>\n<p><!--more--><br \/>\n<!--publicidad-voz01--><a href=\"https:\/\/www.facebook.com\/SoloRadioHellin\/?locale=es_ES\"><img decoding=\"async\" class=\"alignnone size-medium\" src=\"https:\/\/blogger.googleusercontent.com\/img\/b\/R29vZ2xl\/AVvXsEiNncirNnyGedv00mhjZjh5Wl4_YPdJGanoAl8tL8zH-HwqE8uHqjEfSt340RHdx-9tuCSIkZ8rFamZiGyYlgDGxCsmXjCH_1xk5eYM3ntFZRvJP_jndOKR7w1UAo9Tu0vrZyOLfqRpHIxYI5SymJJ-pfGCQw6QVpggBH-UgfjiFQ2JOxqxG0Jx94kW83c\/s1600\/logo-principal.jpg\" width=\"100%\" height=\"100\" \/><\/a><!--bestpublic-voz01--><!--desk-in-out-voz01--><br \/>\n<!--publicidad-voz02--><a href=\"https:\/\/www.hellincf.com\/\"><img decoding=\"async\" class=\"alignnone size-medium\" src=\"https:\/\/blogger.googleusercontent.com\/img\/b\/R29vZ2xl\/AVvXsEhuZ4-XfBVj3UtdP8-RZugy3WVrg-Zv28c53m4oV47qYCxL1rX_dqWX_YddsGSnpH5SRDqZ7bZeKPIfDVCDncpjVlhy3aQs2vojcJBn7Gdv9hC2_Nzct_pRFrnFE1a7KTCdY1bT_kAgnY3-iadRZrGeJf1fR2P5fu11bokx0pWjaypoy-ctwCjklldpEbA\/s1600\/logo-principal7.jpg\" width=\"100%\" height=\"100\" \/><\/a><!--bestpublic-voz02--><!--desk-in-out-voz02--><\/p>\n<p style=\"text-align: justify;\">Una importante cita para la provincia de Albacete que ha contado con la presencia del vicepresidente de la Diputaci\u00f3n, Fran Valera, quien se ha desplazado hasta la ciudad condal para visibilizar el apoyo y el respaldo de la instituci\u00f3n albacetense a este yacimiento, cuyos hallazgos y su relevancia hist\u00f3rica se ha puesto de manifiesto a m\u00e1s de 500 km de su ubicaci\u00f3n.<\/p>\n<p style=\"text-align: justify;\">La Facultad de Filosof\u00eda y Letras de la Universidad Aut\u00f3noma de Barcelona ha acogido esta cita en el marco el XI Seminari Miquel Barcel\u00f3, organizado por el Grup de Recerca Arqueologia Agr\u00e1ria de l`Edtar Mitjana (ARAEM) de la propia Universidad. Y bajo el t\u00edtulo \u2018Espacio dom\u00e9stico de las comunidades campesinas en el secano manchego (siglo XI): aspectos econ\u00f3micos y sociales\u2019 se ha sucedido la conferencia en torno a esta alquer\u00eda, en la que se han abordado las particularidades de estos asentamientos ligados al secano y a la ganader\u00eda.<\/p>\n<p style=\"text-align: justify;\">Durante la ponencia, Pedro Jim\u00e9nez (Escuela Estudios \u00c1rabes- CSIC) y Jos\u00e9 Mar\u00eda Moreno-Narganes (Universidad de Alicante), codirectores de la excavaci\u00f3n junto a Jos\u00e9 Luis Sim\u00f3n (Instituto de Estudios Albacetenses \u2018Don Juan Manuel\u2019), a quienes Valera ha tenido la oportunidad de felicitar personalmente, han dado a conocer los principales resultados obtenidos en las distintas campa\u00f1as que se han realizado en este yacimiento arqueol\u00f3gico desde 2020, sumando desde el primer momento el apoyo y el respaldo econ\u00f3mico de la Diputaci\u00f3n de Albacete, a trav\u00e9s de su Instituto de Estudios Albacetenses. Un apoyo que se reeditar\u00e1 en la campa\u00f1a de 2024, tal y como ha apuntado el vicepresidente provincial, y que suma hasta 2023 en torno a 55.000 \u20ac de colaboraci\u00f3n econ\u00f3mica.<\/p>\n<p style=\"text-align: justify;\">En solo cuatro a\u00f1os de trabajo, los hallazgos encontrados en este enclave lo han situado en el centro del debate medieval nacional, con art\u00edculos cient\u00edficos publicados e, incluso, se ha presentado el proyecto en el Museo Arqueol\u00f3gico Nacional. Todo un hito para una \u2018joven\u2019 excavaci\u00f3n.<\/p>\n<p style=\"text-align: justify;\">As\u00ed, los arque\u00f3logos de La Graja hicieron historia en 2021 al descubrir la primera mezquita de Albacete y la primera de tipo rural en Castilla-La Mancha y, s\u00f3lo dos a\u00f1os despu\u00e9s, en 2023, el hallazgo de un ejemplar completo de oveja, datado entre los a\u00f1os 1025 y el a\u00f1o 1050 d.C. (siglo XI) seg\u00fan an\u00e1lisis de Carbono 14, resalt\u00f3 la importancia econ\u00f3mica de la ganader\u00eda en la \u00e9poca, planteando interrogantes sobre el origen de las razas aut\u00f3ctonas que, eventualmente, dar\u00edan lugar al famoso queso manchego.<\/p>\n<p style=\"text-align: justify;\">Campa\u00f1a a campa\u00f1a, esta Alquer\u00eda Andalus\u00ed se ha convertido en un referente nacional para comprender la vida en las tierras secas de Al-\u00c1ndalus y el surgimiento del paisaje humano en La Mancha. Este descubrimiento, \u00fanico en el panorama ib\u00e9rico de las alquer\u00edas, proporciona evidencias directas sobre c\u00f3mo viv\u00edan las clases m\u00e1s humildes de esta \u00e9poca. Un \u00e9xito que Valera atribuye a tres pilares fundamentales: el conocimiento y rigor cient\u00edfico de los profesionales, el apoyo financiero de las administraciones y la contribuci\u00f3n de los voluntarios y la comunidad local, aludiendo siempre al potencial de este proyecto para proyectar la identidad cultural de Higueruela y el turismo local.<\/p>\n<p style=\"text-align: justify;\">En la actualidad, sus investigadores trabajan para definir la estructura urbana de la alquer\u00eda, habiendo localizado ya m\u00e1s de 30 viviendas, silos, corrales, calles y las puertas de acceso al poblado. As\u00ed, tras la \u00faltima campa\u00f1a, adem\u00e1s de en consolidar la mezquita, los arque\u00f3logos se concentran en identificar los rasgos principales de un edificio que podr\u00eda ser de suma importancia dentro de la alquer\u00eda: la casa del al-Mud\u00ed (que vendr\u00eda a ser el jefe de o patriarca de la comunidad).<\/p>\n<p style=\"text-align: justify;\">Un seminario muy importante<\/p>\n<p style=\"text-align: justify;\">Los seminarios de historia y arqueolog\u00eda medieval \u2018Miquel Barcel\u00f3\u2019 constituyen un punto de encuentro esencial para la comunidad acad\u00e9mica interesada en profundizar sus conocimientos en torno a esta materia, centr\u00e1ndose de forma especial en las din\u00e1micas de los campesinados medievales y los \u00f3rdenes pol\u00edticos establecidos en las diferentes sociedades, lo que revela la complejidad y la riqueza de esta \u00e9poca hist\u00f3rica.<\/p>\n<p style=\"text-align: justify;\">Durante estas citas anuales se dan a conocer investigaciones en curso, convirti\u00e9ndose en centro de debate sobre cuestiones relevantes en este campo. De hecho, en esta edici\u00f3n ha participado tambi\u00e9n investigadores de la Universidad de Zaragoza, Granada y contar\u00e1 con participantes de Lisboa o Boston.<\/p>\n<p><!--publicidad-voz03--><a href=\"https:\/\/www.facebook.com\/profile.php?id=100063593791305&amp;locale=es_ES\"><img decoding=\"async\" class=\"alignnone size-medium\" src=\"https:\/\/blogger.googleusercontent.com\/img\/b\/R29vZ2xl\/AVvXsEi8_n_ll8UOcGxCqzFvb_9Io4ICczlGC990BPtPj2w9Px-u7B3oqWUW5vtjZUqPNJ-nyjiUIorE0ATsib_l5tV8BVN-UJ03RTnU__IHJF_4DgDBtY4LIqXNG-FomrO-7ywes20CBCRM2Hcm7EJSh3UUw1dO-c_uTflUrtgY1i7uBRezj_DpympmEFkfbQY\/s1600\/logo-principal2.jpg\" width=\"100%\" height=\"100\" \/><\/a><!--bestpublic-voz03--><!--desk-in-out-voz03--><br \/>\n<!--publicidad-voz04--><a href=\"https:\/\/www.facebook.com\/profile.php?id=61557370768692&amp;locale=es_ES\"><img decoding=\"async\" class=\"alignnone size-medium\" src=\"https:\/\/blogger.googleusercontent.com\/img\/b\/R29vZ2xl\/AVvXsEgy5RdcfffrnrItnYTcV9bCJjgJwldsQLWssfVfrLbyfXeBNTFKgBf0rMIvhrUaGUhiXzVr9_eQgCbi-j63ZDpfTvLIty9w7s140y-m1yHe7eKmEK7v2NAHUJDVYGdfeiQFeRCqUjdwWmN1MX_AUxxz4IVdJ4WIM0APxit8bjWkXzrnEFGqBvW_1F13H1g\/s1600\/logo-principal5.jpg\" width=\"100%\" height=\"100\" \/><\/a><!--bestpublic-voz04--><!--desk-in-out-voz04--><br \/>\n<!--publicidad-voz05--><a href=\"https:\/\/www.facebook.com\/asociaciontamborileroshellin?locale=es_ES\"><img decoding=\"async\" class=\"alignnone size-medium\" src=\"https:\/\/blogger.googleusercontent.com\/img\/b\/R29vZ2xl\/AVvXsEhHEEpZsKK1VpwiYMrS7aE2ujtqIDZoLd4B5wtbiseSU9s2HdTdQfhF84So2XwEB1fv0BLw95GADm6hUl1bkKtzh-eIgVigXONuu_5RxeIMPhjk8q6uNX4EaEHbooKkbu7pCADWPpVJjhKIH5NQSJpWqedC-YBez4QAQeJYokkLot9bhrIaUAeztsGis6M\/s1600\/logo-principal3.jpg\" width=\"100%\" height=\"100\" \/><\/a><!--bestpublic-voz05--><!--desk-in-out-voz05--><br \/>\n<!--publicidad-voz06--><!--bestpublic-voz06--><!--desk-in-out-voz06--><br \/>\n<!--publicidad-voz07--><!--bestpublic-voz07--><!--desk-in-out-voz07--><br \/>\n<!--publicidad-voz08--><!--bestpublic-voz08--><!--desk-in-out-voz08--><br \/>\n<!--publicidad-voz09--><!--bestpublic-voz09--><!--desk-in-out-voz09--><br \/>\n<!--publicidad-voz10--><!--bestpublic-voz10--><!--desk-in-out-voz10--><br \/>\n<!--publicidad-voz11--><!--bestpublic-voz11--><!--desk-in-out-voz11--><br \/>\n<!--publicidad-voz12--><!--bestpublic-voz12--><!--desk-in-out-voz12--><br \/>\n<!--publicidad-voz13--><!--bestpublic-voz13--><!--desk-in-out-voz13--><br \/>\n<!--publicidad-voz14--><!--bestpublic-voz14--><!--desk-in-out-voz14--><br \/>\n<!--publicidad-voz15--><!--bestpublic-voz15--><!--desk-in-out-voz15--><br \/>\n<!--publicidad-voz16--><!--bestpublic-voz16--><!--desk-in-out-voz16--><\/p>\n","protected":false},"excerpt":{"rendered":"<p>El proyecto arqueol\u00f3gico de la Alquer\u00eda Andalus\u00ed de La Graja en Higueruela ha cobrado protagonismo en un seminario de historia y arqueolog\u00eda celebrado en Barcelona, en torno a los espacios&#8230;<\/p>\n","protected":false},"author":2,"featured_media":149573,"comment_status":"closed","ping_status":"closed","sticky":false,"template":"","format":"standard","meta":{"footnotes":""},"categories":[753,718,715,716,717],"tags":[],"class_list":["post-149572","post","type-post","status-publish","format-standard","has-post-thumbnail","hentry","category-blog-lv034","category-blogger","category-la-voz-de-hellin","category-la-voz-de-hellin-la-voz-de-hellin","category-noticias"],"_links":{"self":[{"href":"https:\/\/lavozdehellin.com\/noticias\/wp-json\/wp\/v2\/posts\/149572","targetHints":{"allow":["GET"]}}],"collection":[{"href":"https:\/\/lavozdehellin.com\/noticias\/wp-json\/wp\/v2\/posts"}],"about":[{"href":"https:\/\/lavozdehellin.com\/noticias\/wp-json\/wp\/v2\/types\/post"}],"author":[{"embeddable":true,"href":"https:\/\/lavozdehellin.com\/noticias\/wp-json\/wp\/v2\/users\/2"}],"replies":[{"embeddable":true,"href":"https:\/\/lavozdehellin.com\/noticias\/wp-json\/wp\/v2\/comments?post=149572"}],"version-history":[{"count":0,"href":"https:\/\/lavozdehellin.com\/noticias\/wp-json\/wp\/v2\/posts\/149572\/revisions"}],"wp:featuredmedia":[{"embeddable":true,"href":"https:\/\/lavozdehellin.com\/noticias\/wp-json\/wp\/v2\/media\/149573"}],"wp:attachment":[{"href":"https:\/\/lavozdehellin.com\/noticias\/wp-json\/wp\/v2\/media?parent=149572"}],"wp:term":[{"taxonomy":"category","embeddable":true,"href":"https:\/\/lavozdehellin.com\/noticias\/wp-json\/wp\/v2\/categories?post=149572"},{"taxonomy":"post_tag","embeddable":true,"href":"https:\/\/lavozdehellin.com\/noticias\/wp-json\/wp\/v2\/tags?post=149572"}],"curies":[{"name":"wp","href":"https:\/\/api.w.org\/{rel}","templated":true}]}}